 {"id":154617,"date":"2023-11-26T10:49:53","date_gmt":"2023-11-26T10:49:53","guid":{"rendered":"https:\/\/visittartu.com\/10-iemesli-tartu-apciemosanai\/"},"modified":"2025-11-20T19:09:17","modified_gmt":"2025-11-20T19:09:17","slug":"10-iemesli-tartu-apciemosanai","status":"publish","type":"post","link":"https:\/\/visittartu.com\/lv\/10-iemesli-tartu-apciemosanai\/","title":{"rendered":"10 iemesli Tartu apciemo\u0161anai"},"content":{"rendered":"\t\t<div data-elementor-type=\"wp-post\" data-elementor-id=\"154617\" class=\"elementor elementor-154617 elementor-83389\" data-elementor-post-type=\"post\">\n\t\t\t\t<div class=\"elementor-element elementor-element-6e41bc5 e-flex e-con-boxed e-con e-parent\" data-id=\"6e41bc5\" data-element_type=\"container\">\n\t\t\t\t\t<div class=\"e-con-inner\">\n\t\t\t\t<div class=\"elementor-element elementor-element-3374bab elementor-widget elementor-widget-heading\" data-id=\"3374bab\" data-element_type=\"widget\" data-widget_type=\"heading.default\">\n\t\t\t\t<div class=\"elementor-widget-container\">\n\t\t\t\t\t<h2 class=\"elementor-heading-title elementor-size-default\">Tartu piem\u012bt lielpils\u0113tas gars, bet vienlaikus t\u0101 ir m\u0101j\u012bgi maza un kompakta.<\/h2>\t\t\t\t<\/div>\n\t\t\t\t<\/div>\n\t\t\t\t<div class=\"elementor-element elementor-element-2c5d575 elementor-widget elementor-widget-text-editor\" data-id=\"2c5d575\" data-element_type=\"widget\" data-widget_type=\"text-editor.default\">\n\t\t\t\t<div class=\"elementor-widget-container\">\n\t\t\t\t\t\t\t\t\t<p>\u0160eit ikviens atrad\u012bs kaut ko sev! Esam izc\u0113lu\u0161i galvenos iemeslus, kas padara Tartu \u012bpa\u0161u. Lai pat\u012bkami atkl\u0101jumi!<\/p>\n\t\t\t\t\t\t\t\t<\/div>\n\t\t\t\t<\/div>\n\t\t\t\t<div class=\"elementor-element elementor-element-526423d elementor-widget elementor-widget-video\" data-id=\"526423d\" data-element_type=\"widget\" data-settings=\"{&quot;youtube_url&quot;:&quot;https:\\\/\\\/www.youtube.com\\\/watch?v=Riih9KQqfJY&amp;list=PLFbkyUharsg3NtY_lPTGhVtUYilezujjv&amp;ab_channel=Tartulinn&quot;,&quot;show_image_overlay&quot;:&quot;yes&quot;,&quot;image_overlay&quot;:{&quot;url&quot;:&quot;https:\\\/\\\/visittartu.com\\\/wp-content\\\/uploads\\\/2024\\\/02\\\/2M6A6133_Peeter-Paaver-17_0.jpg&quot;,&quot;id&quot;:91205,&quot;size&quot;:&quot;&quot;,&quot;alt&quot;:&quot;Tartu raekoja plats&quot;,&quot;source&quot;:&quot;library&quot;},&quot;video_type&quot;:&quot;youtube&quot;,&quot;controls&quot;:&quot;yes&quot;}\" data-widget_type=\"video.default\">\n\t\t\t\t<div class=\"elementor-widget-container\">\n\t\t\t\t\t\t\t<div class=\"elementor-wrapper elementor-open-inline\">\n\t\t\t<div class=\"elementor-video\"><\/div>\t\t\t\t<div class=\"elementor-custom-embed-image-overlay\" style=\"background-image: url(https:\/\/visittartu.com\/wp-content\/uploads\/2024\/02\/2M6A6133_Peeter-Paaver-17_0.jpg);\">\n\t\t\t\t\t\t\t\t\t\t\t\t\t\t\t\t<div class=\"elementor-custom-embed-play\" role=\"button\" aria-label=\"Play Video about Tartu raekoja plats\" tabindex=\"0\">\n\t\t\t\t\t\t\t<i aria-hidden=\"true\" class=\"eicon-play\"><\/i>\t\t\t\t\t\t<\/div>\n\t\t\t\t\t\t\t\t\t<\/div>\n\t\t\t\t\t<\/div>\n\t\t\t\t\t\t<\/div>\n\t\t\t\t<\/div>\n\t\t\t\t<div class=\"elementor-element elementor-element-6f0cf6c elementor-widget elementor-widget-spacer\" data-id=\"6f0cf6c\" data-element_type=\"widget\" data-widget_type=\"spacer.default\">\n\t\t\t\t<div class=\"elementor-widget-container\">\n\t\t\t\t\t\t\t<div class=\"elementor-spacer\">\n\t\t\t<div class=\"elementor-spacer-inner\"><\/div>\n\t\t<\/div>\n\t\t\t\t\t\t<\/div>\n\t\t\t\t<\/div>\n\t\t\t\t\t<\/div>\n\t\t\t\t<\/div>\n\t\t<div class=\"elementor-element elementor-element-6dfb1c6 con-2col-imgtxt cont e-flex e-con-boxed e-con e-parent\" data-id=\"6dfb1c6\" data-element_type=\"container\" data-settings=\"{&quot;background_background&quot;:&quot;classic&quot;}\">\n\t\t\t\t\t<div class=\"e-con-inner\">\n\t\t\t\t<div class=\"elementor-element elementor-element-a75f4d6 elementor-widget elementor-widget-heading\" data-id=\"a75f4d6\" data-element_type=\"widget\" data-widget_type=\"heading.default\">\n\t\t\t\t<div class=\"elementor-widget-container\">\n\t\t\t\t\t<h2 class=\"elementor-heading-title elementor-size-default\">1. Kolor\u012bta kult\u016bras mantojuma un m\u016bsdienu kombin\u0101cija<\/h2>\t\t\t\t<\/div>\n\t\t\t\t<\/div>\n\t\t<div class=\"elementor-element elementor-element-d57fa55 e-con-full e-flex e-con e-child\" data-id=\"d57fa55\" data-element_type=\"container\">\n\t\t\t\t<div class=\"elementor-element elementor-element-726fff2 elementor-widget elementor-widget-image\" data-id=\"726fff2\" data-element_type=\"widget\" data-widget_type=\"image.default\">\n\t\t\t\t<div class=\"elementor-widget-container\">\n\t\t\t\t\t\t\t\t\t\t\t\t<figure class=\"wp-caption\">\n\t\t\t\t\t\t\t\t\t\t<img fetchpriority=\"high\" decoding=\"async\" width=\"1024\" height=\"757\" src=\"https:\/\/visittartu.com\/wp-content\/uploads\/2023\/11\/550561-ragnarvutt_erm_3-s-nw_1680-1024x757.jpg\" class=\"attachment-large size-large wp-image-101979\" alt=\"Droonivaadfe Tartus asuvale Eesti Rahva Muuseumi hoonele\" srcset=\"https:\/\/visittartu.com\/wp-content\/uploads\/2023\/11\/550561-ragnarvutt_erm_3-s-nw_1680-1024x757.jpg 1024w, https:\/\/visittartu.com\/wp-content\/uploads\/2023\/11\/550561-ragnarvutt_erm_3-s-nw_1680-300x222.jpg 300w, https:\/\/visittartu.com\/wp-content\/uploads\/2023\/11\/550561-ragnarvutt_erm_3-s-nw_1680-768x568.jpg 768w, https:\/\/visittartu.com\/wp-content\/uploads\/2023\/11\/550561-ragnarvutt_erm_3-s-nw_1680-1536x1136.jpg 1536w, https:\/\/visittartu.com\/wp-content\/uploads\/2023\/11\/550561-ragnarvutt_erm_3-s-nw_1680.jpg 1680w\" sizes=\"(max-width: 1024px) 100vw, 1024px\" \/>\t\t\t\t\t\t\t\t\t\t\t<figcaption class=\"widget-image-caption wp-caption-text\">Igaunijas Nacion\u0101lais muzejs, Ragnars Vuts (<i>Ragnar Vutt<\/i>)<\/figcaption>\n\t\t\t\t\t\t\t\t\t\t<\/figure>\n\t\t\t\t\t\t\t\t\t<\/div>\n\t\t\t\t<\/div>\n\t\t\t\t<\/div>\n\t\t<div class=\"elementor-element elementor-element-db500af e-con-full e-flex e-con e-child\" data-id=\"db500af\" data-element_type=\"container\">\n\t\t\t\t<div class=\"elementor-element elementor-element-a4ff089 elementor-widget elementor-widget-text-editor\" data-id=\"a4ff089\" data-element_type=\"widget\" data-widget_type=\"text-editor.default\">\n\t\t\t\t<div class=\"elementor-widget-container\">\n\t\t\t\t\t\t\t\t\t<p>Baltijas re\u0123iona sen\u0101k\u0101s pils\u0113tas status\u0101 Tartu ik uz so\u013ca pied\u0101v\u0101 aizraujo\u0161us apskates objektus, it \u012bpa\u0161i pils\u0113tas centr\u0101, kas ir savdab\u012bga valsts m\u0113roga pieminek\u013cu aizsardz\u012bbas zona. \u0160eit var sastapt da\u017e\u0101du b\u016bvniec\u012bbas stilu paraugus \u2013 no viduslaiku l\u012bdz m\u016bsdienu modernajai arhitekt\u016brai, kurus v\u0113l jo vair\u0101k izce\u013c m\u0101j\u012bg\u0101s kafejn\u012bcas un savdab\u012bgie restor\u0101ni, apk\u0101rt\u0113j\u0101 daba un dz\u012bv\u012bg\u0101 pils\u0113tas studentu dvesma. Tartu ir igau\u0146u kult\u016bras \u0161\u016bpulis \u2013\u00a0\u0161eit dzima<a href=\"https:\/\/ut.ee\/en\" target=\"_blank\" rel=\"noopener\"><strong>\u00a0nacion\u0101l\u0101 universit\u0101te<\/strong><\/a>, \u0161eit izn\u0101ca pirmie laikraksti, \u0161eit savu darb\u012bbu uzs\u0101ka kult\u016bras biedr\u012bbas un 1870. gad\u0101 pirmais\u00a0<a href=\"https:\/\/visittartu.com\/lv\/te%C4%81tris-vanemuine\" target=\"_blank\" rel=\"noopener\"><strong>profesion\u0101lais te\u0101tris (Vanemuine)<\/strong><\/a>, \u0161eit 1869. gad\u0101 norisin\u0101j\u0101s pirmie nacion\u0101lie visp\u0101r\u0113jie dziesmu sv\u0113tki. Tartu atrodas\u00a0<a href=\"https:\/\/www.ra.ee\/en\/\" target=\"_blank\" rel=\"noopener\"><strong>Nacion\u0101lais arh\u012bvs\u00a0<\/strong><\/a>un\u00a0<a href=\"https:\/\/www.hm.ee\/en\" target=\"_blank\" rel=\"noopener\"><strong>Izgl\u012bt\u012bbas un zin\u0101tnes ministrija<\/strong><\/a>, pils\u0113ta ir ar\u012b m\u0101jvieta daudz\u0101m noz\u012bm\u012bg\u0101m kult\u016bras iest\u0101d\u0113m. Viena no t\u0101m ir vair\u0101k nek\u0101 gadsimtu senais<a href=\"https:\/\/visittartu.com\/lv\/igaunijas-nacion%C4%81lais-muzejs\" target=\"_blank\" rel=\"noopener\"><strong>\u00a0Igaunijas Nacion\u0101lais muzejs<\/strong><\/a>, kur\u0101 v\u0113sture iet kopsol\u012b ar inov\u0101ciju \u2013 muzeja past\u0101v\u012bg\u0101s ekspoz\u012bcij\u0101s, kas \u013cauj iel\u016bkoties igau\u0146u un somugru tautu kult\u016br\u0101, apvienoti gan priek\u0161metiskie ekspon\u0101ti, gan m\u016bsdien\u012bgi inovat\u012bvi risin\u0101jumi, t\u0101d\u0113j\u0101di radot saikni starp vec\u0101ko un jaun\u0101ko paaudzi.<\/p>\n\t\t\t\t\t\t\t\t<\/div>\n\t\t\t\t<\/div>\n\t\t\t\t<\/div>\n\t\t\t\t\t<\/div>\n\t\t\t\t<\/div>\n\t\t<div class=\"elementor-element elementor-element-9f6689e e-flex e-con-boxed e-con e-parent\" data-id=\"9f6689e\" data-element_type=\"container\">\n\t\t\t\t\t<div class=\"e-con-inner\">\n\t\t\t\t<div class=\"elementor-element elementor-element-155ea42 elementor-widget elementor-widget-spacer\" data-id=\"155ea42\" data-element_type=\"widget\" data-widget_type=\"spacer.default\">\n\t\t\t\t<div class=\"elementor-widget-container\">\n\t\t\t\t\t\t\t<div class=\"elementor-spacer\">\n\t\t\t<div class=\"elementor-spacer-inner\"><\/div>\n\t\t<\/div>\n\t\t\t\t\t\t<\/div>\n\t\t\t\t<\/div>\n\t\t\t\t<div class=\"elementor-element elementor-element-e3e17e9 elementor-widget elementor-widget-heading\" data-id=\"e3e17e9\" data-element_type=\"widget\" data-widget_type=\"heading.default\">\n\t\t\t\t<div class=\"elementor-widget-container\">\n\t\t\t\t\t<h2 class=\"elementor-heading-title elementor-size-default\">Tartu ir pils\u0113ta ar ilgtsp\u0113j\u012bgu dom\u0101\u0161anu<\/h2>\t\t\t\t<\/div>\n\t\t\t\t<\/div>\n\t\t\t\t\t<\/div>\n\t\t\t\t<\/div>\n\t\t<div class=\"elementor-element elementor-element-3657072b con-2col-imgtxt cont e-flex e-con-boxed e-con e-parent\" data-id=\"3657072b\" data-element_type=\"container\" data-settings=\"{&quot;background_background&quot;:&quot;classic&quot;}\">\n\t\t\t\t\t<div class=\"e-con-inner\">\n\t\t<div class=\"elementor-element elementor-element-41fbe72b e-flex e-con-boxed e-con e-child\" data-id=\"41fbe72b\" data-element_type=\"container\">\n\t\t\t\t\t<div class=\"e-con-inner\">\n\t\t<div class=\"elementor-element elementor-element-635e2a5a e-con-full e-flex e-con e-child\" data-id=\"635e2a5a\" data-element_type=\"container\">\n\t\t\t\t<div class=\"elementor-element elementor-element-c433b47 elementor-widget elementor-widget-spacer\" data-id=\"c433b47\" data-element_type=\"widget\" data-widget_type=\"spacer.default\">\n\t\t\t\t<div class=\"elementor-widget-container\">\n\t\t\t\t\t\t\t<div class=\"elementor-spacer\">\n\t\t\t<div class=\"elementor-spacer-inner\"><\/div>\n\t\t<\/div>\n\t\t\t\t\t\t<\/div>\n\t\t\t\t<\/div>\n\t\t\t\t<div class=\"elementor-element elementor-element-529d6249 elementor-widget elementor-widget-text-editor\" data-id=\"529d6249\" data-element_type=\"widget\" data-widget_type=\"text-editor.default\">\n\t\t\t\t<div class=\"elementor-widget-container\">\n\t\t\t\t\t\t\t\t\t<p>Burv\u012bg\u0101 daba \u0101rpus pils\u0113tas un za\u013c\u0101s zonas vis\u0101 Tartu padara to par pat\u012bkamu galam\u0113r\u0137i. Tom\u0113r tikai za\u013ca daba vien nepiedod vietai patiesi za\u013cu raksturu! Svar\u012bga loma ir klimata m\u0113r\u0137u sasnieg\u0161anai un ilgtsp\u0113j\u012bgai att\u012bst\u012bbai. Tartu l\u012bder\u012bba \u0161aj\u0101 jom\u0101 ir ac\u012bmredzama, jo pils\u0113ta ir sa\u0146\u0113musi plat\u012bna l\u012bme\u0146a atzin\u012bbu Za\u013co galam\u0113r\u0137u programm\u0101, kur\u0101 piedal\u0101s kop\u0161 2020. gada. M\u016bsu pils\u0113t\u0101 un novad\u0101 ir daudz ilgtsp\u0113j\u012bgi dom\u0101jo\u0161u uz\u0146\u0113m\u0113ju, kuriem ir Green Key, Za\u013cais muzejs un citi paz\u012bstami sertifik\u0101ti, kas atzinu\u0161i vi\u0146u darb\u012bbu par ilgtsp\u0113j\u012bgu. Visi publiskie pas\u0101kumi Tartu iev\u0113ro vides draudz\u012bgu pas\u0101kumu organiz\u0113\u0161anas vadl\u012bnijas. Tartu ir ar\u012b da\u013ca no Eiropas Komisijas 100 klimata neitr\u0101lo un vied\u0101ko pils\u0113tu saraksta, kuru pl\u0101nots sasniegt l\u012bdz 2030. gadam.<\/p>\n\t\t\t\t\t\t\t\t<\/div>\n\t\t\t\t<\/div>\n\t\t\t\t<\/div>\n\t\t<div class=\"elementor-element elementor-element-330eb888 e-con-full e-flex e-con e-child\" data-id=\"330eb888\" data-element_type=\"container\">\n\t\t\t\t<div class=\"elementor-element elementor-element-f9c9e59 elementor-widget elementor-widget-image\" data-id=\"f9c9e59\" data-element_type=\"widget\" data-widget_type=\"image.default\">\n\t\t\t\t<div class=\"elementor-widget-container\">\n\t\t\t\t\t\t\t\t\t\t\t\t<figure class=\"wp-caption\">\n\t\t\t\t\t\t\t\t\t\t<img decoding=\"async\" width=\"1024\" height=\"453\" src=\"https:\/\/visittartu.com\/wp-content\/uploads\/2024\/07\/558673-kaarel_kovatu_53203092385_fa20cf1b57_o-1024x453.jpg\" class=\"attachment-large size-large wp-image-102685\" alt=\"\" srcset=\"https:\/\/visittartu.com\/wp-content\/uploads\/2024\/07\/558673-kaarel_kovatu_53203092385_fa20cf1b57_o-1024x453.jpg 1024w, https:\/\/visittartu.com\/wp-content\/uploads\/2024\/07\/558673-kaarel_kovatu_53203092385_fa20cf1b57_o-300x133.jpg 300w, https:\/\/visittartu.com\/wp-content\/uploads\/2024\/07\/558673-kaarel_kovatu_53203092385_fa20cf1b57_o-768x340.jpg 768w, https:\/\/visittartu.com\/wp-content\/uploads\/2024\/07\/558673-kaarel_kovatu_53203092385_fa20cf1b57_o-1536x679.jpg 1536w, https:\/\/visittartu.com\/wp-content\/uploads\/2024\/07\/558673-kaarel_kovatu_53203092385_fa20cf1b57_o.jpg 1800w\" sizes=\"(max-width: 1024px) 100vw, 1024px\" \/>\t\t\t\t\t\t\t\t\t\t\t<figcaption class=\"widget-image-caption wp-caption-text\">Skats uz Emajegi upi, K\u0101rels Kevatu (<i>Kaarel K\u00f5vatu<\/i>)<\/figcaption>\n\t\t\t\t\t\t\t\t\t\t<\/figure>\n\t\t\t\t\t\t\t\t\t<\/div>\n\t\t\t\t<\/div>\n\t\t\t\t<\/div>\n\t\t\t\t\t<\/div>\n\t\t\t\t<\/div>\n\t\t\t\t\t<\/div>\n\t\t\t\t<\/div>\n\t\t<div class=\"elementor-element elementor-element-267dfa9 con-2col-imgtxt cont e-flex e-con-boxed e-con e-parent\" data-id=\"267dfa9\" data-element_type=\"container\">\n\t\t\t\t\t<div class=\"e-con-inner\">\n\t\t<div class=\"elementor-element elementor-element-d46b58a e-flex e-con-boxed e-con e-child\" data-id=\"d46b58a\" data-element_type=\"container\">\n\t\t\t\t\t<div class=\"e-con-inner\">\n\t\t\t\t<div class=\"elementor-element elementor-element-9d290de elementor-widget__width-inherit elementor-widget elementor-widget-heading\" data-id=\"9d290de\" data-element_type=\"widget\" data-widget_type=\"heading.default\">\n\t\t\t\t<div class=\"elementor-widget-container\">\n\t\t\t\t\t<h2 class=\"elementor-heading-title elementor-size-default\">3. Pievilc\u012bga zin\u0101tnes un uz\u0146\u0113m\u0113jdarb\u012bbas vide<\/h2>\t\t\t\t<\/div>\n\t\t\t\t<\/div>\n\t\t<div class=\"elementor-element elementor-element-263166d e-flex e-con-boxed e-con e-child\" data-id=\"263166d\" data-element_type=\"container\">\n\t\t\t\t\t<div class=\"e-con-inner\">\n\t\t<div class=\"elementor-element elementor-element-d1c8f4d e-con-full e-flex e-con e-child\" data-id=\"d1c8f4d\" data-element_type=\"container\">\n\t\t\t\t<div class=\"elementor-element elementor-element-9eec92d elementor-widget elementor-widget-image\" data-id=\"9eec92d\" data-element_type=\"widget\" data-widget_type=\"image.default\">\n\t\t\t\t<div class=\"elementor-widget-container\">\n\t\t\t\t\t\t\t\t\t\t\t\t<figure class=\"wp-caption\">\n\t\t\t\t\t\t\t\t\t\t<img decoding=\"async\" width=\"1024\" height=\"576\" src=\"https:\/\/visittartu.com\/wp-content\/uploads\/2023\/11\/Ulikool-meelislokk-1024x576.jpg\" class=\"attachment-large size-large wp-image-83594\" alt=\"tartu \u00fclikool mida teha tartus\" srcset=\"https:\/\/visittartu.com\/wp-content\/uploads\/2023\/11\/Ulikool-meelislokk-1024x576.jpg 1024w, https:\/\/visittartu.com\/wp-content\/uploads\/2023\/11\/Ulikool-meelislokk-300x169.jpg 300w, https:\/\/visittartu.com\/wp-content\/uploads\/2023\/11\/Ulikool-meelislokk-768x432.jpg 768w, https:\/\/visittartu.com\/wp-content\/uploads\/2023\/11\/Ulikool-meelislokk-1536x864.jpg 1536w, https:\/\/visittartu.com\/wp-content\/uploads\/2023\/11\/Ulikool-meelislokk.jpg 1920w\" sizes=\"(max-width: 1024px) 100vw, 1024px\" \/>\t\t\t\t\t\t\t\t\t\t\t<figcaption class=\"widget-image-caption wp-caption-text\">Tartu \u00dclikool, Meelis Lokk<\/figcaption>\n\t\t\t\t\t\t\t\t\t\t<\/figure>\n\t\t\t\t\t\t\t\t\t<\/div>\n\t\t\t\t<\/div>\n\t\t\t\t<div class=\"elementor-element elementor-element-8eeed87 elementor-widget elementor-widget-spacer\" data-id=\"8eeed87\" data-element_type=\"widget\" data-widget_type=\"spacer.default\">\n\t\t\t\t<div class=\"elementor-widget-container\">\n\t\t\t\t\t\t\t<div class=\"elementor-spacer\">\n\t\t\t<div class=\"elementor-spacer-inner\"><\/div>\n\t\t<\/div>\n\t\t\t\t\t\t<\/div>\n\t\t\t\t<\/div>\n\t\t\t\t<div class=\"elementor-element elementor-element-45a9c61 elementor-widget elementor-widget-text-editor\" data-id=\"45a9c61\" data-element_type=\"widget\" data-widget_type=\"text-editor.default\">\n\t\t\t\t<div class=\"elementor-widget-container\">\n\t\t\t\t\t\t\t\t\t<p>Tartu ir iev\u0113rojama k\u0101 Igaunijas izgl\u012bt\u012bbas un zin\u0101tnes centrs. Labi att\u012bst\u012bta izgl\u012bt\u012bbas sist\u0113ma, 9 augstskolas, kompakta uz\u0146\u0113m\u0113jdarb\u012bbas vide un da\u017e\u0101das atbalsta strukt\u016bras veicina uz\u0146\u0113m\u0113jdarb\u012bbas \u0101tru un viedu att\u012bst\u012bbu. Paral\u0113li medic\u012bnas un biotehnolo\u0123ijas nozarei Tartu ir labi att\u012bst\u012btas ar\u012b inform\u0101cijas tehnolo\u0123ijas un elektronikas jomas, pulcinot ap sevi vair\u0101kus veiksm\u012bgus uz\u0146\u0113mumus un daudzus start-up uz\u0146\u0113mumus, kurus pils\u0113tas uz\u0146\u0113m\u0113jdarb\u012bbas vide past\u0101v\u012bgi atbalsta.<\/p>\n\t\t\t\t\t\t\t\t<\/div>\n\t\t\t\t<\/div>\n\t\t\t\t<\/div>\n\t\t<div class=\"elementor-element elementor-element-c3e1603 e-con-full e-flex e-con e-child\" data-id=\"c3e1603\" data-element_type=\"container\">\n\t\t\t\t<div class=\"elementor-element elementor-element-775d5be elementor-widget elementor-widget-image\" data-id=\"775d5be\" data-element_type=\"widget\" data-widget_type=\"image.default\">\n\t\t\t\t<div class=\"elementor-widget-container\">\n\t\t\t\t\t\t\t\t\t\t\t\t<figure class=\"wp-caption\">\n\t\t\t\t\t\t\t\t\t\t<img loading=\"lazy\" decoding=\"async\" width=\"1024\" height=\"576\" src=\"https:\/\/visittartu.com\/wp-content\/uploads\/2023\/11\/startupday-kiur-kaasik-veebi-1024x576.jpg\" class=\"attachment-large size-large wp-image-83600\" alt=\"startupday tartu mida teha tartus\" srcset=\"https:\/\/visittartu.com\/wp-content\/uploads\/2023\/11\/startupday-kiur-kaasik-veebi-1024x576.jpg 1024w, https:\/\/visittartu.com\/wp-content\/uploads\/2023\/11\/startupday-kiur-kaasik-veebi-300x169.jpg 300w, https:\/\/visittartu.com\/wp-content\/uploads\/2023\/11\/startupday-kiur-kaasik-veebi-768x432.jpg 768w, https:\/\/visittartu.com\/wp-content\/uploads\/2023\/11\/startupday-kiur-kaasik-veebi-1536x864.jpg 1536w, https:\/\/visittartu.com\/wp-content\/uploads\/2023\/11\/startupday-kiur-kaasik-veebi.jpg 1920w\" sizes=\"(max-width: 1024px) 100vw, 1024px\" \/>\t\t\t\t\t\t\t\t\t\t\t<figcaption class=\"widget-image-caption wp-caption-text\">sTARTUp Day festival, Kiur Kaasik<\/figcaption>\n\t\t\t\t\t\t\t\t\t\t<\/figure>\n\t\t\t\t\t\t\t\t\t<\/div>\n\t\t\t\t<\/div>\n\t\t\t\t<div class=\"elementor-element elementor-element-92634b8 elementor-widget elementor-widget-spacer\" data-id=\"92634b8\" data-element_type=\"widget\" data-widget_type=\"spacer.default\">\n\t\t\t\t<div class=\"elementor-widget-container\">\n\t\t\t\t\t\t\t<div class=\"elementor-spacer\">\n\t\t\t<div class=\"elementor-spacer-inner\"><\/div>\n\t\t<\/div>\n\t\t\t\t\t\t<\/div>\n\t\t\t\t<\/div>\n\t\t\t\t<div class=\"elementor-element elementor-element-19e8095 elementor-widget elementor-widget-text-editor\" data-id=\"19e8095\" data-element_type=\"widget\" data-widget_type=\"text-editor.default\">\n\t\t\t\t<div class=\"elementor-widget-container\">\n\t\t\t\t\t\t\t\t\t<p>Papildus simtiem da\u017e\u0101du jomu konferen\u010du, semin\u0101ru un darbistabu, kas viet\u0113j\u0101 un starptautisk\u0101 l\u012bmen\u012b norisin\u0101s katru gadu, sadarb\u012bb\u0101 ar pils\u0113tas vad\u012bbu Tartu pils\u0113t\u0101 tiek organiz\u0113ts ar\u012b v\u0113rien\u012bg\u0101kais biznesa festiv\u0101ls Baltijas re\u0123ion\u0101 \u201csTARTUp Day\u201d, kur\u0101 no visas pasaules vienuviet satiekas gan savas nozares speci\u0101listi, gan uz\u0146\u0113m\u012bgus pl\u0101nus kaldino\u0161i entuziasti. K\u0101 biznesa t\u016bristiem, t\u0101 ar\u012b, protams, parastajiem t\u016bristiem \u0101tra rakstura darba dar\u012b\u0161anas ir iesp\u0113jams nok\u0101rtot, izmantojot pils\u0113tas centr\u0101 pieejamo publisko darba telpu \u201csTARTUp Lounge\u201d vai vair\u0101ku viesn\u012bcu pied\u0101v\u0101tos salonus.<\/p>\n\t\t\t\t\t\t\t\t<\/div>\n\t\t\t\t<\/div>\n\t\t\t\t<\/div>\n\t\t<div class=\"elementor-element elementor-element-8c3e8bc e-con-full e-flex e-con e-child\" data-id=\"8c3e8bc\" data-element_type=\"container\">\n\t\t\t\t<div class=\"elementor-element elementor-element-8d454a3 elementor-widget elementor-widget-image\" data-id=\"8d454a3\" data-element_type=\"widget\" data-widget_type=\"image.default\">\n\t\t\t\t<div class=\"elementor-widget-container\">\n\t\t\t\t\t\t\t\t\t\t\t\t<figure class=\"wp-caption\">\n\t\t\t\t\t\t\t\t\t\t<img loading=\"lazy\" decoding=\"async\" width=\"1024\" height=\"576\" src=\"https:\/\/visittartu.com\/wp-content\/uploads\/2023\/11\/arbi-keskvaljak-Ragnar-vutt-veebi-1024x576.jpg\" class=\"attachment-large size-large wp-image-83606\" alt=\"Elva, kaugt\u00f6\u00f6 kohad Tartus Tartumaal\" srcset=\"https:\/\/visittartu.com\/wp-content\/uploads\/2023\/11\/arbi-keskvaljak-Ragnar-vutt-veebi-1024x576.jpg 1024w, https:\/\/visittartu.com\/wp-content\/uploads\/2023\/11\/arbi-keskvaljak-Ragnar-vutt-veebi-300x169.jpg 300w, https:\/\/visittartu.com\/wp-content\/uploads\/2023\/11\/arbi-keskvaljak-Ragnar-vutt-veebi-768x432.jpg 768w, https:\/\/visittartu.com\/wp-content\/uploads\/2023\/11\/arbi-keskvaljak-Ragnar-vutt-veebi-1536x864.jpg 1536w, https:\/\/visittartu.com\/wp-content\/uploads\/2023\/11\/arbi-keskvaljak-Ragnar-vutt-veebi.jpg 1920w\" sizes=\"(max-width: 1024px) 100vw, 1024px\" \/>\t\t\t\t\t\t\t\t\t\t\t<figcaption class=\"widget-image-caption wp-caption-text\">Arbi Keskv\u00e4ljak Elvas, Ragnar Vutt<\/figcaption>\n\t\t\t\t\t\t\t\t\t\t<\/figure>\n\t\t\t\t\t\t\t\t\t<\/div>\n\t\t\t\t<\/div>\n\t\t\t\t<div class=\"elementor-element elementor-element-d40d748 elementor-widget elementor-widget-spacer\" data-id=\"d40d748\" data-element_type=\"widget\" data-widget_type=\"spacer.default\">\n\t\t\t\t<div class=\"elementor-widget-container\">\n\t\t\t\t\t\t\t<div class=\"elementor-spacer\">\n\t\t\t<div class=\"elementor-spacer-inner\"><\/div>\n\t\t<\/div>\n\t\t\t\t\t\t<\/div>\n\t\t\t\t<\/div>\n\t\t\t\t<div class=\"elementor-element elementor-element-64d95ec elementor-widget elementor-widget-text-editor\" data-id=\"64d95ec\" data-element_type=\"widget\" data-widget_type=\"text-editor.default\">\n\t\t\t\t<div class=\"elementor-widget-container\">\n\t\t\t\t\t\t\t\t\t<p>Ja mekl\u0113 vietu att\u0101lin\u0101tajam darbam, tad Tartu un Dienvidigaunija pied\u0101v\u0101 \u013coti daudzveid\u012bgas iesp\u0113jas. Tartu centr\u0101 \u0113rtu publisko darba telpu sTARTUp Hub var izmantot ar vis\u0101m nepiecie\u0161amaj\u0101m \u0113rt\u012bb\u0101m, k\u0101 ar\u012b da\u017e\u0101das iesp\u0113jas ir pieejamas viesn\u012bc\u0101s. Tom\u0113r var\u0113si ar\u012b aizb\u0113gt uz dabu, lai str\u0101d\u0101tu \u2013 pat maz\u0101k\u0101s lauku viet\u0101s Igaunij\u0101 ir laba mobilo sakaru pieejam\u012bba!<\/p>\n\t\t\t\t\t\t\t\t<\/div>\n\t\t\t\t<\/div>\n\t\t\t\t<\/div>\n\t\t\t\t\t<\/div>\n\t\t\t\t<\/div>\n\t\t\t\t\t<\/div>\n\t\t\t\t<\/div>\n\t\t<div class=\"elementor-element elementor-element-8e0cb85 e-flex e-con-boxed e-con e-child\" data-id=\"8e0cb85\" data-element_type=\"container\">\n\t\t\t\t\t<div class=\"e-con-inner\">\n\t\t<div class=\"elementor-element elementor-element-e0ac79f e-con-full e-flex e-con e-child\" data-id=\"e0ac79f\" data-element_type=\"container\">\n\t\t\t\t<div class=\"elementor-element elementor-element-09a1b6c elementor-widget elementor-widget-image\" data-id=\"09a1b6c\" data-element_type=\"widget\" data-widget_type=\"image.default\">\n\t\t\t\t<div class=\"elementor-widget-container\">\n\t\t\t\t\t\t\t\t\t\t\t\t<figure class=\"wp-caption\">\n\t\t\t\t\t\t\t\t\t\t<img loading=\"lazy\" decoding=\"async\" width=\"707\" height=\"555\" src=\"https:\/\/visittartu.com\/wp-content\/uploads\/2023\/09\/Suvi.png\" class=\"attachment-full size-full wp-image-79947\" alt=\"\" srcset=\"https:\/\/visittartu.com\/wp-content\/uploads\/2023\/09\/Suvi.png 707w, https:\/\/visittartu.com\/wp-content\/uploads\/2023\/09\/Suvi-300x236.png 300w\" sizes=\"(max-width: 707px) 100vw, 707px\" \/>\t\t\t\t\t\t\t\t\t\t\t<figcaption class=\"widget-image-caption wp-caption-text\"><\/figcaption>\n\t\t\t\t\t\t\t\t\t\t<\/figure>\n\t\t\t\t\t\t\t\t\t<\/div>\n\t\t\t\t<\/div>\n\t\t\t\t<div class=\"elementor-element elementor-element-15a9850 elementor-widget elementor-widget-spacer\" data-id=\"15a9850\" data-element_type=\"widget\" data-widget_type=\"spacer.default\">\n\t\t\t\t<div class=\"elementor-widget-container\">\n\t\t\t\t\t\t\t<div class=\"elementor-spacer\">\n\t\t\t<div class=\"elementor-spacer-inner\"><\/div>\n\t\t<\/div>\n\t\t\t\t\t\t<\/div>\n\t\t\t\t<\/div>\n\t\t\t\t<\/div>\n\t\t<div class=\"elementor-element elementor-element-e3f3c41 e-con-full e-flex e-con e-child\" data-id=\"e3f3c41\" data-element_type=\"container\">\n\t\t\t\t<div class=\"elementor-element elementor-element-d8deb26 elementor-widget elementor-widget-heading\" data-id=\"d8deb26\" data-element_type=\"widget\" data-widget_type=\"heading.default\">\n\t\t\t\t<div class=\"elementor-widget-container\">\n\t\t\t\t\t<h2 class=\"elementor-heading-title elementor-size-default\">Tartu ir nedaudz no visa. Pasaules l\u012bme\u0146a zin\u0101tne dien\u0101 un neatvair\u0101ms dz\u012bvotsp\u0113jas pieaugums vakar\u0101.<\/h2>\t\t\t\t<\/div>\n\t\t\t\t<\/div>\n\t\t\t\t<\/div>\n\t\t\t\t\t<\/div>\n\t\t\t\t<\/div>\n\t\t<div class=\"elementor-element elementor-element-cb9d683 con-2col-imgtxt cont e-flex e-con-boxed e-con e-child\" data-id=\"cb9d683\" data-element_type=\"container\" data-settings=\"{&quot;background_background&quot;:&quot;classic&quot;}\">\n\t\t\t\t\t<div class=\"e-con-inner\">\n\t\t<div class=\"elementor-element elementor-element-bd0d800 e-flex e-con-boxed e-con e-child\" data-id=\"bd0d800\" data-element_type=\"container\">\n\t\t\t\t\t<div class=\"e-con-inner\">\n\t\t<div class=\"elementor-element elementor-element-b8b6878 e-con-full e-flex e-con e-child\" data-id=\"b8b6878\" data-element_type=\"container\">\n\t\t\t\t<div class=\"elementor-element elementor-element-318fcb1 elementor-widget elementor-widget-heading\" data-id=\"318fcb1\" data-element_type=\"widget\" data-widget_type=\"heading.default\">\n\t\t\t\t<div class=\"elementor-widget-container\">\n\t\t\t\t\t<h2 class=\"elementor-heading-title elementor-size-default\">4. Raibs kult\u016bras pas\u0101kumu kalend\u0101rs  <\/h2>\t\t\t\t<\/div>\n\t\t\t\t<\/div>\n\t\t\t\t<div class=\"elementor-element elementor-element-cb1316a elementor-widget elementor-widget-spacer\" data-id=\"cb1316a\" data-element_type=\"widget\" data-widget_type=\"spacer.default\">\n\t\t\t\t<div class=\"elementor-widget-container\">\n\t\t\t\t\t\t\t<div class=\"elementor-spacer\">\n\t\t\t<div class=\"elementor-spacer-inner\"><\/div>\n\t\t<\/div>\n\t\t\t\t\t\t<\/div>\n\t\t\t\t<\/div>\n\t\t\t\t<div class=\"elementor-element elementor-element-12752a2 elementor-widget elementor-widget-image\" data-id=\"12752a2\" data-element_type=\"widget\" data-widget_type=\"image.default\">\n\t\t\t\t<div class=\"elementor-widget-container\">\n\t\t\t\t\t\t\t\t\t\t\t\t<figure class=\"wp-caption\">\n\t\t\t\t\t\t\t\t\t\t<img loading=\"lazy\" decoding=\"async\" width=\"1024\" height=\"576\" src=\"https:\/\/visittartu.com\/wp-content\/uploads\/2023\/11\/Aparaaditehase-festival-1024x576.jpg\" class=\"attachment-large size-large wp-image-83534\" alt=\"mida teha tartus miks tulla tartusse\" srcset=\"https:\/\/visittartu.com\/wp-content\/uploads\/2023\/11\/Aparaaditehase-festival-1024x576.jpg 1024w, https:\/\/visittartu.com\/wp-content\/uploads\/2023\/11\/Aparaaditehase-festival-300x169.jpg 300w, https:\/\/visittartu.com\/wp-content\/uploads\/2023\/11\/Aparaaditehase-festival-768x432.jpg 768w, https:\/\/visittartu.com\/wp-content\/uploads\/2023\/11\/Aparaaditehase-festival-1536x864.jpg 1536w, https:\/\/visittartu.com\/wp-content\/uploads\/2023\/11\/Aparaaditehase-festival.jpg 1600w\" sizes=\"(max-width: 1024px) 100vw, 1024px\" \/>\t\t\t\t\t\t\t\t\t\t\t<figcaption class=\"widget-image-caption wp-caption-text\">Aparaaditehas festival<\/figcaption>\n\t\t\t\t\t\t\t\t\t\t<\/figure>\n\t\t\t\t\t\t\t\t\t<\/div>\n\t\t\t\t<\/div>\n\t\t\t\t<\/div>\n\t\t<div class=\"elementor-element elementor-element-4d9bfdc e-con-full e-flex e-con e-child\" data-id=\"4d9bfdc\" data-element_type=\"container\">\n\t\t\t\t<div class=\"elementor-element elementor-element-9242b2b elementor-widget elementor-widget-spacer\" data-id=\"9242b2b\" data-element_type=\"widget\" data-widget_type=\"spacer.default\">\n\t\t\t\t<div class=\"elementor-widget-container\">\n\t\t\t\t\t\t\t<div class=\"elementor-spacer\">\n\t\t\t<div class=\"elementor-spacer-inner\"><\/div>\n\t\t<\/div>\n\t\t\t\t\t\t<\/div>\n\t\t\t\t<\/div>\n\t\t\t\t<div class=\"elementor-element elementor-element-5f3bd63 elementor-widget elementor-widget-text-editor\" data-id=\"5f3bd63\" data-element_type=\"widget\" data-widget_type=\"text-editor.default\">\n\t\t\t\t<div class=\"elementor-widget-container\">\n\t\t\t\t\t\t\t\t\tVisa gada garum\u0101 Tartu notiek da\u017e\u0101di pas\u0101kumi katrai gaumei \u2013 priec\u012bgu noska\u0146u pietiks gan v\u0113stures, m\u016bzikas, literat\u016bras, kino, zin\u0101tnes, kulin\u0101rijas, gan ar\u012b sporta interesentiem. Pils\u0113tas v\u0113sture, kult\u016bras mantojums un trad\u012bcijas pla\u0161\u0101k tiek par\u0101d\u012btas, kad pils\u0113ta iet\u0113rpjas viduslaiku<a href=\"https:\/\/tartukorraldab.ee\/en\/\" target=\"_blank\" rel=\"noopener\"><strong>\u00a0Hanzas dienu<\/strong><\/a>,\u00a0<a href=\"https:\/\/tartukorraldab.ee\/en\/\" target=\"_blank\" rel=\"noopener\"><strong>Tartu pils\u0113tas sv\u0113tku<\/strong><\/a>\u00a0un\u00a0<a href=\"https:\/\/tartukorraldab.ee\/en\/\" target=\"_blank\" rel=\"noopener\"><strong>Ziemassv\u0113tku<\/strong><\/a>.\r\n\r\nCitas, da\u017ek\u0101rt pavisam sav\u0101das, Tartu \u0161\u0137autnes atspogu\u013co pils\u0113tas festiv\u0101ls \u201c<a href=\"https:\/\/en.uit.ee\/\" target=\"_blank\" rel=\"noopener\"><strong>UIT<\/strong><\/a>\u201d, Igaunijas te\u0101tra festiv\u0101ls \u201c<a href=\"http:\/\/www.draama.ee\/\" target=\"_blank\" rel=\"noopener\"><strong>DRAAMA<\/strong><\/a>\u201d, noska\u0146\u0101m bag\u0101t\u0101s\u00a0<a href=\"https:\/\/studentdays.ee\/en\/\" target=\"_blank\" rel=\"noopener\"><strong>studentu dienas\u00a0<\/strong><\/a>pavasar\u012b un ruden\u012b, filmu festiv\u0101ls \u201c<a href=\"https:\/\/tartuff.ee\/en\/\" target=\"_blank\" rel=\"noopener\"><strong>tARTuFF<\/strong><\/a>\u201d, Ielu m\u0101kslas festiv\u0101ls \u201c<a href=\"http:\/\/www.stencibility.eu\/en\" target=\"_blank\" rel=\"noopener\"><strong>Stencibility<\/strong><\/a>\u201d, rado\u0161\u0101s pils\u0113ti\u0146as \u201c<a href=\"https:\/\/www.visitestonia.com\/lv\/rados%C4%81-pils%C4%93ti%C5%86a-apar%C4%81tu-r%C5%ABpn%C4%ABca\" target=\"_blank\" rel=\"noopener\"><strong>Aparaaditehas<\/strong><\/a>\u201d festiv\u0101ls u.c. Par neskait\u0101maj\u0101m laika pavad\u012b\u0161anas iesp\u0113j\u0101m Tartu pla\u0161\u0101ku ieskatu var g\u016bt Tartu kult\u016bras pas\u0101kumu kalend\u0101r\u0101 \u201cTartu Kult\u016bras logs\u201d\u00a0<strong><a href=\"https:\/\/kultuuriaken.tartu.ee\/en\" target=\"_blank\" rel=\"noopener\">www.kultuuriaken.ee<\/a><\/strong><a href=\"https:\/\/kultuuriaken.tartu.ee\/en\" target=\"_blank\" rel=\"noopener\"><strong>.<\/strong><\/a>\t\t\t\t\t\t\t\t<\/div>\n\t\t\t\t<\/div>\n\t\t\t\t<\/div>\n\t\t\t\t\t<\/div>\n\t\t\t\t<\/div>\n\t\t\t\t\t<\/div>\n\t\t\t\t<\/div>\n\t\t\t\t\t<\/div>\n\t\t\t\t<\/div>\n\t\t<div class=\"elementor-element elementor-element-c766c65 con-2col-imgtxt cont e-flex e-con-boxed e-con e-parent\" data-id=\"c766c65\" data-element_type=\"container\" data-settings=\"{&quot;background_background&quot;:&quot;classic&quot;}\">\n\t\t\t\t\t<div class=\"e-con-inner\">\n\t\t<div class=\"elementor-element elementor-element-e748d99 e-flex e-con-boxed e-con e-child\" data-id=\"e748d99\" data-element_type=\"container\">\n\t\t\t\t\t<div class=\"e-con-inner\">\n\t\t<div class=\"elementor-element elementor-element-5af653d e-con-full e-flex e-con e-child\" data-id=\"5af653d\" data-element_type=\"container\">\n\t\t\t\t<div class=\"elementor-element elementor-element-de71a9c elementor-widget elementor-widget-spacer\" data-id=\"de71a9c\" data-element_type=\"widget\" data-widget_type=\"spacer.default\">\n\t\t\t\t<div class=\"elementor-widget-container\">\n\t\t\t\t\t\t\t<div class=\"elementor-spacer\">\n\t\t\t<div class=\"elementor-spacer-inner\"><\/div>\n\t\t<\/div>\n\t\t\t\t\t\t<\/div>\n\t\t\t\t<\/div>\n\t\t\t\t<div class=\"elementor-element elementor-element-50819b6 elementor-widget elementor-widget-heading\" data-id=\"50819b6\" data-element_type=\"widget\" data-widget_type=\"heading.default\">\n\t\t\t\t<div class=\"elementor-widget-container\">\n\t\t\t\t\t<h2 class=\"elementor-heading-title elementor-size-default\">5. Bag\u0101t\u012bga gar\u0161u pasaule<\/h2>\t\t\t\t<\/div>\n\t\t\t\t<\/div>\n\t\t\t\t<div class=\"elementor-element elementor-element-93e12d4 elementor-widget elementor-widget-text-editor\" data-id=\"93e12d4\" data-element_type=\"widget\" data-widget_type=\"text-editor.default\">\n\t\t\t\t<div class=\"elementor-widget-container\">\n\t\t\t\t\t\t\t\t\t<p>Tartu ir Dienvidigaunijas gar\u0161u centrs. \u0160eit pla\u0161i pieejamas omul\u012bgas kafejn\u012bcas un savdab\u012bgi restor\u0101ni, kuri pied\u0101v\u0101 nobaud\u012bt gan \u012bstus igau\u0146u \u0113dienus, gan cittautu virtuvi. Turkl\u0101t re\u0123ions izpeln\u012bjies atzin\u012bbu, pateicoties vair\u0101kiem pas\u0101kumiem, kuros tiek nov\u0113rt\u0113ts labs un vesel\u012bgs uzturs. Piem\u0113ram, febru\u0101r\u012b, gard\u0113\u017eus pils\u0113tas restor\u0101nos pulcina pas\u0101kums \u201c<a href=\"https:\/\/www.maitsevtartu.ee\/en\/\" target=\"_blank\" rel=\"noopener\"><strong>Gar\u0161\u012bg\u0101 Tartu<\/strong><\/a>\u201d, bet vasar\u012bgais\u00a0<a href=\"https:\/\/www.maitsevtartu.ee\/en\/\" target=\"_blank\" rel=\"noopener\"><strong>Tartu P\u0101rtikas un v\u012bna festiv\u0101ls<\/strong><\/a> saved kop\u0101 pa\u0161us lab\u0101kos Dienvidigaunijas m\u0101jra\u017eot\u0101jus, kuri liek gald\u0101 da\u017e\u0101dus labumus un sezonas d\u0101rza veltes. Arvien liel\u0101ku popularit\u0101ti k\u0101 pils\u0113t\u0101, t\u0101 apri\u0146\u0137\u012b g\u016bst M\u0101jas kafejn\u012bcu dienas. Visu restor\u0101nu, kafejn\u012bcu un \u0113dienu piered\u017eu izv\u0113li atrad\u012bsiet lap\u0101 &#8220;<a href=\"https:\/\/visittartu.com\/lv\/ed-un-dzer\/\">\u0112d un dzer<\/a>&#8220;.<\/p>\n\t\t\t\t\t\t\t\t<\/div>\n\t\t\t\t<\/div>\n\t\t\t\t<\/div>\n\t\t<div class=\"elementor-element elementor-element-16a3c1d e-con-full e-flex e-con e-child\" data-id=\"16a3c1d\" data-element_type=\"container\">\n\t\t\t\t<div class=\"elementor-element elementor-element-2ff2e88 elementor-widget elementor-widget-spacer\" data-id=\"2ff2e88\" data-element_type=\"widget\" data-widget_type=\"spacer.default\">\n\t\t\t\t<div class=\"elementor-widget-container\">\n\t\t\t\t\t\t\t<div class=\"elementor-spacer\">\n\t\t\t<div class=\"elementor-spacer-inner\"><\/div>\n\t\t<\/div>\n\t\t\t\t\t\t<\/div>\n\t\t\t\t<\/div>\n\t\t\t\t<div class=\"elementor-element elementor-element-543f2fa elementor-widget elementor-widget-image\" data-id=\"543f2fa\" data-element_type=\"widget\" data-widget_type=\"image.default\">\n\t\t\t\t<div class=\"elementor-widget-container\">\n\t\t\t\t\t\t\t\t\t\t\t\t<figure class=\"wp-caption\">\n\t\t\t\t\t\t\t\t\t\t<img loading=\"lazy\" decoding=\"async\" width=\"1024\" height=\"682\" src=\"https:\/\/visittartu.com\/wp-content\/uploads\/2023\/11\/Kiur-Kaasik-tanavatoidufest-aparaadis-1024x682.jpg\" class=\"attachment-large size-large wp-image-83517\" alt=\"kuhu minna s\u00f6\u00f6ma Tartu\" srcset=\"https:\/\/visittartu.com\/wp-content\/uploads\/2023\/11\/Kiur-Kaasik-tanavatoidufest-aparaadis-1024x682.jpg 1024w, https:\/\/visittartu.com\/wp-content\/uploads\/2023\/11\/Kiur-Kaasik-tanavatoidufest-aparaadis-300x200.jpg 300w, https:\/\/visittartu.com\/wp-content\/uploads\/2023\/11\/Kiur-Kaasik-tanavatoidufest-aparaadis-768x512.jpg 768w, https:\/\/visittartu.com\/wp-content\/uploads\/2023\/11\/Kiur-Kaasik-tanavatoidufest-aparaadis-1536x1024.jpg 1536w, https:\/\/visittartu.com\/wp-content\/uploads\/2023\/11\/Kiur-Kaasik-tanavatoidufest-aparaadis.jpg 1700w\" sizes=\"(max-width: 1024px) 100vw, 1024px\" \/>\t\t\t\t\t\t\t\t\t\t\t<figcaption class=\"widget-image-caption wp-caption-text\">Ielu p\u0101rtikas festiv\u0101ls Aparat\u016bras fabrik\u0101, Kiur Kaasik<\/figcaption>\n\t\t\t\t\t\t\t\t\t\t<\/figure>\n\t\t\t\t\t\t\t\t\t<\/div>\n\t\t\t\t<\/div>\n\t\t\t\t<\/div>\n\t\t\t\t\t<\/div>\n\t\t\t\t<\/div>\n\t\t\t\t\t<\/div>\n\t\t\t\t<\/div>\n\t\t<div class=\"elementor-element elementor-element-7c717fd e-flex e-con-boxed e-con e-parent\" data-id=\"7c717fd\" data-element_type=\"container\">\n\t\t\t\t\t<div class=\"e-con-inner\">\n\t\t<div class=\"elementor-element elementor-element-ef84d38 e-flex e-con-boxed e-con e-child\" data-id=\"ef84d38\" data-element_type=\"container\">\n\t\t\t\t\t<div class=\"e-con-inner\">\n\t\t<div class=\"elementor-element elementor-element-5331ff8 e-con-full e-flex e-con e-child\" data-id=\"5331ff8\" data-element_type=\"container\">\n\t\t\t\t<div class=\"elementor-element elementor-element-740a1a1 elementor-widget elementor-widget-heading\" data-id=\"740a1a1\" data-element_type=\"widget\" data-widget_type=\"heading.default\">\n\t\t\t\t<div class=\"elementor-widget-container\">\n\t\t\t\t\t<h2 class=\"elementor-heading-title elementor-size-default\">6. Savdab\u012bg\u0101s pils\u0113tas da\u013cas ar koka apb\u016bvi<\/h2>\t\t\t\t<\/div>\n\t\t\t\t<\/div>\n\t\t\t\t<div class=\"elementor-element elementor-element-a855d22 elementor-widget elementor-widget-image\" data-id=\"a855d22\" data-element_type=\"widget\" data-widget_type=\"image.default\">\n\t\t\t\t<div class=\"elementor-widget-container\">\n\t\t\t\t\t\t\t\t\t\t\t\t<figure class=\"wp-caption\">\n\t\t\t\t\t\t\t\t\t\t<img loading=\"lazy\" decoding=\"async\" width=\"819\" height=\"1024\" src=\"https:\/\/visittartu.com\/wp-content\/uploads\/2023\/11\/Supilinn-tanavakunst-Evelin-Pihlak-819x1024.jpg\" class=\"attachment-large size-large wp-image-83547\" alt=\"mida teha tartus puust linn\" srcset=\"https:\/\/visittartu.com\/wp-content\/uploads\/2023\/11\/Supilinn-tanavakunst-Evelin-Pihlak-819x1024.jpg 819w, https:\/\/visittartu.com\/wp-content\/uploads\/2023\/11\/Supilinn-tanavakunst-Evelin-Pihlak-240x300.jpg 240w, https:\/\/visittartu.com\/wp-content\/uploads\/2023\/11\/Supilinn-tanavakunst-Evelin-Pihlak-768x960.jpg 768w, https:\/\/visittartu.com\/wp-content\/uploads\/2023\/11\/Supilinn-tanavakunst-Evelin-Pihlak-1229x1536.jpg 1229w, https:\/\/visittartu.com\/wp-content\/uploads\/2023\/11\/Supilinn-tanavakunst-Evelin-Pihlak-1638x2048.jpg 1638w, https:\/\/visittartu.com\/wp-content\/uploads\/2023\/11\/Supilinn-tanavakunst-Evelin-Pihlak.jpg 1700w\" sizes=\"(max-width: 819px) 100vw, 819px\" \/>\t\t\t\t\t\t\t\t\t\t\t<figcaption class=\"widget-image-caption wp-caption-text\">Supilinn, Evelin Pihlak<\/figcaption>\n\t\t\t\t\t\t\t\t\t\t<\/figure>\n\t\t\t\t\t\t\t\t\t<\/div>\n\t\t\t\t<\/div>\n\t\t\t\t<div class=\"elementor-element elementor-element-5d5113d elementor-widget elementor-widget-text-editor\" data-id=\"5d5113d\" data-element_type=\"widget\" data-widget_type=\"text-editor.default\">\n\t\t\t\t<div class=\"elementor-widget-container\">\n\t\t\t\t\t\t\t\t\t<p>Boh\u0113misku garu izstarojo\u0161aj\u0101 Karlov\u0101 un Supilinn\u0101 savijas \u0161o pils\u0113tas da\u013cu aizraujo\u0161\u0101 v\u0113sture, izcil\u0101 arhitekt\u016bra un spilgtie ielu m\u0101kslas paraugi \u2013 t\u0101da ir \u201c<strong>maz\u0101 koka pils\u0113ta<\/strong>\u201d, kas iev\u0113rojama ar saviem vecajiem koka namiem un nedaudz ekscentrisko atmosf\u0113ru. Pavasaros gan viet\u0113jiem \u013caud\u012bm, gan pils\u0113tas viesiem ir iesp\u0113jams iesaist\u012bties pils\u0113tas da\u017e\u0101do\u00a0<strong>rajonu sv\u0113tkos\u00a0<\/strong>ar da\u017e\u0101diem aizraujo\u0161iem pas\u0101kumiem, kas jau t\u0101 kolor\u012bto apvidu ar unik\u0101lu arhitekt\u016bru un noska\u0146u padara v\u0113l jo noz\u012bm\u012bg\u0101ku.<\/p>\n\t\t\t\t\t\t\t\t<\/div>\n\t\t\t\t<\/div>\n\t\t\t\t<\/div>\n\t\t<div class=\"elementor-element elementor-element-9bdcd35 e-con-full e-flex e-con e-child\" data-id=\"9bdcd35\" data-element_type=\"container\">\n\t\t\t\t<div class=\"elementor-element elementor-element-82d8edf elementor-widget elementor-widget-heading\" data-id=\"82d8edf\" data-element_type=\"widget\" data-widget_type=\"heading.default\">\n\t\t\t\t<div class=\"elementor-widget-container\">\n\t\t\t\t\t<h2 class=\"elementor-heading-title elementor-size-default\">7. Kr\u0101saina ielu m\u0101ksla<\/h2>\t\t\t\t<\/div>\n\t\t\t\t<\/div>\n\t\t\t\t<div class=\"elementor-element elementor-element-7dedaac elementor-widget elementor-widget-image\" data-id=\"7dedaac\" data-element_type=\"widget\" data-widget_type=\"image.default\">\n\t\t\t\t<div class=\"elementor-widget-container\">\n\t\t\t\t\t\t\t\t\t\t\t\t<figure class=\"wp-caption\">\n\t\t\t\t\t\t\t\t\t\t<img loading=\"lazy\" decoding=\"async\" width=\"1024\" height=\"768\" src=\"https:\/\/visittartu.com\/wp-content\/uploads\/2023\/11\/Supilinn-Ruth-Parnaku-1024x768.jpeg\" class=\"attachment-large size-large wp-image-83554\" alt=\"mida teha tartus t\u00e4navakunst\" srcset=\"https:\/\/visittartu.com\/wp-content\/uploads\/2023\/11\/Supilinn-Ruth-Parnaku-1024x768.jpeg 1024w, https:\/\/visittartu.com\/wp-content\/uploads\/2023\/11\/Supilinn-Ruth-Parnaku-300x225.jpeg 300w, https:\/\/visittartu.com\/wp-content\/uploads\/2023\/11\/Supilinn-Ruth-Parnaku-768x576.jpeg 768w, https:\/\/visittartu.com\/wp-content\/uploads\/2023\/11\/Supilinn-Ruth-Parnaku-1536x1152.jpeg 1536w, https:\/\/visittartu.com\/wp-content\/uploads\/2023\/11\/Supilinn-Ruth-Parnaku-2048x1536.jpeg 2048w\" sizes=\"(max-width: 1024px) 100vw, 1024px\" \/>\t\t\t\t\t\t\t\t\t\t\t<figcaption class=\"widget-image-caption wp-caption-text\">Supilinn ielas M\u0101ksla, Ruth Pindus<\/figcaption>\n\t\t\t\t\t\t\t\t\t\t<\/figure>\n\t\t\t\t\t\t\t\t\t<\/div>\n\t\t\t\t<\/div>\n\t\t\t\t<div class=\"elementor-element elementor-element-4310ff7 elementor-widget elementor-widget-text-editor\" data-id=\"4310ff7\" data-element_type=\"widget\" data-widget_type=\"text-editor.default\">\n\t\t\t\t<div class=\"elementor-widget-container\">\n\t\t\t\t\t\t\t\t\t<p>Eirop\u0101 nav p\u0101r\u0101k daudz pils\u0113tu, kur grafiti top sadarb\u012bb\u0101 ar pils\u0113tas vad\u012bbu. Tartu ar savu kolor\u012bto un daudzveid\u012bgo ielu m\u0101kslu ir viena no t\u0101d\u0101m. Dodoties pastaig\u0101s gan pa galvenaj\u0101m iel\u0101m, gan maz\u0101kiem s\u0101nce\u013ciem, diezgan bie\u017ei var sastapt interesantus meistardarbus vai grafiti sauk\u013cus un z\u012bm\u0113jumus. urkl\u0101t Tartu norisin\u0101s starptautiska m\u0113roga ielu m\u0101kslas festiv\u0101ls \u201c<a href=\"http:\/\/www.stencibility.eu\/\" target=\"_blank\" rel=\"noopener\"><strong>Stencibility<\/strong><\/a>\u201d, kas pulcina sava aroda lietprat\u0113jus un aizrauj ar\u012b t\u016bristus.<\/p>\n\t\t\t\t\t\t\t\t<\/div>\n\t\t\t\t<\/div>\n\t\t\t\t<\/div>\n\t\t\t\t\t<\/div>\n\t\t\t\t<\/div>\n\t\t<div class=\"elementor-element elementor-element-acc112f e-flex e-con-boxed e-con e-child\" data-id=\"acc112f\" data-element_type=\"container\">\n\t\t\t\t\t<div class=\"e-con-inner\">\n\t\t<div class=\"elementor-element elementor-element-9b78a90 e-con-full e-flex e-con e-child\" data-id=\"9b78a90\" data-element_type=\"container\">\n\t\t\t\t<div class=\"elementor-element elementor-element-6bb21c3 elementor-widget elementor-widget-heading\" data-id=\"6bb21c3\" data-element_type=\"widget\" data-widget_type=\"heading.default\">\n\t\t\t\t<div class=\"elementor-widget-container\">\n\t\t\t\t\t<h2 class=\"elementor-heading-title elementor-size-default\">Tartu viss ir rokas stiepiena att\u0101lum\u0101. 15 min\u016btes l\u012bdz gandr\u012bz jebkurai vietai! K\u0101j\u0101m, ar pils\u0113tas riteni vai jaunajiem un \u0113rtajiem autobusiem!<\/h2>\t\t\t\t<\/div>\n\t\t\t\t<\/div>\n\t\t\t\t<\/div>\n\t\t<div class=\"elementor-element elementor-element-b6ba939 e-con-full e-flex e-con e-child\" data-id=\"b6ba939\" data-element_type=\"container\">\n\t\t\t\t<div class=\"elementor-element elementor-element-eda8b82 elementor-widget elementor-widget-image\" data-id=\"eda8b82\" data-element_type=\"widget\" data-widget_type=\"image.default\">\n\t\t\t\t<div class=\"elementor-widget-container\">\n\t\t\t\t\t\t\t\t\t\t\t\t<figure class=\"wp-caption\">\n\t\t\t\t\t\t\t\t\t\t<img loading=\"lazy\" decoding=\"async\" width=\"486\" height=\"438\" src=\"https:\/\/visittartu.com\/wp-content\/uploads\/2023\/11\/Asset-3.png\" class=\"attachment-full size-full wp-image-83625\" alt=\"mida teha tartus\" srcset=\"https:\/\/visittartu.com\/wp-content\/uploads\/2023\/11\/Asset-3.png 486w, https:\/\/visittartu.com\/wp-content\/uploads\/2023\/11\/Asset-3-300x270.png 300w\" sizes=\"(max-width: 486px) 100vw, 486px\" \/>\t\t\t\t\t\t\t\t\t\t\t<figcaption class=\"widget-image-caption wp-caption-text\"><\/figcaption>\n\t\t\t\t\t\t\t\t\t\t<\/figure>\n\t\t\t\t\t\t\t\t\t<\/div>\n\t\t\t\t<\/div>\n\t\t\t\t<\/div>\n\t\t\t\t\t<\/div>\n\t\t\t\t<\/div>\n\t\t\t\t<div class=\"elementor-element elementor-element-9ec2ced elementor-widget elementor-widget-heading\" data-id=\"9ec2ced\" data-element_type=\"widget\" data-widget_type=\"heading.default\">\n\t\t\t\t<div class=\"elementor-widget-container\">\n\t\t\t\t\t<h2 class=\"elementor-heading-title elementor-size-default\">8. Tartu pils\u0113t\u0101 izbaud\u012bsi patiesu atp\u016btu<\/h2>\t\t\t\t<\/div>\n\t\t\t\t<\/div>\n\t\t\t\t\t<\/div>\n\t\t\t\t<\/div>\n\t\t<div class=\"elementor-element elementor-element-1690cca con-2col-imgtxt cont e-flex e-con-boxed e-con e-parent\" data-id=\"1690cca\" data-element_type=\"container\" data-settings=\"{&quot;background_background&quot;:&quot;classic&quot;}\">\n\t\t\t\t\t<div class=\"e-con-inner\">\n\t\t<div class=\"elementor-element elementor-element-f36763b e-flex e-con-boxed e-con e-child\" data-id=\"f36763b\" data-element_type=\"container\">\n\t\t\t\t\t<div class=\"e-con-inner\">\n\t\t<div class=\"elementor-element elementor-element-06ba9bc e-con-full e-flex e-con e-child\" data-id=\"06ba9bc\" data-element_type=\"container\">\n\t\t\t\t<div class=\"elementor-element elementor-element-aba3359 elementor-widget elementor-widget-text-editor\" data-id=\"aba3359\" data-element_type=\"widget\" data-widget_type=\"text-editor.default\">\n\t\t\t\t<div class=\"elementor-widget-container\">\n\t\t\t\t\t\t\t\t\t<p>Tartu ir lieliska vieta, kur atvilkt elpu un izbaud\u012bt eso\u0161o mirkli, turkl\u0101t v\u0113l pa\u0161\u0101 pils\u0113tas centr\u0101, kur gaida vilino\u0161i pirmklas\u012bgi spa un relaks\u0101cijas centri. Gan \u201c<a href=\"https:\/\/visittartu.com\/lv\/v-spa-labsaj%C5%ABtas-pasaule\" target=\"_blank\" rel=\"noopener\"><strong>V Spa<\/strong><\/a>\u201d \u016bdens un pirts pasaules, gan \u201c<a href=\"https:\/\/visittartu.com\/lv\/aura-centrs-0\" target=\"_blank\" rel=\"noopener\"><strong>Aura<\/strong><\/a>\u201d \u016bdens izklaides parks un vesel\u012bbas klubs apmekl\u0113t\u0101jus vilina ar da\u017e\u0101d\u0101m saun\u0101m, burbu\u013cvann\u0101m un baseiniem, kuros netr\u016bkst ar\u012b aizraujo\u0161u \u016bdens atrakciju pat vismaz\u0101kaj\u0101m \u0123imenes atvas\u012bt\u0113m. Pr\u0101tu uzmundrina ar\u012b gleznain\u0101s pils\u0113tas ainavas, svaigais gaiss un vi\u013c\u0146ojo\u0161\u0101 Emajegi upe \u2013 to visu var izbaud\u012bt, staig\u0101jot gar Emajegi krastiem, iegrie\u017eoties promen\u0101des omul\u012bgaj\u0101s kafejn\u012bc\u0101s un dodoties laivu braucienos ar<a href=\"https:\/\/visittartu.com\/lv\/liellaiva-j%C3%B5mmu\" target=\"_blank\" rel=\"noopener\"><strong>\u00a0liellaivu \u201cJ\u00f5mmu\u201d<\/strong><\/a>\u00a0un\u00a0<a href=\"https:\/\/lodi.ee\/en\" target=\"_blank\" rel=\"noopener\"><strong>vikingu laivu \u201cTurm\u201d<\/strong><\/a>.<\/p>\n\t\t\t\t\t\t\t\t<\/div>\n\t\t\t\t<\/div>\n\t\t\t\t<\/div>\n\t\t<div class=\"elementor-element elementor-element-66b4015 e-con-full e-flex e-con e-child\" data-id=\"66b4015\" data-element_type=\"container\">\n\t\t\t\t<div class=\"elementor-element elementor-element-a493cad elementor-widget elementor-widget-image\" data-id=\"a493cad\" data-element_type=\"widget\" data-widget_type=\"image.default\">\n\t\t\t\t<div class=\"elementor-widget-container\">\n\t\t\t\t\t\t\t\t\t\t\t\t<figure class=\"wp-caption\">\n\t\t\t\t\t\t\t\t\t\t<img loading=\"lazy\" decoding=\"async\" width=\"1024\" height=\"683\" src=\"https:\/\/visittartu.com\/wp-content\/uploads\/2023\/11\/jommu-emajoel-emajoe-lodjaselts-1024x683.jpeg\" class=\"attachment-large size-large wp-image-83571\" alt=\"mida teha tartus puhkus\" srcset=\"https:\/\/visittartu.com\/wp-content\/uploads\/2023\/11\/jommu-emajoel-emajoe-lodjaselts-1024x683.jpeg 1024w, https:\/\/visittartu.com\/wp-content\/uploads\/2023\/11\/jommu-emajoel-emajoe-lodjaselts-300x200.jpeg 300w, https:\/\/visittartu.com\/wp-content\/uploads\/2023\/11\/jommu-emajoel-emajoe-lodjaselts-768x512.jpeg 768w, https:\/\/visittartu.com\/wp-content\/uploads\/2023\/11\/jommu-emajoel-emajoe-lodjaselts.jpeg 1500w\" sizes=\"(max-width: 1024px) 100vw, 1024px\" \/>\t\t\t\t\t\t\t\t\t\t\t<figcaption class=\"widget-image-caption wp-caption-text\">liellaivu \u201cJ\u00f5mmu\u201d, Emaj\u00f5e Lodjaselts<\/figcaption>\n\t\t\t\t\t\t\t\t\t\t<\/figure>\n\t\t\t\t\t\t\t\t\t<\/div>\n\t\t\t\t<\/div>\n\t\t\t\t<\/div>\n\t\t\t\t\t<\/div>\n\t\t\t\t<\/div>\n\t\t\t\t\t<\/div>\n\t\t\t\t<\/div>\n\t\t<div class=\"elementor-element elementor-element-74f87cd con-2col-imgtxt cont e-flex e-con-boxed e-con e-parent\" data-id=\"74f87cd\" data-element_type=\"container\" data-settings=\"{&quot;background_background&quot;:&quot;classic&quot;}\">\n\t\t\t\t\t<div class=\"e-con-inner\">\n\t\t<div class=\"elementor-element elementor-element-63b2e52 e-flex e-con-boxed e-con e-child\" data-id=\"63b2e52\" data-element_type=\"container\">\n\t\t\t\t\t<div class=\"e-con-inner\">\n\t\t<div class=\"elementor-element elementor-element-853a0f2 e-con-full e-flex e-con e-child\" data-id=\"853a0f2\" data-element_type=\"container\">\n\t\t\t\t<div class=\"elementor-element elementor-element-89839ad elementor-widget elementor-widget-image\" data-id=\"89839ad\" data-element_type=\"widget\" data-widget_type=\"image.default\">\n\t\t\t\t<div class=\"elementor-widget-container\">\n\t\t\t\t\t\t\t\t\t\t\t\t<figure class=\"wp-caption\">\n\t\t\t\t\t\t\t\t\t\t<img decoding=\"async\" src=\"https:\/\/visittartu.com\/wp-content\/uploads\/ve\/2023\/03\/1680197752-9830.jpg\" title=\"\" alt=\"MIda teha perega Tartus? spaa\" loading=\"lazy\" \/>\t\t\t\t\t\t\t\t\t\t\t<figcaption class=\"widget-image-caption wp-caption-text\">Spa, Jarek J\u00f5epere<\/figcaption>\n\t\t\t\t\t\t\t\t\t\t<\/figure>\n\t\t\t\t\t\t\t\t\t<\/div>\n\t\t\t\t<\/div>\n\t\t\t\t<div class=\"elementor-element elementor-element-14298c2 elementor-widget elementor-widget-spacer\" data-id=\"14298c2\" data-element_type=\"widget\" data-widget_type=\"spacer.default\">\n\t\t\t\t<div class=\"elementor-widget-container\">\n\t\t\t\t\t\t\t<div class=\"elementor-spacer\">\n\t\t\t<div class=\"elementor-spacer-inner\"><\/div>\n\t\t<\/div>\n\t\t\t\t\t\t<\/div>\n\t\t\t\t<\/div>\n\t\t\t\t<\/div>\n\t\t<div class=\"elementor-element elementor-element-81ba9f1 e-con-full e-flex e-con e-child\" data-id=\"81ba9f1\" data-element_type=\"container\">\n\t\t\t\t<div class=\"elementor-element elementor-element-8ae2230 elementor-widget elementor-widget-heading\" data-id=\"8ae2230\" data-element_type=\"widget\" data-widget_type=\"heading.default\">\n\t\t\t\t<div class=\"elementor-widget-container\">\n\t\t\t\t\t<h2 class=\"elementor-heading-title elementor-size-default\">9. Aizraujo\u0161i atkl\u0101jumi visai \u0123imenei<\/h2>\t\t\t\t<\/div>\n\t\t\t\t<\/div>\n\t\t\t\t<div class=\"elementor-element elementor-element-e8a277c elementor-widget elementor-widget-text-editor\" data-id=\"e8a277c\" data-element_type=\"widget\" data-widget_type=\"text-editor.default\">\n\t\t\t\t<div class=\"elementor-widget-container\">\n\t\t\t\t\t\t\t\t\t<p>Tartu ir lab\u0101k\u0101 vieta<strong>\u00a0atp\u016btai ar \u0123imeni\u00a0<\/strong>\u2013 dro\u0161a un viengabalaina pils\u0113tvide pied\u0101v\u0101 daudzveid\u012bgas nodarbes jebkura vecuma \u0123imenes locek\u013ciem, k\u0101 ar\u012b sniedz iesp\u0113ju kop\u012bgi apg\u016bt un att\u012bst\u012bt jaunas zin\u0101\u0161anas. Gan pils\u0113t\u0101, gan t\u0101l\u0101k apri\u0146\u0137\u012b pla\u0161i pieejami rota\u013cu laukumi un parki, saj\u016bsmu raiso\u0161i muzeji ar interakt\u012bviem ekspon\u0101tiem, fant\u0101zijas bag\u0101ti rota\u013cu centri un lieliskas \u016bdens atrakcijas. \u0160eit atrad\u012bsiet milz\u012bgus mamutus un s\u012bci\u0146as paipalas, rota\u013clietas un meistaro\u0161anas darbn\u012bcas, batutus un k\u0101pel\u0113\u0161anas atrakcijas, k\u0101 ar\u012b daudz ko citu aizraujo\u0161u. Un kas pats svar\u012bg\u0101kais \u2013\u00a0t\u0101 k\u0101 Tartu ir<strong>\u00a0kompakta<\/strong>\u00a0pils\u0113ta, viss atrodas pietiekami tuvu, k\u0101 ar\u012b \u012bs\u0101 laik\u0101 iesp\u0113jams g\u016bt pla\u0161u pieredzi!<\/p>\n\t\t\t\t\t\t\t\t<\/div>\n\t\t\t\t<\/div>\n\t\t\t\t<\/div>\n\t\t\t\t\t<\/div>\n\t\t\t\t<\/div>\n\t\t\t\t\t<\/div>\n\t\t\t\t<\/div>\n\t\t<div class=\"elementor-element elementor-element-aa761af e-flex e-con-boxed e-con e-parent\" data-id=\"aa761af\" data-element_type=\"container\">\n\t\t\t\t\t<div class=\"e-con-inner\">\n\t\t<div class=\"elementor-element elementor-element-cbf1b64 con-2col-imgtxt cont e-flex e-con-boxed e-con e-child\" data-id=\"cbf1b64\" data-element_type=\"container\">\n\t\t\t\t\t<div class=\"e-con-inner\">\n\t\t\t\t<div class=\"elementor-element elementor-element-f8938c4 elementor-widget__width-inherit elementor-widget elementor-widget-heading\" data-id=\"f8938c4\" data-element_type=\"widget\" data-widget_type=\"heading.default\">\n\t\t\t\t<div class=\"elementor-widget-container\">\n\t\t\t\t\t<h2 class=\"elementor-heading-title elementor-size-default\">10. Pla\u0161as iesp\u0113jas akt\u012bvai atp\u016btai<\/h2>\t\t\t\t<\/div>\n\t\t\t\t<\/div>\n\t\t<div class=\"elementor-element elementor-element-6e8b5eb e-flex e-con-boxed e-con e-child\" data-id=\"6e8b5eb\" data-element_type=\"container\">\n\t\t\t\t\t<div class=\"e-con-inner\">\n\t\t<div class=\"elementor-element elementor-element-e44304e e-con-full e-flex e-con e-child\" data-id=\"e44304e\" data-element_type=\"container\">\n\t\t\t\t<div class=\"elementor-element elementor-element-10c89f3 elementor-widget elementor-widget-image\" data-id=\"10c89f3\" data-element_type=\"widget\" data-widget_type=\"image.default\">\n\t\t\t\t<div class=\"elementor-widget-container\">\n\t\t\t\t\t\t\t\t\t\t\t\t<figure class=\"wp-caption\">\n\t\t\t\t\t\t\t\t\t\t<img loading=\"lazy\" decoding=\"async\" width=\"1024\" height=\"683\" src=\"https:\/\/visittartu.com\/wp-content\/uploads\/2023\/09\/Tonis-Krikk-lange-motokeskus-1024x683.jpg\" class=\"attachment-large size-large wp-image-83483\" alt=\"mida teha tartus tartumaal lange motokeskus\" srcset=\"https:\/\/visittartu.com\/wp-content\/uploads\/2023\/09\/Tonis-Krikk-lange-motokeskus-1024x683.jpg 1024w, https:\/\/visittartu.com\/wp-content\/uploads\/2023\/09\/Tonis-Krikk-lange-motokeskus-300x200.jpg 300w, https:\/\/visittartu.com\/wp-content\/uploads\/2023\/09\/Tonis-Krikk-lange-motokeskus-768x512.jpg 768w, https:\/\/visittartu.com\/wp-content\/uploads\/2023\/09\/Tonis-Krikk-lange-motokeskus-1536x1025.jpg 1536w, https:\/\/visittartu.com\/wp-content\/uploads\/2023\/09\/Tonis-Krikk-lange-motokeskus.jpg 1700w\" sizes=\"(max-width: 1024px) 100vw, 1024px\" \/>\t\t\t\t\t\t\t\t\t\t\t<figcaption class=\"widget-image-caption wp-caption-text\">Lange Motokeskus karting track, T\u00f5nis Krikk <\/figcaption>\n\t\t\t\t\t\t\t\t\t\t<\/figure>\n\t\t\t\t\t\t\t\t\t<\/div>\n\t\t\t\t<\/div>\n\t\t\t\t<div class=\"elementor-element elementor-element-3178cb2 elementor-widget elementor-widget-spacer\" data-id=\"3178cb2\" data-element_type=\"widget\" data-widget_type=\"spacer.default\">\n\t\t\t\t<div class=\"elementor-widget-container\">\n\t\t\t\t\t\t\t<div class=\"elementor-spacer\">\n\t\t\t<div class=\"elementor-spacer-inner\"><\/div>\n\t\t<\/div>\n\t\t\t\t\t\t<\/div>\n\t\t\t\t<\/div>\n\t\t\t\t<div class=\"elementor-element elementor-element-7d888b1 elementor-widget elementor-widget-text-editor\" data-id=\"7d888b1\" data-element_type=\"widget\" data-widget_type=\"text-editor.default\">\n\t\t\t\t<div class=\"elementor-widget-container\">\n\t\t\t\t\t\t\t\t\t<p>Aizraujo\u0161as sportiskas aktivit\u0101tes un adrenal\u012bnu pilnus izaicin\u0101jumus Tartu var pieredz\u0113t gan lieli, gan mazi. Rite\u0146brauc\u0113jus un skritu\u013cslidot\u0101jus priec\u0113s mar\u0161ruti, no kuriem da\u013ca aptver ar\u012b Zieme\u013clatviju. Piedz\u012bvojumu mekl\u0113t\u0101ji var\u0113s p\u0101rbaud\u012bt savas sp\u0113jas piedz\u012bvojumu parkos, uz \u016bdens un kardinieku tras\u0113<\/p>\n\t\t\t\t\t\t\t\t<\/div>\n\t\t\t\t<\/div>\n\t\t\t\t<div class=\"elementor-element elementor-element-dee65d4 elementor-widget elementor-widget-spacer\" data-id=\"dee65d4\" data-element_type=\"widget\" data-widget_type=\"spacer.default\">\n\t\t\t\t<div class=\"elementor-widget-container\">\n\t\t\t\t\t\t\t<div class=\"elementor-spacer\">\n\t\t\t<div class=\"elementor-spacer-inner\"><\/div>\n\t\t<\/div>\n\t\t\t\t\t\t<\/div>\n\t\t\t\t<\/div>\n\t\t\t\t<\/div>\n\t\t<div class=\"elementor-element elementor-element-e4c9bf1 e-con-full e-flex e-con e-child\" data-id=\"e4c9bf1\" data-element_type=\"container\">\n\t\t\t\t<div class=\"elementor-element elementor-element-b3cede5 elementor-widget elementor-widget-image\" data-id=\"b3cede5\" data-element_type=\"widget\" data-widget_type=\"image.default\">\n\t\t\t\t<div class=\"elementor-widget-container\">\n\t\t\t\t\t\t\t\t\t\t\t\t<figure class=\"wp-caption\">\n\t\t\t\t\t\t\t\t\t\t<img loading=\"lazy\" decoding=\"async\" width=\"1024\" height=\"683\" src=\"https:\/\/visittartu.com\/wp-content\/uploads\/2023\/09\/laps-tagurpidi-majas-web--1024x683.jpg\" class=\"attachment-large size-large wp-image-83489\" alt=\"mida teha tartus tagurpidi maja\" srcset=\"https:\/\/visittartu.com\/wp-content\/uploads\/2023\/09\/laps-tagurpidi-majas-web--1024x683.jpg 1024w, https:\/\/visittartu.com\/wp-content\/uploads\/2023\/09\/laps-tagurpidi-majas-web--300x200.jpg 300w, https:\/\/visittartu.com\/wp-content\/uploads\/2023\/09\/laps-tagurpidi-majas-web--768x512.jpg 768w, https:\/\/visittartu.com\/wp-content\/uploads\/2023\/09\/laps-tagurpidi-majas-web--1536x1024.jpg 1536w, https:\/\/visittartu.com\/wp-content\/uploads\/2023\/09\/laps-tagurpidi-majas-web-.jpg 1557w\" sizes=\"(max-width: 1024px) 100vw, 1024px\" \/>\t\t\t\t\t\t\t\t\t\t\t<figcaption class=\"widget-image-caption wp-caption-text\">Apgriezt\u0101 m\u0101ja<\/figcaption>\n\t\t\t\t\t\t\t\t\t\t<\/figure>\n\t\t\t\t\t\t\t\t\t<\/div>\n\t\t\t\t<\/div>\n\t\t\t\t<div class=\"elementor-element elementor-element-7155984 elementor-widget elementor-widget-spacer\" data-id=\"7155984\" data-element_type=\"widget\" data-widget_type=\"spacer.default\">\n\t\t\t\t<div class=\"elementor-widget-container\">\n\t\t\t\t\t\t\t<div class=\"elementor-spacer\">\n\t\t\t<div class=\"elementor-spacer-inner\"><\/div>\n\t\t<\/div>\n\t\t\t\t\t\t<\/div>\n\t\t\t\t<\/div>\n\t\t\t\t<div class=\"elementor-element elementor-element-4e5cd03 elementor-widget elementor-widget-text-editor\" data-id=\"4e5cd03\" data-element_type=\"widget\" data-widget_type=\"text-editor.default\">\n\t\t\t\t<div class=\"elementor-widget-container\">\n\t\t\t\t\t\t\t\t\t<p>Neparastu un galvu reibino\u0161u piedz\u012bvojumu var g\u016bt\u00a0<a href=\"https:\/\/tagurpidimaja.ee\/lv\" target=\"_blank\" rel=\"noopener\"><strong>Apgrieztaj\u0101 m\u0101j\u0101<\/strong><\/a>, kur\u0101 visa iedz\u012bve ir k\u0101j\u0101m gais\u0101, bet, lai v\u0113l vair\u0101k apmekl\u0113t\u0101jiem sajauktu galvu, m\u0101ja ir ne vien apgriezta, bet ar\u012b \u0161\u0137\u012bba. Uztraukumu pilnas pieredzes var ieg\u016bt da\u017e\u0101d\u0101s izb\u0113g\u0161anas istab\u0101s un paintballa c\u012b\u0146\u0101s. Mier\u012bg\u0101kiem piedz\u012bvojumu mekl\u0113t\u0101jiem ir daudz pastaigu takas.<\/p>\n\t\t\t\t\t\t\t\t<\/div>\n\t\t\t\t<\/div>\n\t\t\t\t<div class=\"elementor-element elementor-element-35a6902 elementor-widget elementor-widget-spacer\" data-id=\"35a6902\" data-element_type=\"widget\" data-widget_type=\"spacer.default\">\n\t\t\t\t<div class=\"elementor-widget-container\">\n\t\t\t\t\t\t\t<div class=\"elementor-spacer\">\n\t\t\t<div class=\"elementor-spacer-inner\"><\/div>\n\t\t<\/div>\n\t\t\t\t\t\t<\/div>\n\t\t\t\t<\/div>\n\t\t\t\t<\/div>\n\t\t<div class=\"elementor-element elementor-element-0bec79e e-con-full e-flex e-con e-child\" data-id=\"0bec79e\" data-element_type=\"container\">\n\t\t\t\t<div class=\"elementor-element elementor-element-02b9968 elementor-widget elementor-widget-image\" data-id=\"02b9968\" data-element_type=\"widget\" data-widget_type=\"image.default\">\n\t\t\t\t<div class=\"elementor-widget-container\">\n\t\t\t\t\t\t\t\t\t\t\t\t<figure class=\"wp-caption\">\n\t\t\t\t\t\t\t\t\t\t<img loading=\"lazy\" decoding=\"async\" width=\"1024\" height=\"575\" src=\"https:\/\/visittartu.com\/wp-content\/uploads\/2023\/09\/Ardo-saks-Tartu-rattamaraton-1024x575.jpg\" class=\"attachment-large size-large wp-image-83495\" alt=\"tartu maraton sport mida teha\" srcset=\"https:\/\/visittartu.com\/wp-content\/uploads\/2023\/09\/Ardo-saks-Tartu-rattamaraton-1024x575.jpg 1024w, https:\/\/visittartu.com\/wp-content\/uploads\/2023\/09\/Ardo-saks-Tartu-rattamaraton-300x168.jpg 300w, https:\/\/visittartu.com\/wp-content\/uploads\/2023\/09\/Ardo-saks-Tartu-rattamaraton-768x431.jpg 768w, https:\/\/visittartu.com\/wp-content\/uploads\/2023\/09\/Ardo-saks-Tartu-rattamaraton-1536x863.jpg 1536w, https:\/\/visittartu.com\/wp-content\/uploads\/2023\/09\/Ardo-saks-Tartu-rattamaraton.jpg 2048w\" sizes=\"(max-width: 1024px) 100vw, 1024px\" \/>\t\t\t\t\t\t\t\t\t\t\t<figcaption class=\"widget-image-caption wp-caption-text\">Tartu maraton, Ardo Saks<\/figcaption>\n\t\t\t\t\t\t\t\t\t\t<\/figure>\n\t\t\t\t\t\t\t\t\t<\/div>\n\t\t\t\t<\/div>\n\t\t\t\t<div class=\"elementor-element elementor-element-709d096 elementor-widget elementor-widget-spacer\" data-id=\"709d096\" data-element_type=\"widget\" data-widget_type=\"spacer.default\">\n\t\t\t\t<div class=\"elementor-widget-container\">\n\t\t\t\t\t\t\t<div class=\"elementor-spacer\">\n\t\t\t<div class=\"elementor-spacer-inner\"><\/div>\n\t\t<\/div>\n\t\t\t\t\t\t<\/div>\n\t\t\t\t<\/div>\n\t\t\t\t<div class=\"elementor-element elementor-element-fed57fe elementor-widget elementor-widget-text-editor\" data-id=\"fed57fe\" data-element_type=\"widget\" data-widget_type=\"text-editor.default\">\n\t\t\t\t<div class=\"elementor-widget-container\">\n\t\t\t\t\t\t\t\t\t<p>Tartu un Tartu apgabal\u0101 notiek aizraujo\u0161i pas\u0101kumi katr\u0101 sezon\u0101, kuros var sacensties gan pieaugu\u0161ie, gan b\u0113rni. Slaven\u0101kie ir Tartu Maratona sl\u0113po\u0161anas, rite\u0146brauk\u0161anas, skrie\u0161anas un skritu\u013co\u0161anas maratoni. Rallijs Igaunija pievelk starptautisk\u0101s slaven\u012bbas un daudz skat\u012bt\u0101ju uz Tartu.<\/p>\n\t\t\t\t\t\t\t\t<\/div>\n\t\t\t\t<\/div>\n\t\t\t\t<div class=\"elementor-element elementor-element-80e9143 elementor-widget elementor-widget-spacer\" data-id=\"80e9143\" data-element_type=\"widget\" data-widget_type=\"spacer.default\">\n\t\t\t\t<div class=\"elementor-widget-container\">\n\t\t\t\t\t\t\t<div class=\"elementor-spacer\">\n\t\t\t<div class=\"elementor-spacer-inner\"><\/div>\n\t\t<\/div>\n\t\t\t\t\t\t<\/div>\n\t\t\t\t<\/div>\n\t\t\t\t<\/div>\n\t\t\t\t\t<\/div>\n\t\t\t\t<\/div>\n\t\t\t\t\t<\/div>\n\t\t\t\t<\/div>\n\t\t\t\t\t<\/div>\n\t\t\t\t<\/div>\n\t\t<div class=\"elementor-element elementor-element-86dd0d5 e-flex e-con-boxed e-con e-parent\" data-id=\"86dd0d5\" data-element_type=\"container\">\n\t\t\t\t\t<div class=\"e-con-inner\">\n\t\t\t\t<div class=\"elementor-element elementor-element-beacaff elementor-widget elementor-widget-spacer\" data-id=\"beacaff\" data-element_type=\"widget\" data-widget_type=\"spacer.default\">\n\t\t\t\t<div class=\"elementor-widget-container\">\n\t\t\t\t\t\t\t<div class=\"elementor-spacer\">\n\t\t\t<div class=\"elementor-spacer-inner\"><\/div>\n\t\t<\/div>\n\t\t\t\t\t\t<\/div>\n\t\t\t\t<\/div>\n\t\t\t\t<div class=\"elementor-element elementor-element-f4e8d63 elementor-widget elementor-widget-heading\" data-id=\"f4e8d63\" data-element_type=\"widget\" data-widget_type=\"heading.default\">\n\t\t\t\t<div class=\"elementor-widget-container\">\n\t\t\t\t\t<h2 class=\"elementor-heading-title elementor-size-default\">Las\u012bt vair\u0101k rakstu<\/h2>\t\t\t\t<\/div>\n\t\t\t\t<\/div>\n\t\t\t\t<div class=\"elementor-element elementor-element-7bacfe2 elementor-widget-divider--view-line elementor-widget elementor-widget-divider\" data-id=\"7bacfe2\" data-element_type=\"widget\" data-widget_type=\"divider.default\">\n\t\t\t\t<div class=\"elementor-widget-container\">\n\t\t\t\t\t\t\t<div class=\"elementor-divider\">\n\t\t\t<span class=\"elementor-divider-separator\">\n\t\t\t\t\t\t<\/span>\n\t\t<\/div>\n\t\t\t\t\t\t<\/div>\n\t\t\t\t<\/div>\n\t\t\t\t<div class=\"elementor-element elementor-element-90fdb32 elementor-widget elementor-widget-loop-carousel\" data-id=\"90fdb32\" data-element_type=\"widget\" data-settings=\"{&quot;template_id&quot;:76689,&quot;image_spacing_custom&quot;:{&quot;unit&quot;:&quot;px&quot;,&quot;size&quot;:0,&quot;sizes&quot;:[]},&quot;_skin&quot;:&quot;post&quot;,&quot;slides_to_show&quot;:&quot;3&quot;,&quot;slides_to_show_tablet&quot;:&quot;2&quot;,&quot;slides_to_show_mobile&quot;:&quot;1&quot;,&quot;slides_to_scroll&quot;:&quot;1&quot;,&quot;edit_handle_selector&quot;:&quot;.elementor-loop-container&quot;,&quot;autoplay&quot;:&quot;yes&quot;,&quot;autoplay_speed&quot;:5000,&quot;pause_on_hover&quot;:&quot;yes&quot;,&quot;pause_on_interaction&quot;:&quot;yes&quot;,&quot;infinite&quot;:&quot;yes&quot;,&quot;speed&quot;:500,&quot;offset_sides&quot;:&quot;none&quot;,&quot;image_spacing_custom_tablet&quot;:{&quot;unit&quot;:&quot;px&quot;,&quot;size&quot;:&quot;&quot;,&quot;sizes&quot;:[]},&quot;image_spacing_custom_mobile&quot;:{&quot;unit&quot;:&quot;px&quot;,&quot;size&quot;:&quot;&quot;,&quot;sizes&quot;:[]}}\" data-widget_type=\"loop-carousel.post\">\n\t\t\t\t<div class=\"elementor-widget-container\">\n\t\t\t\t\t\t\t<div class=\"swiper elementor-loop-container elementor-grid\" role=\"list\" dir=\"ltr\">\n\t\t\t\t<div class=\"swiper-wrapper\" aria-live=\"off\">\n\t\t<style id=\"loop-76689\">.elementor-76689 .elementor-element.elementor-element-2901ba8{--display:flex;}.elementor-widget-theme-post-featured-image .widget-image-caption{color:var( --e-global-color-text );font-family:var( --e-global-typography-text-font-family ), Sans-serif;font-size:var( --e-global-typography-text-font-size );font-weight:var( --e-global-typography-text-font-weight );line-height:var( --e-global-typography-text-line-height );}.elementor-76689 .elementor-element.elementor-element-633ab72 img{height:202px;object-fit:cover;object-position:center center;}.elementor-widget-theme-post-title .elementor-heading-title{font-family:var( --e-global-typography-primary-font-family ), Sans-serif;font-weight:var( --e-global-typography-primary-font-weight );color:var( --e-global-color-primary );}.elementor-76689 .elementor-element.elementor-element-7850b61 .elementor-heading-title{color:var( --e-global-color-text );}.elementor-widget-theme-post-excerpt .elementor-widget-container{font-family:var( --e-global-typography-text-font-family ), Sans-serif;font-size:var( --e-global-typography-text-font-size );font-weight:var( --e-global-typography-text-font-weight );line-height:var( --e-global-typography-text-line-height );color:var( --e-global-color-text );}@media(max-width:1024px){.elementor-widget-theme-post-featured-image .widget-image-caption{font-size:var( --e-global-typography-text-font-size );line-height:var( --e-global-typography-text-line-height );}.elementor-widget-theme-post-excerpt .elementor-widget-container{font-size:var( --e-global-typography-text-font-size );line-height:var( --e-global-typography-text-line-height );}}@media(max-width:767px){.elementor-widget-theme-post-featured-image .widget-image-caption{font-size:var( --e-global-typography-text-font-size );line-height:var( --e-global-typography-text-line-height );}.elementor-widget-theme-post-excerpt .elementor-widget-container{font-size:var( --e-global-typography-text-font-size );line-height:var( --e-global-typography-text-line-height );}}<\/style>\t\t<div data-elementor-type=\"loop-item\" data-elementor-id=\"76689\" class=\"elementor elementor-76689 swiper-slide e-loop-item e-loop-item-236209 post-236209 post type-post status-publish format-standard has-post-thumbnail hentry category-artiklid-lv tag-atputa-pilseta\" data-elementor-post-type=\"elementor_library\" role=\"group\" aria-roledescription=\"slide\" data-custom-edit-handle=\"1\">\n\t\t\t<a class=\"elementor-element elementor-element-2901ba8 e-flex e-con-boxed e-con e-parent\" data-id=\"2901ba8\" data-element_type=\"container\" href=\"https:\/\/visittartu.com\/lv\/ko-darit-tartu-ar-berniem\/\">\n\t\t\t\t\t<div class=\"e-con-inner\">\n\t\t\t\t<div class=\"elementor-element elementor-element-633ab72 elementor-widget elementor-widget-theme-post-featured-image elementor-widget-image\" data-id=\"633ab72\" data-element_type=\"widget\" data-widget_type=\"theme-post-featured-image.default\">\n\t\t\t\t<div class=\"elementor-widget-container\">\n\t\t\t\t\t\t\t\t\t\t\t\t\t\t\t<img loading=\"lazy\" decoding=\"async\" width=\"1024\" height=\"480\" src=\"https:\/\/visittartu.com\/wp-content\/uploads\/2026\/02\/Things-to-do-with-family-in-Tartu-1024x480.jpg\" class=\"attachment-large size-large wp-image-236210\" alt=\"\" srcset=\"https:\/\/visittartu.com\/wp-content\/uploads\/2026\/02\/Things-to-do-with-family-in-Tartu-1024x480.jpg 1024w, https:\/\/visittartu.com\/wp-content\/uploads\/2026\/02\/Things-to-do-with-family-in-Tartu-300x141.jpg 300w, https:\/\/visittartu.com\/wp-content\/uploads\/2026\/02\/Things-to-do-with-family-in-Tartu-768x360.jpg 768w, https:\/\/visittartu.com\/wp-content\/uploads\/2026\/02\/Things-to-do-with-family-in-Tartu-1536x720.jpg 1536w, https:\/\/visittartu.com\/wp-content\/uploads\/2026\/02\/Things-to-do-with-family-in-Tartu.jpg 1920w\" sizes=\"(max-width: 1024px) 100vw, 1024px\" \/>\t\t\t\t\t\t\t\t\t\t\t\t\t\t\t<\/div>\n\t\t\t\t<\/div>\n\t\t\t\t<div class=\"elementor-element elementor-element-7850b61 elementor-widget elementor-widget-theme-post-title elementor-page-title elementor-widget-heading\" data-id=\"7850b61\" data-element_type=\"widget\" data-widget_type=\"theme-post-title.default\">\n\t\t\t\t<div class=\"elementor-widget-container\">\n\t\t\t\t\t<h3 class=\"elementor-heading-title elementor-size-default\">Ko dar\u012bt Tartu ar b\u0113rniem?<\/h3>\t\t\t\t<\/div>\n\t\t\t\t<\/div>\n\t\t\t\t\t<\/div>\n\t\t\t\t<\/a>\n\t\t\t\t<\/div>\n\t\t\t\t<div data-elementor-type=\"loop-item\" data-elementor-id=\"76689\" class=\"elementor elementor-76689 swiper-slide e-loop-item e-loop-item-230040 post-230040 post type-post status-publish format-standard has-post-thumbnail hentry category-artiklid-lv category-news-lv tag-kultura tag-sundmused-lv\" data-elementor-post-type=\"elementor_library\" role=\"group\" aria-roledescription=\"slide\" data-custom-edit-handle=\"1\">\n\t\t\t<a class=\"elementor-element elementor-element-2901ba8 e-flex e-con-boxed e-con e-parent\" data-id=\"2901ba8\" data-element_type=\"container\" href=\"https:\/\/visittartu.com\/lv\/tartu-pasakumi-2026-gada\/\">\n\t\t\t\t\t<div class=\"e-con-inner\">\n\t\t\t\t<div class=\"elementor-element elementor-element-633ab72 elementor-widget elementor-widget-theme-post-featured-image elementor-widget-image\" data-id=\"633ab72\" data-element_type=\"widget\" data-widget_type=\"theme-post-featured-image.default\">\n\t\t\t\t<div class=\"elementor-widget-container\">\n\t\t\t\t\t\t\t\t\t\t\t\t\t\t\t<img loading=\"lazy\" decoding=\"async\" width=\"1024\" height=\"682\" src=\"https:\/\/visittartu.com\/wp-content\/uploads\/2025\/12\/749680-tartu_jaanituli_silvertonisson_089_23062025-1024x682.jpg\" class=\"attachment-large size-large wp-image-236951\" alt=\"tartu_visittartu_jaanituli_silver_t\u00f5nisson\" srcset=\"https:\/\/visittartu.com\/wp-content\/uploads\/2025\/12\/749680-tartu_jaanituli_silvertonisson_089_23062025-1024x682.jpg 1024w, https:\/\/visittartu.com\/wp-content\/uploads\/2025\/12\/749680-tartu_jaanituli_silvertonisson_089_23062025-300x200.jpg 300w, https:\/\/visittartu.com\/wp-content\/uploads\/2025\/12\/749680-tartu_jaanituli_silvertonisson_089_23062025-768x511.jpg 768w, https:\/\/visittartu.com\/wp-content\/uploads\/2025\/12\/749680-tartu_jaanituli_silvertonisson_089_23062025-1536x1022.jpg 1536w, https:\/\/visittartu.com\/wp-content\/uploads\/2025\/12\/749680-tartu_jaanituli_silvertonisson_089_23062025-2048x1363.jpg 2048w\" sizes=\"(max-width: 1024px) 100vw, 1024px\" \/>\t\t\t\t\t\t\t\t\t\t\t\t\t\t\t<\/div>\n\t\t\t\t<\/div>\n\t\t\t\t<div class=\"elementor-element elementor-element-7850b61 elementor-widget elementor-widget-theme-post-title elementor-page-title elementor-widget-heading\" data-id=\"7850b61\" data-element_type=\"widget\" data-widget_type=\"theme-post-title.default\">\n\t\t\t\t<div class=\"elementor-widget-container\">\n\t\t\t\t\t<h3 class=\"elementor-heading-title elementor-size-default\">Tartu pas\u0101kumi 2026. gad\u0101<\/h3>\t\t\t\t<\/div>\n\t\t\t\t<\/div>\n\t\t\t\t\t<\/div>\n\t\t\t\t<\/a>\n\t\t\t\t<\/div>\n\t\t\t\t<div data-elementor-type=\"loop-item\" data-elementor-id=\"76689\" class=\"elementor elementor-76689 swiper-slide e-loop-item e-loop-item-151384 post-151384 post type-post status-publish format-standard has-post-thumbnail hentry category-artiklid-lv tag-atputa-pilseta tag-kultura\" data-elementor-post-type=\"elementor_library\" role=\"group\" aria-roledescription=\"slide\" data-custom-edit-handle=\"1\">\n\t\t\t<a class=\"elementor-element elementor-element-2901ba8 e-flex e-con-boxed e-con e-parent\" data-id=\"2901ba8\" data-element_type=\"container\" href=\"https:\/\/visittartu.com\/lv\/tartu-apburosie-koka-apbuves-kvartali\/\">\n\t\t\t\t\t<div class=\"e-con-inner\">\n\t\t\t\t<div class=\"elementor-element elementor-element-633ab72 elementor-widget elementor-widget-theme-post-featured-image elementor-widget-image\" data-id=\"633ab72\" data-element_type=\"widget\" data-widget_type=\"theme-post-featured-image.default\">\n\t\t\t\t<div class=\"elementor-widget-container\">\n\t\t\t\t\t\t\t\t\t\t\t\t\t\t\t<img loading=\"lazy\" decoding=\"async\" width=\"1024\" height=\"683\" src=\"https:\/\/visittartu.com\/wp-content\/uploads\/2024\/08\/543176-luminetartu_-ketlinlaats_9-8-1024x683.jpg\" class=\"attachment-large size-large wp-image-227021\" alt=\"lumine_tartu_ketlinl\u00e4\u00e4ts\" srcset=\"https:\/\/visittartu.com\/wp-content\/uploads\/2024\/08\/543176-luminetartu_-ketlinlaats_9-8-1024x683.jpg 1024w, https:\/\/visittartu.com\/wp-content\/uploads\/2024\/08\/543176-luminetartu_-ketlinlaats_9-8-300x200.jpg 300w, https:\/\/visittartu.com\/wp-content\/uploads\/2024\/08\/543176-luminetartu_-ketlinlaats_9-8-768x513.jpg 768w, https:\/\/visittartu.com\/wp-content\/uploads\/2024\/08\/543176-luminetartu_-ketlinlaats_9-8.jpg 1500w\" sizes=\"(max-width: 1024px) 100vw, 1024px\" \/>\t\t\t\t\t\t\t\t\t\t\t\t\t\t\t<\/div>\n\t\t\t\t<\/div>\n\t\t\t\t<div class=\"elementor-element elementor-element-7850b61 elementor-widget elementor-widget-theme-post-title elementor-page-title elementor-widget-heading\" data-id=\"7850b61\" data-element_type=\"widget\" data-widget_type=\"theme-post-title.default\">\n\t\t\t\t<div class=\"elementor-widget-container\">\n\t\t\t\t\t<h3 class=\"elementor-heading-title elementor-size-default\">Tartu apburo\u0161ie koka apb\u016bves kvart\u0101li<\/h3>\t\t\t\t<\/div>\n\t\t\t\t<\/div>\n\t\t\t\t\t<\/div>\n\t\t\t\t<\/a>\n\t\t\t\t<\/div>\n\t\t\t\t<div data-elementor-type=\"loop-item\" data-elementor-id=\"76689\" class=\"elementor elementor-76689 swiper-slide e-loop-item e-loop-item-151381 post-151381 post type-post status-publish format-standard has-post-thumbnail hentry category-artiklid-lv tag-muzejs\" data-elementor-post-type=\"elementor_library\" role=\"group\" aria-roledescription=\"slide\" data-custom-edit-handle=\"1\">\n\t\t\t<a class=\"elementor-element elementor-element-2901ba8 e-flex e-con-boxed e-con e-parent\" data-id=\"2901ba8\" data-element_type=\"container\" href=\"https:\/\/visittartu.com\/lv\/katrs-tartu-muzejs-stasta-savu-stastu\/\">\n\t\t\t\t\t<div class=\"e-con-inner\">\n\t\t\t\t<div class=\"elementor-element elementor-element-633ab72 elementor-widget elementor-widget-theme-post-featured-image elementor-widget-image\" data-id=\"633ab72\" data-element_type=\"widget\" data-widget_type=\"theme-post-featured-image.default\">\n\t\t\t\t<div class=\"elementor-widget-container\">\n\t\t\t\t\t\t\t\t\t\t\t\t\t\t\t<img loading=\"lazy\" decoding=\"async\" width=\"1024\" height=\"682\" src=\"https:\/\/visittartu.com\/wp-content\/uploads\/2024\/10\/549958-toomkirik_ragnarvutt_-keskmine-1024x682.jpg\" class=\"attachment-large size-large wp-image-149643\" alt=\"Tartu_Visittartu_toomkirik_Ragnar_Vutt_Visitestonia\" srcset=\"https:\/\/visittartu.com\/wp-content\/uploads\/2024\/10\/549958-toomkirik_ragnarvutt_-keskmine-1024x682.jpg 1024w, https:\/\/visittartu.com\/wp-content\/uploads\/2024\/10\/549958-toomkirik_ragnarvutt_-keskmine-300x200.jpg 300w, https:\/\/visittartu.com\/wp-content\/uploads\/2024\/10\/549958-toomkirik_ragnarvutt_-keskmine-768x511.jpg 768w, https:\/\/visittartu.com\/wp-content\/uploads\/2024\/10\/549958-toomkirik_ragnarvutt_-keskmine.jpg 1500w\" sizes=\"(max-width: 1024px) 100vw, 1024px\" \/>\t\t\t\t\t\t\t\t\t\t\t\t\t\t\t<\/div>\n\t\t\t\t<\/div>\n\t\t\t\t<div class=\"elementor-element elementor-element-7850b61 elementor-widget elementor-widget-theme-post-title elementor-page-title elementor-widget-heading\" data-id=\"7850b61\" data-element_type=\"widget\" data-widget_type=\"theme-post-title.default\">\n\t\t\t\t<div class=\"elementor-widget-container\">\n\t\t\t\t\t<h3 class=\"elementor-heading-title elementor-size-default\">Katrs Tartu muzejs st\u0101sta savu st\u0101stu<\/h3>\t\t\t\t<\/div>\n\t\t\t\t<\/div>\n\t\t\t\t\t<\/div>\n\t\t\t\t<\/a>\n\t\t\t\t<\/div>\n\t\t\t\t<div data-elementor-type=\"loop-item\" data-elementor-id=\"76689\" class=\"elementor elementor-76689 swiper-slide e-loop-item e-loop-item-151379 post-151379 post type-post status-publish format-standard has-post-thumbnail hentry category-artiklid-lv tag-atputa-pilseta tag-vasara\" data-elementor-post-type=\"elementor_library\" role=\"group\" aria-roledescription=\"slide\" data-custom-edit-handle=\"1\">\n\t\t\t<a class=\"elementor-element elementor-element-2901ba8 e-flex e-con-boxed e-con e-parent\" data-id=\"2901ba8\" data-element_type=\"container\" href=\"https:\/\/visittartu.com\/lv\/bezmaksas-piedzivojumi-tartu\/\">\n\t\t\t\t\t<div class=\"e-con-inner\">\n\t\t\t\t<div class=\"elementor-element elementor-element-633ab72 elementor-widget elementor-widget-theme-post-featured-image elementor-widget-image\" data-id=\"633ab72\" data-element_type=\"widget\" data-widget_type=\"theme-post-featured-image.default\">\n\t\t\t\t<div class=\"elementor-widget-container\">\n\t\t\t\t\t\t\t\t\t\t\t\t\t\t\t<img loading=\"lazy\" decoding=\"async\" width=\"1024\" height=\"682\" src=\"https:\/\/visittartu.com\/wp-content\/uploads\/2024\/07\/513687-raekoda-kullamaa-0019-dji_0510-keskmine-1024x682.jpg\" class=\"attachment-large size-large wp-image-227074\" alt=\"Visittartu\" srcset=\"https:\/\/visittartu.com\/wp-content\/uploads\/2024\/07\/513687-raekoda-kullamaa-0019-dji_0510-keskmine-1024x682.jpg 1024w, https:\/\/visittartu.com\/wp-content\/uploads\/2024\/07\/513687-raekoda-kullamaa-0019-dji_0510-keskmine-300x200.jpg 300w, https:\/\/visittartu.com\/wp-content\/uploads\/2024\/07\/513687-raekoda-kullamaa-0019-dji_0510-keskmine-768x511.jpg 768w, https:\/\/visittartu.com\/wp-content\/uploads\/2024\/07\/513687-raekoda-kullamaa-0019-dji_0510-keskmine.jpg 1500w\" sizes=\"(max-width: 1024px) 100vw, 1024px\" \/>\t\t\t\t\t\t\t\t\t\t\t\t\t\t\t<\/div>\n\t\t\t\t<\/div>\n\t\t\t\t<div class=\"elementor-element elementor-element-7850b61 elementor-widget elementor-widget-theme-post-title elementor-page-title elementor-widget-heading\" data-id=\"7850b61\" data-element_type=\"widget\" data-widget_type=\"theme-post-title.default\">\n\t\t\t\t<div class=\"elementor-widget-container\">\n\t\t\t\t\t<h3 class=\"elementor-heading-title elementor-size-default\">Bezmaksas piedz\u012bvojumi Tartu<\/h3>\t\t\t\t<\/div>\n\t\t\t\t<\/div>\n\t\t\t\t\t<\/div>\n\t\t\t\t<\/a>\n\t\t\t\t<\/div>\n\t\t\t\t<div data-elementor-type=\"loop-item\" data-elementor-id=\"76689\" class=\"elementor elementor-76689 swiper-slide e-loop-item e-loop-item-151377 post-151377 post type-post status-publish format-standard has-post-thumbnail hentry category-artiklid-lv tag-vasara tag-zalais-galamerkis\" data-elementor-post-type=\"elementor_library\" role=\"group\" aria-roledescription=\"slide\" data-custom-edit-handle=\"1\">\n\t\t\t<a class=\"elementor-element elementor-element-2901ba8 e-flex e-con-boxed e-con e-parent\" data-id=\"2901ba8\" data-element_type=\"container\" href=\"https:\/\/visittartu.com\/lv\/aizraujosa-diena-ilgtspejiga-tartu\/\">\n\t\t\t\t\t<div class=\"e-con-inner\">\n\t\t\t\t<div class=\"elementor-element elementor-element-633ab72 elementor-widget elementor-widget-theme-post-featured-image elementor-widget-image\" data-id=\"633ab72\" data-element_type=\"widget\" data-widget_type=\"theme-post-featured-image.default\">\n\t\t\t\t<div class=\"elementor-widget-container\">\n\t\t\t\t\t\t\t\t\t\t\t\t\t\t\t<img loading=\"lazy\" decoding=\"async\" width=\"1024\" height=\"683\" src=\"https:\/\/visittartu.com\/wp-content\/uploads\/2026\/03\/601286-20240616_mana-kaasik_raekojaplats-02-keskmine-1-1024x683.jpg\" class=\"attachment-large size-large wp-image-236899\" alt=\"visittartu_tartu_manakaasik\" srcset=\"https:\/\/visittartu.com\/wp-content\/uploads\/2026\/03\/601286-20240616_mana-kaasik_raekojaplats-02-keskmine-1-1024x683.jpg 1024w, https:\/\/visittartu.com\/wp-content\/uploads\/2026\/03\/601286-20240616_mana-kaasik_raekojaplats-02-keskmine-1-300x200.jpg 300w, https:\/\/visittartu.com\/wp-content\/uploads\/2026\/03\/601286-20240616_mana-kaasik_raekojaplats-02-keskmine-1-768x512.jpg 768w, https:\/\/visittartu.com\/wp-content\/uploads\/2026\/03\/601286-20240616_mana-kaasik_raekojaplats-02-keskmine-1.jpg 1500w\" sizes=\"(max-width: 1024px) 100vw, 1024px\" \/>\t\t\t\t\t\t\t\t\t\t\t\t\t\t\t<\/div>\n\t\t\t\t<\/div>\n\t\t\t\t<div class=\"elementor-element elementor-element-7850b61 elementor-widget elementor-widget-theme-post-title elementor-page-title elementor-widget-heading\" data-id=\"7850b61\" data-element_type=\"widget\" data-widget_type=\"theme-post-title.default\">\n\t\t\t\t<div class=\"elementor-widget-container\">\n\t\t\t\t\t<h3 class=\"elementor-heading-title elementor-size-default\">Aizraujo\u0161a diena ilgtsp\u0113j\u012bg\u0101 Tartu<\/h3>\t\t\t\t<\/div>\n\t\t\t\t<\/div>\n\t\t\t\t\t<\/div>\n\t\t\t\t<\/a>\n\t\t\t\t<\/div>\n\t\t\t\t<div data-elementor-type=\"loop-item\" data-elementor-id=\"76689\" class=\"elementor elementor-76689 swiper-slide e-loop-item e-loop-item-151375 post-151375 post type-post status-publish format-standard has-post-thumbnail hentry category-artiklid-lv tag-atputa-pilseta tag-kultura tag-teatris\" data-elementor-post-type=\"elementor_library\" role=\"group\" aria-roledescription=\"slide\" data-custom-edit-handle=\"1\">\n\t\t\t<a class=\"elementor-element elementor-element-2901ba8 e-flex e-con-boxed e-con e-parent\" data-id=\"2901ba8\" data-element_type=\"container\" href=\"https:\/\/visittartu.com\/lv\/brivdienas-kulturas-noskanas\/\">\n\t\t\t\t\t<div class=\"e-con-inner\">\n\t\t\t\t<div class=\"elementor-element elementor-element-633ab72 elementor-widget elementor-widget-theme-post-featured-image elementor-widget-image\" data-id=\"633ab72\" data-element_type=\"widget\" data-widget_type=\"theme-post-featured-image.default\">\n\t\t\t\t<div class=\"elementor-widget-container\">\n\t\t\t\t\t\t\t\t\t\t\t\t\t\t\t<img loading=\"lazy\" decoding=\"async\" width=\"1024\" height=\"683\" src=\"https:\/\/visittartu.com\/wp-content\/uploads\/2024\/07\/558212-2601-sigma_foto_reigo_teervalt-15-1024x683.jpg\" class=\"attachment-large size-large wp-image-153223\" alt=\"visittartu_tartu_s\u00fcndmused_kultuur\" srcset=\"https:\/\/visittartu.com\/wp-content\/uploads\/2024\/07\/558212-2601-sigma_foto_reigo_teervalt-15-1024x683.jpg 1024w, https:\/\/visittartu.com\/wp-content\/uploads\/2024\/07\/558212-2601-sigma_foto_reigo_teervalt-15-300x200.jpg 300w, https:\/\/visittartu.com\/wp-content\/uploads\/2024\/07\/558212-2601-sigma_foto_reigo_teervalt-15-768x512.jpg 768w, https:\/\/visittartu.com\/wp-content\/uploads\/2024\/07\/558212-2601-sigma_foto_reigo_teervalt-15-1536x1024.jpg 1536w, https:\/\/visittartu.com\/wp-content\/uploads\/2024\/07\/558212-2601-sigma_foto_reigo_teervalt-15-2048x1365.jpg 2048w\" sizes=\"(max-width: 1024px) 100vw, 1024px\" \/>\t\t\t\t\t\t\t\t\t\t\t\t\t\t\t<\/div>\n\t\t\t\t<\/div>\n\t\t\t\t<div class=\"elementor-element elementor-element-7850b61 elementor-widget elementor-widget-theme-post-title elementor-page-title elementor-widget-heading\" data-id=\"7850b61\" data-element_type=\"widget\" data-widget_type=\"theme-post-title.default\">\n\t\t\t\t<div class=\"elementor-widget-container\">\n\t\t\t\t\t<h3 class=\"elementor-heading-title elementor-size-default\">Br\u012bvdienas kult\u016bras noska\u0146\u0101s<\/h3>\t\t\t\t<\/div>\n\t\t\t\t<\/div>\n\t\t\t\t\t<\/div>\n\t\t\t\t<\/a>\n\t\t\t\t<\/div>\n\t\t\t\t<div data-elementor-type=\"loop-item\" data-elementor-id=\"76689\" class=\"elementor elementor-76689 swiper-slide e-loop-item e-loop-item-151373 post-151373 post type-post status-publish format-standard has-post-thumbnail hentry category-artiklid-lv tag-tartu-aprinkis tag-transports\" data-elementor-post-type=\"elementor_library\" role=\"group\" aria-roledescription=\"slide\" data-custom-edit-handle=\"1\">\n\t\t\t<a class=\"elementor-element elementor-element-2901ba8 e-flex e-con-boxed e-con e-parent\" data-id=\"2901ba8\" data-element_type=\"container\" href=\"https:\/\/visittartu.com\/lv\/atklajiet-tartu-ar-vilcienu-un-autobusu\/\">\n\t\t\t\t\t<div class=\"e-con-inner\">\n\t\t\t\t<div class=\"elementor-element elementor-element-633ab72 elementor-widget elementor-widget-theme-post-featured-image elementor-widget-image\" data-id=\"633ab72\" data-element_type=\"widget\" data-widget_type=\"theme-post-featured-image.default\">\n\t\t\t\t<div class=\"elementor-widget-container\">\n\t\t\t\t\t\t\t\t\t\t\t\t\t\t\t<img loading=\"lazy\" decoding=\"async\" width=\"1024\" height=\"682\" src=\"https:\/\/visittartu.com\/wp-content\/uploads\/2024\/07\/AigarJoeveerElvajaamahoone-1024x682.jpg\" class=\"attachment-large size-large wp-image-227064\" alt=\"visitelva_visittartu_aigar_j\u00f5eveer\" srcset=\"https:\/\/visittartu.com\/wp-content\/uploads\/2024\/07\/AigarJoeveerElvajaamahoone-1024x682.jpg 1024w, https:\/\/visittartu.com\/wp-content\/uploads\/2024\/07\/AigarJoeveerElvajaamahoone-300x200.jpg 300w, https:\/\/visittartu.com\/wp-content\/uploads\/2024\/07\/AigarJoeveerElvajaamahoone-768x512.jpg 768w, https:\/\/visittartu.com\/wp-content\/uploads\/2024\/07\/AigarJoeveerElvajaamahoone-1536x1023.jpg 1536w, https:\/\/visittartu.com\/wp-content\/uploads\/2024\/07\/AigarJoeveerElvajaamahoone.jpg 1920w\" sizes=\"(max-width: 1024px) 100vw, 1024px\" \/>\t\t\t\t\t\t\t\t\t\t\t\t\t\t\t<\/div>\n\t\t\t\t<\/div>\n\t\t\t\t<div class=\"elementor-element elementor-element-7850b61 elementor-widget elementor-widget-theme-post-title elementor-page-title elementor-widget-heading\" data-id=\"7850b61\" data-element_type=\"widget\" data-widget_type=\"theme-post-title.default\">\n\t\t\t\t<div class=\"elementor-widget-container\">\n\t\t\t\t\t<h3 class=\"elementor-heading-title elementor-size-default\">Atkl\u0101jiet Tartu ar vilcienu un autobusu!<\/h3>\t\t\t\t<\/div>\n\t\t\t\t<\/div>\n\t\t\t\t\t<\/div>\n\t\t\t\t<\/a>\n\t\t\t\t<\/div>\n\t\t\t\t<div data-elementor-type=\"loop-item\" data-elementor-id=\"76689\" class=\"elementor elementor-76689 swiper-slide e-loop-item e-loop-item-151368 post-151368 post type-post status-publish format-standard has-post-thumbnail hentry category-artiklid-lv tag-ediens\" data-elementor-post-type=\"elementor_library\" role=\"group\" aria-roledescription=\"slide\" data-custom-edit-handle=\"1\">\n\t\t\t<a class=\"elementor-element elementor-element-2901ba8 e-flex e-con-boxed e-con e-parent\" data-id=\"2901ba8\" data-element_type=\"container\" href=\"https:\/\/visittartu.com\/lv\/labakie-restorani-tartu\/\">\n\t\t\t\t\t<div class=\"e-con-inner\">\n\t\t\t\t<div class=\"elementor-element elementor-element-633ab72 elementor-widget elementor-widget-theme-post-featured-image elementor-widget-image\" data-id=\"633ab72\" data-element_type=\"widget\" data-widget_type=\"theme-post-featured-image.default\">\n\t\t\t\t<div class=\"elementor-widget-container\">\n\t\t\t\t\t\t\t\t\t\t\t\t\t\t\t<img loading=\"lazy\" decoding=\"async\" width=\"1024\" height=\"682\" src=\"https:\/\/visittartu.com\/wp-content\/uploads\/2023\/08\/restoran-joyce-lauri-laan-visitestonia-1024x682.jpg\" class=\"attachment-large size-large wp-image-73359\" alt=\"michelin tartu restoran joyce\" srcset=\"https:\/\/visittartu.com\/wp-content\/uploads\/2023\/08\/restoran-joyce-lauri-laan-visitestonia-1024x682.jpg 1024w, https:\/\/visittartu.com\/wp-content\/uploads\/2023\/08\/restoran-joyce-lauri-laan-visitestonia-300x200.jpg 300w, https:\/\/visittartu.com\/wp-content\/uploads\/2023\/08\/restoran-joyce-lauri-laan-visitestonia-768x512.jpg 768w, https:\/\/visittartu.com\/wp-content\/uploads\/2023\/08\/restoran-joyce-lauri-laan-visitestonia-1536x1023.jpg 1536w, https:\/\/visittartu.com\/wp-content\/uploads\/2023\/08\/restoran-joyce-lauri-laan-visitestonia.jpg 1600w\" sizes=\"(max-width: 1024px) 100vw, 1024px\" \/>\t\t\t\t\t\t\t\t\t\t\t\t\t\t\t<\/div>\n\t\t\t\t<\/div>\n\t\t\t\t<div class=\"elementor-element elementor-element-7850b61 elementor-widget elementor-widget-theme-post-title elementor-page-title elementor-widget-heading\" data-id=\"7850b61\" data-element_type=\"widget\" data-widget_type=\"theme-post-title.default\">\n\t\t\t\t<div class=\"elementor-widget-container\">\n\t\t\t\t\t<h3 class=\"elementor-heading-title elementor-size-default\">Lab\u0101kie restor\u0101ni Tartu<\/h3>\t\t\t\t<\/div>\n\t\t\t\t<\/div>\n\t\t\t\t\t<\/div>\n\t\t\t\t<\/a>\n\t\t\t\t<\/div>\n\t\t\t\t<\/div>\n\t\t<\/div>\n\t\t\t\t\t\t<\/div>\n\t\t\t\t<\/div>\n\t\t\t\t\t<\/div>\n\t\t\t\t<\/div>\n\t\t\t\t<\/div>\n\t\t","protected":false},"excerpt":{"rendered":"<p>Tartu piem\u012bt lielpils\u0113tas gars, bet vienlaikus t\u0101 ir m\u0101j\u012bgi maza un kompakta. \u0160eit ikviens atrad\u012bs kaut ko sev! Esam izc\u0113lu\u0161i galvenos iemeslus, kas padara Tartu \u012bpa\u0161u. Lai pat\u012bkami atkl\u0101jumi! 1. Kolor\u012bta kult\u016bras mantojuma un m\u016bsdienu kombin\u0101cija Igaunijas Nacion\u0101lais muzejs, Ragnars Vuts (Ragnar Vutt) Baltijas re\u0123iona sen\u0101k\u0101s pils\u0113tas status\u0101 Tartu ik uz so\u013ca pied\u0101v\u0101 aizraujo\u0161us apskates [&hellip;]<\/p>\n","protected":false},"author":2,"featured_media":151505,"comment_status":"closed","ping_status":"closed","sticky":false,"template":"","format":"standard","meta":{"_acf_changed":false,"footnotes":""},"categories":[458],"tags":[],"class_list":["post-154617","post","type-post","status-publish","format-standard","has-post-thumbnail","hentry","category-artiklid-lv"],"acf":[],"_links":{"self":[{"href":"https:\/\/visittartu.com\/lv\/wp-json\/wp\/v2\/posts\/154617","targetHints":{"allow":["GET"]}}],"collection":[{"href":"https:\/\/visittartu.com\/lv\/wp-json\/wp\/v2\/posts"}],"about":[{"href":"https:\/\/visittartu.com\/lv\/wp-json\/wp\/v2\/types\/post"}],"author":[{"embeddable":true,"href":"https:\/\/visittartu.com\/lv\/wp-json\/wp\/v2\/users\/2"}],"replies":[{"embeddable":true,"href":"https:\/\/visittartu.com\/lv\/wp-json\/wp\/v2\/comments?post=154617"}],"version-history":[{"count":4,"href":"https:\/\/visittartu.com\/lv\/wp-json\/wp\/v2\/posts\/154617\/revisions"}],"predecessor-version":[{"id":227079,"href":"https:\/\/visittartu.com\/lv\/wp-json\/wp\/v2\/posts\/154617\/revisions\/227079"}],"wp:featuredmedia":[{"embeddable":true,"href":"https:\/\/visittartu.com\/lv\/wp-json\/wp\/v2\/media\/151505"}],"wp:attachment":[{"href":"https:\/\/visittartu.com\/lv\/wp-json\/wp\/v2\/media?parent=154617"}],"wp:term":[{"taxonomy":"category","embeddable":true,"href":"https:\/\/visittartu.com\/lv\/wp-json\/wp\/v2\/categories?post=154617"},{"taxonomy":"post_tag","embeddable":true,"href":"https:\/\/visittartu.com\/lv\/wp-json\/wp\/v2\/tags?post=154617"}],"curies":[{"name":"wp","href":"https:\/\/api.w.org\/{rel}","templated":true}]}}