 {"id":152977,"date":"2024-05-01T12:01:04","date_gmt":"2024-05-01T12:01:04","guid":{"rendered":"https:\/\/visittartu.com\/starp-tartu-un-rigu-sak-kurset-autobuss-ar-atiesanas-laiku-nakti\/"},"modified":"2024-05-01T12:01:04","modified_gmt":"2024-05-01T12:01:04","slug":"starp-tartu-un-rigu-sak-kurset-autobuss-ar-atiesanas-laiku-nakti","status":"publish","type":"post","link":"https:\/\/visittartu.com\/lv\/starp-tartu-un-rigu-sak-kurset-autobuss-ar-atiesanas-laiku-nakti\/","title":{"rendered":"Starp Tartu un R\u012bgu s\u0101k kurs\u0113t autobuss ar atie\u0161anas laiku nakt\u012b"},"content":{"rendered":"<p><strong>Katru dienu plkst. 23.55 autobuss, kas izbrauc no Tartu, agr\u0101s r\u012bta stund\u0101s pasa\u017eierus nog\u0101d\u0101 R\u012bgas centr\u0101. Lidost\u0101 \u201cR\u012bga\u201d autobuss ierodas plkst. 4.20.<\/strong><\/p>\n<p>Jaunais atie\u0161anas laiks \u0113rtu nok\u013c\u016b\u0161anu lidost\u0101 nodro\u0161ina tiem pasa\u017eieriem, kuriem izlido\u0161ana paredz\u0113ta agr\u0101s r\u012bta stund\u0101s. No lidostas var nok\u013c\u016bt uz vair\u0101k nek\u0101 20 galam\u0113r\u0137iem Eirop\u0101, k\u0101 ar\u012b uz t\u0101l\u0101kiem lidojumiem ar p\u0101rs\u0113\u0161anos.<\/p>\n<p>Papildus nakts autobusu reisam no 1. maija Lux Express autobusi no Tartu uz R\u012bgu kurs\u0113 katru dienu plkst. 8.15 un 18.20. No R\u012bgas uz Tartu un Valgu iesp\u0113jams braukt katru dienu plkst. 7.30, 15.45 un 18.45. No lidostas \u201cR\u012bga\u201d Tartu un Valgas virzien\u0101 Lux Express autobusi kurs\u0113 plkst. 15.00 un 17.45 Bi\u013cetes var ieg\u0101d\u0101ties Lux Express m\u0101jaslap\u0101.<\/p>\n<p>Bi\u013cetes var ieg\u0101d\u0101ties <a href=\"https:\/\/luxexpress.eu\/lv\/\" target=\"_blank\" rel=\"noopener\">Lux Express m\u0101jaslap\u0101<\/a>.<\/p>\n","protected":false},"excerpt":{"rendered":"<p>Katru dienu plkst. 23.55 autobuss, kas izbrauc no Tartu, agr\u0101s r\u012bta stund\u0101s pasa\u017eierus nog\u0101d\u0101 R\u012bgas centr\u0101. Lidost\u0101 \u201cR\u012bga\u201d autobuss ierodas plkst. 4.20. Jaunais atie\u0161anas laiks \u0113rtu nok\u013c\u016b\u0161anu lidost\u0101 nodro\u0161ina tiem pasa\u017eieriem, kuriem izlido\u0161ana paredz\u0113ta agr\u0101s r\u012bta stund\u0101s. No lidostas var nok\u013c\u016bt uz vair\u0101k nek\u0101 20 galam\u0113r\u0137iem Eirop\u0101, k\u0101 ar\u012b uz t\u0101l\u0101kiem lidojumiem ar p\u0101rs\u0113\u0161anos. Papildus [&hellip;]<\/p>\n","protected":false},"author":2,"featured_media":102362,"comment_status":"open","ping_status":"open","sticky":false,"template":"","format":"standard","meta":{"_acf_changed":false,"footnotes":""},"categories":[496],"tags":[500],"class_list":["post-152977","post","type-post","status-publish","format-standard","has-post-thumbnail","hentry","category-jaunumi","tag-transports"],"acf":[],"_links":{"self":[{"href":"https:\/\/visittartu.com\/lv\/wp-json\/wp\/v2\/posts\/152977","targetHints":{"allow":["GET"]}}],"collection":[{"href":"https:\/\/visittartu.com\/lv\/wp-json\/wp\/v2\/posts"}],"about":[{"href":"https:\/\/visittartu.com\/lv\/wp-json\/wp\/v2\/types\/post"}],"author":[{"embeddable":true,"href":"https:\/\/visittartu.com\/lv\/wp-json\/wp\/v2\/users\/2"}],"replies":[{"embeddable":true,"href":"https:\/\/visittartu.com\/lv\/wp-json\/wp\/v2\/comments?post=152977"}],"version-history":[{"count":0,"href":"https:\/\/visittartu.com\/lv\/wp-json\/wp\/v2\/posts\/152977\/revisions"}],"wp:featuredmedia":[{"embeddable":true,"href":"https:\/\/visittartu.com\/lv\/wp-json\/wp\/v2\/media\/102362"}],"wp:attachment":[{"href":"https:\/\/visittartu.com\/lv\/wp-json\/wp\/v2\/media?parent=152977"}],"wp:term":[{"taxonomy":"category","embeddable":true,"href":"https:\/\/visittartu.com\/lv\/wp-json\/wp\/v2\/categories?post=152977"},{"taxonomy":"post_tag","embeddable":true,"href":"https:\/\/visittartu.com\/lv\/wp-json\/wp\/v2\/tags?post=152977"}],"curies":[{"name":"wp","href":"https:\/\/api.w.org\/{rel}","templated":true}]}}