 {"id":151383,"date":"2021-06-18T13:52:32","date_gmt":"2021-06-18T13:52:32","guid":{"rendered":"https:\/\/visittartu.com\/tartu-pieskirts-zalo-galamerku-sudraba-limenis\/"},"modified":"2024-11-04T15:12:27","modified_gmt":"2024-11-04T15:12:27","slug":"tartu-pieskirts-zalo-galamerku-sudraba-limenis","status":"publish","type":"post","link":"https:\/\/visittartu.com\/lv\/tartu-pieskirts-zalo-galamerku-sudraba-limenis\/","title":{"rendered":"Tartu pie\u0161\u0137irts za\u013co galam\u0113r\u0137u sudraba l\u012bmenis"},"content":{"rendered":"<p><strong>Starptautisk\u0101 ilgtsp\u0113j\u012bga t\u016brisma organiz\u0101cija <i>Green Destinations<\/i> Tartu za\u013c\u0101 t\u016brisma galam\u0113r\u0137iem pie\u0161\u0137\u012brusi sudraba l\u012bmeni. Lai pieteiktos atz\u012btajai kvalit\u0101tes z\u012bmei, bija j\u0101aizpilda un j\u0101aizst\u0101v zi\u0146ojums, kas sast\u0101v\u0113ja no 100 krit\u0113rijiem un kur\u0101 bija atspogu\u013cota pa\u0161reiz\u0113j\u0101 situ\u0101cija Tartu ilgtsp\u0113j\u012bga t\u016brisma jom\u0101.<\/strong><\/p>\n<p>Kop\u0161 2020. gada pavasara Tartu sadarb\u012bb\u0101 ar Igaunijas Uz\u0146\u0113m\u0113jdarb\u012bbas att\u012bst\u012bbas nodibin\u0101juma T\u016brisma att\u012bst\u012bbas centru un se\u0161iem citiem Igaunijas re\u0123ioniem piedal\u0101s za\u013co galam\u0113r\u0137u pilotprojekt\u0101. Projekta m\u0113r\u0137is ir iek\u013caut Igauniju, tostarp Tartu, pasaules za\u013co t\u016brisma galam\u0113r\u0137u kart\u0113, lai t\u0101 b\u016btu pievilc\u012bgs galam\u0113r\u0137is apmekl\u0113t\u0101jiem, kas nov\u0113rt\u0113 ilgtsp\u0113j\u012bgu t\u016brismu.<\/p>\n<p>Lai sa\u0146emtu starptautisku atzin\u012bbu, Tartu bija j\u0101izv\u0113rt\u0113 un j\u0101aizst\u0101v savi m\u0113r\u0137i, darb\u012bbas un v\u0113rt\u012bbas, un tas viss bija j\u0101iek\u013cauj zi\u0146ojum\u0101, kas sast\u0101v no 100 krit\u0113rijiem. Kart\u0113\u0161ana aptv\u0113ra galam\u0113r\u0137u p\u0101rvald\u012bbas, kult\u016bras, trad\u012bciju, vides un klimata, dabas aizsardz\u012bbas, soci\u0101l\u0101s labkl\u0101j\u012bbas un viesm\u012bl\u012bbas jomas. P\u0113c zi\u0146ojuma tika veikts starptautisks audits, kura laik\u0101 Tartu tika interv\u0113ti da\u017e\u0101du jomu eksperti. Gandr\u012bz gadu ilgu\u0161\u0101 pieteik\u0161an\u0101s procesa rezult\u0101t\u0101 Tartu tika pie\u0161\u0137irts <i>Green Destinations<\/i> sudraba l\u012bmenis.<\/p>\n<p>Tartu dal\u012bbu programm\u0101 <i>Green Destinations<\/i> koordin\u0113 <i>Visit Tartu<\/i>. Igaunijas dal\u012bbu programm\u0101 <i>Green Destinations<\/i> finans\u0113 Eiropas Re\u0123ion\u0101l\u0101s att\u012bst\u012bbas fonds, un to koordin\u0113 Igaunijas Uz\u0146\u0113m\u0113jdarb\u012bbas att\u012bst\u012bbas nodibin\u0101jums.<\/p>\n","protected":false},"excerpt":{"rendered":"<p>Starptautisk\u0101 ilgtsp\u0113j\u012bga t\u016brisma organiz\u0101cija Green Destinations Tartu za\u013c\u0101 t\u016brisma galam\u0113r\u0137iem pie\u0161\u0137\u012brusi sudraba l\u012bmeni. Lai pieteiktos atz\u012btajai kvalit\u0101tes z\u012bmei, bija j\u0101aizpilda un j\u0101aizst\u0101v zi\u0146ojums, kas sast\u0101v\u0113ja no 100 krit\u0113rijiem un kur\u0101 bija atspogu\u013cota pa\u0161reiz\u0113j\u0101 situ\u0101cija Tartu ilgtsp\u0113j\u012bga t\u016brisma jom\u0101. Kop\u0161 2020. gada pavasara Tartu sadarb\u012bb\u0101 ar Igaunijas Uz\u0146\u0113m\u0113jdarb\u012bbas att\u012bst\u012bbas nodibin\u0101juma T\u016brisma att\u012bst\u012bbas centru un se\u0161iem citiem [&hellip;]<\/p>\n","protected":false},"author":2,"featured_media":104704,"comment_status":"closed","ping_status":"closed","sticky":false,"template":"","format":"standard","meta":{"_acf_changed":false,"footnotes":""},"categories":[496],"tags":[497],"class_list":["post-151383","post","type-post","status-publish","format-standard","has-post-thumbnail","hentry","category-jaunumi","tag-zalais-galamerkis"],"acf":[],"_links":{"self":[{"href":"https:\/\/visittartu.com\/lv\/wp-json\/wp\/v2\/posts\/151383","targetHints":{"allow":["GET"]}}],"collection":[{"href":"https:\/\/visittartu.com\/lv\/wp-json\/wp\/v2\/posts"}],"about":[{"href":"https:\/\/visittartu.com\/lv\/wp-json\/wp\/v2\/types\/post"}],"author":[{"embeddable":true,"href":"https:\/\/visittartu.com\/lv\/wp-json\/wp\/v2\/users\/2"}],"replies":[{"embeddable":true,"href":"https:\/\/visittartu.com\/lv\/wp-json\/wp\/v2\/comments?post=151383"}],"version-history":[{"count":1,"href":"https:\/\/visittartu.com\/lv\/wp-json\/wp\/v2\/posts\/151383\/revisions"}],"predecessor-version":[{"id":151407,"href":"https:\/\/visittartu.com\/lv\/wp-json\/wp\/v2\/posts\/151383\/revisions\/151407"}],"wp:featuredmedia":[{"embeddable":true,"href":"https:\/\/visittartu.com\/lv\/wp-json\/wp\/v2\/media\/104704"}],"wp:attachment":[{"href":"https:\/\/visittartu.com\/lv\/wp-json\/wp\/v2\/media?parent=151383"}],"wp:term":[{"taxonomy":"category","embeddable":true,"href":"https:\/\/visittartu.com\/lv\/wp-json\/wp\/v2\/categories?post=151383"},{"taxonomy":"post_tag","embeddable":true,"href":"https:\/\/visittartu.com\/lv\/wp-json\/wp\/v2\/tags?post=151383"}],"curies":[{"name":"wp","href":"https:\/\/api.w.org\/{rel}","templated":true}]}}