 {"id":151373,"date":"2024-07-15T10:51:25","date_gmt":"2024-07-15T10:51:25","guid":{"rendered":"https:\/\/visittartu.com\/atklajiet-tartu-ar-vilcienu-un-autobusu\/"},"modified":"2025-11-20T19:01:55","modified_gmt":"2025-11-20T19:01:55","slug":"atklajiet-tartu-ar-vilcienu-un-autobusu","status":"publish","type":"post","link":"https:\/\/visittartu.com\/lv\/atklajiet-tartu-ar-vilcienu-un-autobusu\/","title":{"rendered":"Atkl\u0101jiet Tartu ar vilcienu un autobusu!"},"content":{"rendered":"\t\t<div data-elementor-type=\"wp-post\" data-elementor-id=\"151373\" class=\"elementor elementor-151373 elementor-103505\" data-elementor-post-type=\"post\">\n\t\t\t\t<div class=\"elementor-element elementor-element-5a6591a e-flex e-con-boxed e-con e-parent\" data-id=\"5a6591a\" data-element_type=\"container\">\n\t\t\t\t\t<div class=\"e-con-inner\">\n\t\t\t\t<div class=\"elementor-element elementor-element-5552a6e elementor-widget elementor-widget-heading\" data-id=\"5552a6e\" data-element_type=\"widget\" data-widget_type=\"heading.default\">\n\t\t\t\t<div class=\"elementor-widget-container\">\n\t\t\t\t\t<h2 class=\"elementor-heading-title elementor-size-default\">Ir daudz aizraujo\u0161u vietu, ko apmekl\u0113t ar sabiedrisko transportu <\/h2>\t\t\t\t<\/div>\n\t\t\t\t<\/div>\n\t\t\t\t\t<\/div>\n\t\t\t\t<\/div>\n\t\t<div class=\"elementor-element elementor-element-9a79700 e-flex e-con-boxed e-con e-parent\" data-id=\"9a79700\" data-element_type=\"container\">\n\t\t\t\t\t<div class=\"e-con-inner\">\n\t\t\t\t<div class=\"elementor-element elementor-element-7786ec4 elementor-widget elementor-widget-text-editor\" data-id=\"7786ec4\" data-element_type=\"widget\" data-widget_type=\"text-editor.default\">\n\t\t\t\t<div class=\"elementor-widget-container\">\n\t\t\t\t\t\t\t\t\t<p>Ja pl\u0101nojat atva\u013cin\u0101jumu Tartu, lai iepaz\u012btu pils\u0113tas apskates objektus, iesak\u0101m apmekl\u0113t Tartu apri\u0146\u0137i un Dienvidigauniju pla\u0161\u0101k. Vair\u0101ki karstie galam\u0113r\u0137i ir viegli un \u0113rti sasniedzami ar <strong>viet\u0113jo<\/strong> sabiedrisko transportu, kas \u013cauj izbaud\u012bt ce\u013cojumu vienk\u0101r\u0161i un videi draudz\u012bgi. Sabiedrisk\u0101 transporta kust\u012bbas grafikus var atrast vietn\u0113 <a href=\"https:\/\/www.peatus.ee\/\" target=\"_blank\" rel=\"noreferrer noopener\">www.peatus.ee<\/a> vai <a href=\"https:\/\/www.elron.ee\/\" target=\"_blank\" rel=\"noreferrer noopener\">www.elron.ee<\/a>.<\/p>\n\t\t\t\t\t\t\t\t<\/div>\n\t\t\t\t<\/div>\n\t\t\t\t\t<\/div>\n\t\t\t\t<\/div>\n\t\t<div class=\"elementor-element elementor-element-bc286fa e-flex e-con-boxed e-con e-child\" data-id=\"bc286fa\" data-element_type=\"container\">\n\t\t\t\t\t<div class=\"e-con-inner\">\n\t\t<div class=\"elementor-element elementor-element-c9fd334 e-flex e-con-boxed e-con e-child\" data-id=\"c9fd334\" data-element_type=\"container\">\n\t\t\t\t\t<div class=\"e-con-inner\">\n\t\t<div class=\"elementor-element elementor-element-776d56d e-con-full e-flex e-con e-child\" data-id=\"776d56d\" data-element_type=\"container\">\n\t\t\t\t<div class=\"elementor-element elementor-element-1350235 elementor-widget elementor-widget-image\" data-id=\"1350235\" data-element_type=\"widget\" data-widget_type=\"image.default\">\n\t\t\t\t<div class=\"elementor-widget-container\">\n\t\t\t\t\t\t\t\t\t\t\t\t<figure class=\"wp-caption\">\n\t\t\t\t\t\t\t\t\t\t<img fetchpriority=\"high\" decoding=\"async\" width=\"1024\" height=\"683\" src=\"https:\/\/visittartu.com\/wp-content\/uploads\/2024\/07\/Eesti-Pollumajandusmuuseum-vaike_-1024x683.jpg\" class=\"attachment-large size-large wp-image-103525\" alt=\"Eesti p\u00f5llumajandusmuuseum \u00dclenurmes, Tartumal, lambad\" srcset=\"https:\/\/visittartu.com\/wp-content\/uploads\/2024\/07\/Eesti-Pollumajandusmuuseum-vaike_-1024x683.jpg 1024w, https:\/\/visittartu.com\/wp-content\/uploads\/2024\/07\/Eesti-Pollumajandusmuuseum-vaike_-300x200.jpg 300w, https:\/\/visittartu.com\/wp-content\/uploads\/2024\/07\/Eesti-Pollumajandusmuuseum-vaike_-768x512.jpg 768w, https:\/\/visittartu.com\/wp-content\/uploads\/2024\/07\/Eesti-Pollumajandusmuuseum-vaike_-1536x1024.jpg 1536w, https:\/\/visittartu.com\/wp-content\/uploads\/2024\/07\/Eesti-Pollumajandusmuuseum-vaike_.jpg 1600w\" sizes=\"(max-width: 1024px) 100vw, 1024px\" \/>\t\t\t\t\t\t\t\t\t\t\t<figcaption class=\"widget-image-caption wp-caption-text\"><\/figcaption>\n\t\t\t\t\t\t\t\t\t\t<\/figure>\n\t\t\t\t\t\t\t\t\t<\/div>\n\t\t\t\t<\/div>\n\t\t\t\t<div class=\"elementor-element elementor-element-5dfdf8d elementor-widget elementor-widget-heading\" data-id=\"5dfdf8d\" data-element_type=\"widget\" data-widget_type=\"heading.default\">\n\t\t\t\t<div class=\"elementor-widget-container\">\n\t\t\t\t\t<h3 class=\"elementor-heading-title elementor-size-default\">Igaunijas Lauksaimniec\u012bbas muzejs<\/h3>\t\t\t\t<\/div>\n\t\t\t\t<\/div>\n\t\t\t\t<div class=\"elementor-element elementor-element-8ac23fd elementor-widget elementor-widget-text-editor\" data-id=\"8ac23fd\" data-element_type=\"widget\" data-widget_type=\"text-editor.default\">\n\t\t\t\t<div class=\"elementor-widget-container\">\n\t\t\t\t\t\t\t\t\t<p>Igaunijas <a href=\"https:\/\/visittartu.com\/et\/eesti-p%C3%B5llumajandusmuuseum\" target=\"_blank\" rel=\"noopener\">Lauksaimniec\u012bbas muzejs<\/a>, kas atrodas v\u0113sturiskaj\u0101 Ilenurmes mui\u017e\u0101, iepaz\u012bstina ar lauku dz\u012bvi, izce\u013cot Igaunijas lauksaimniec\u012bbas bag\u0101to v\u0113sturi un att\u012bst\u012bbu cauri gadsimtiem. Apmekl\u0113t\u0101ji var iepaz\u012bt tradicion\u0101l\u0101s lauku saimniec\u012bbas \u0113kas, apskat\u012bt seno lauksaimniec\u012bbas tehniku un darbar\u012bkus, k\u0101 ar\u012b piedal\u012bties da\u017e\u0101d\u0101s aktivit\u0101t\u0113s. Uz muzeju var nok\u013c\u016bt ar autobusu vai vilcienu, par galam\u0113r\u0137i nor\u0101dot <strong><i>\u00dclenurme<\/i><\/strong> pieturu. Muzejs ir atv\u0113rts T\u2013Sv plkst. 9\u201317.\u00a0<\/p>\n\t\t\t\t\t\t\t\t<\/div>\n\t\t\t\t<\/div>\n\t\t\t\t<\/div>\n\t\t<div class=\"elementor-element elementor-element-68e7552 e-con-full e-flex e-con e-child\" data-id=\"68e7552\" data-element_type=\"container\">\n\t\t\t\t<div class=\"elementor-element elementor-element-f759b42 elementor-widget elementor-widget-image\" data-id=\"f759b42\" data-element_type=\"widget\" data-widget_type=\"image.default\">\n\t\t\t\t<div class=\"elementor-widget-container\">\n\t\t\t\t\t\t\t\t\t\t\t\t<figure class=\"wp-caption\">\n\t\t\t\t\t\t\t\t\t\t<img decoding=\"async\" width=\"1024\" height=\"684\" src=\"https:\/\/visittartu.com\/wp-content\/uploads\/2024\/07\/Ice-Age-Centre_Estonia_Virgo-Haan3-1024x684.jpg\" class=\"attachment-large size-large wp-image-103531\" alt=\"J\u00e4\u00e4aja Keskus Tartumaal\" srcset=\"https:\/\/visittartu.com\/wp-content\/uploads\/2024\/07\/Ice-Age-Centre_Estonia_Virgo-Haan3-1024x684.jpg 1024w, https:\/\/visittartu.com\/wp-content\/uploads\/2024\/07\/Ice-Age-Centre_Estonia_Virgo-Haan3-300x200.jpg 300w, https:\/\/visittartu.com\/wp-content\/uploads\/2024\/07\/Ice-Age-Centre_Estonia_Virgo-Haan3-768x513.jpg 768w, https:\/\/visittartu.com\/wp-content\/uploads\/2024\/07\/Ice-Age-Centre_Estonia_Virgo-Haan3-1536x1026.jpg 1536w, https:\/\/visittartu.com\/wp-content\/uploads\/2024\/07\/Ice-Age-Centre_Estonia_Virgo-Haan3.jpg 1920w\" sizes=\"(max-width: 1024px) 100vw, 1024px\" \/>\t\t\t\t\t\t\t\t\t\t\t<figcaption class=\"widget-image-caption wp-caption-text\"><\/figcaption>\n\t\t\t\t\t\t\t\t\t\t<\/figure>\n\t\t\t\t\t\t\t\t\t<\/div>\n\t\t\t\t<\/div>\n\t\t\t\t<div class=\"elementor-element elementor-element-0996b92 elementor-widget elementor-widget-spacer\" data-id=\"0996b92\" data-element_type=\"widget\" data-widget_type=\"spacer.default\">\n\t\t\t\t<div class=\"elementor-widget-container\">\n\t\t\t\t\t\t\t<div class=\"elementor-spacer\">\n\t\t\t<div class=\"elementor-spacer-inner\"><\/div>\n\t\t<\/div>\n\t\t\t\t\t\t<\/div>\n\t\t\t\t<\/div>\n\t\t\t\t<div class=\"elementor-element elementor-element-1e44be8 elementor-widget elementor-widget-heading\" data-id=\"1e44be8\" data-element_type=\"widget\" data-widget_type=\"heading.default\">\n\t\t\t\t<div class=\"elementor-widget-container\">\n\t\t\t\t\t<h3 class=\"elementor-heading-title elementor-size-default\">Ledus laikmeta centrs<\/h3>\t\t\t\t<\/div>\n\t\t\t\t<\/div>\n\t\t\t\t<div class=\"elementor-element elementor-element-3e1a458 elementor-widget elementor-widget-text-editor\" data-id=\"3e1a458\" data-element_type=\"widget\" data-widget_type=\"text-editor.default\">\n\t\t\t\t<div class=\"elementor-widget-container\">\n\t\t\t\t\t\t\t\t\t<p><a href=\"https:\/\/visittartu.com\/et\/j%C3%A4%C3%A4aja-keskus\" target=\"_blank\" rel=\"noopener\"> Ledus laikmeta centrs<\/a> S\u0101djerves ezera krast\u0101 ir aizraujo\u0161s pieredzes centrs, uz kuru var nok\u013c\u016bt ar autobusu. Centra simbols ir mamuti, kas dz\u012bvoja pirms 10 000 gadu. Ekspoz\u012bcija sniedz p\u0101rskatu par ledus laikmeta veido\u0161an\u0101s c\u0113lo\u0146iem un to ietekmi uz Zemeslodi, Igaunijas dabas un cilv\u0113ku apdz\u012bvot\u012bbas att\u012bst\u012bbas v\u0113sturi, klimata p\u0101rmai\u0146u c\u0113lo\u0146iem un to izp\u0113ti, k\u0101 ar\u012b n\u0101kotnes v\u012bziju par dz\u012bves vidi. Atv\u0113rts O\u2013Sv plkst. 10\u201317, autobusu pietura <strong><i>\u00c4ksi<\/i><\/strong>.\u00a0<\/p>\n\t\t\t\t\t\t\t\t<\/div>\n\t\t\t\t<\/div>\n\t\t\t\t<\/div>\n\t\t<div class=\"elementor-element elementor-element-4a94d6f e-con-full e-flex e-con e-child\" data-id=\"4a94d6f\" data-element_type=\"container\">\n\t\t\t\t<div class=\"elementor-element elementor-element-7f1dfe1 elementor-widget elementor-widget-image\" data-id=\"7f1dfe1\" data-element_type=\"widget\" data-widget_type=\"image.default\">\n\t\t\t\t<div class=\"elementor-widget-container\">\n\t\t\t\t\t\t\t\t\t\t\t\t<figure class=\"wp-caption\">\n\t\t\t\t\t\t\t\t\t\t<img decoding=\"async\" width=\"1024\" height=\"683\" src=\"https:\/\/visittartu.com\/wp-content\/uploads\/2024\/07\/elistvere2019-112-1024x683.jpeg\" class=\"attachment-large size-large wp-image-103537\" alt=\"\" srcset=\"https:\/\/visittartu.com\/wp-content\/uploads\/2024\/07\/elistvere2019-112-1024x683.jpeg 1024w, https:\/\/visittartu.com\/wp-content\/uploads\/2024\/07\/elistvere2019-112-300x200.jpeg 300w, https:\/\/visittartu.com\/wp-content\/uploads\/2024\/07\/elistvere2019-112-768x512.jpeg 768w, https:\/\/visittartu.com\/wp-content\/uploads\/2024\/07\/elistvere2019-112-1536x1024.jpeg 1536w, https:\/\/visittartu.com\/wp-content\/uploads\/2024\/07\/elistvere2019-112-2048x1365.jpeg 2048w\" sizes=\"(max-width: 1024px) 100vw, 1024px\" \/>\t\t\t\t\t\t\t\t\t\t\t<figcaption class=\"widget-image-caption wp-caption-text\"><\/figcaption>\n\t\t\t\t\t\t\t\t\t\t<\/figure>\n\t\t\t\t\t\t\t\t\t<\/div>\n\t\t\t\t<\/div>\n\t\t\t\t<div class=\"elementor-element elementor-element-557326c elementor-widget elementor-widget-spacer\" data-id=\"557326c\" data-element_type=\"widget\" data-widget_type=\"spacer.default\">\n\t\t\t\t<div class=\"elementor-widget-container\">\n\t\t\t\t\t\t\t<div class=\"elementor-spacer\">\n\t\t\t<div class=\"elementor-spacer-inner\"><\/div>\n\t\t<\/div>\n\t\t\t\t\t\t<\/div>\n\t\t\t\t<\/div>\n\t\t\t\t<div class=\"elementor-element elementor-element-bceed0c elementor-widget elementor-widget-heading\" data-id=\"bceed0c\" data-element_type=\"widget\" data-widget_type=\"heading.default\">\n\t\t\t\t<div class=\"elementor-widget-container\">\n\t\t\t\t\t<h3 class=\"elementor-heading-title elementor-size-default\">Elistveres Zoolo\u0123iskais parks<\/h3>\t\t\t\t<\/div>\n\t\t\t\t<\/div>\n\t\t\t\t<div class=\"elementor-element elementor-element-c66b97d elementor-widget elementor-widget-text-editor\" data-id=\"c66b97d\" data-element_type=\"widget\" data-widget_type=\"text-editor.default\">\n\t\t\t\t<div class=\"elementor-widget-container\">\n\t\t\t\t\t\t\t\t\t<p>Elistveres Zoolo\u0123iskaj\u0101 park\u0101 var apskat\u012bt t\u0101dus dz\u012bvniekus, kas galvenok\u0101rt dz\u012bvo Igaunijas me\u017eos, turkl\u0101t p\u0113c iesp\u0113jas dabisk\u0101 vid\u0113. Interesentiem atv\u0113rts ar\u012b S\u012bko grauz\u0113ju centrs. 2 km gar\u0101 Elistveres izzi\u0146as taka, kas ir pieejama ar\u012b ar rati\u0146kr\u0113sliem un b\u0113rnu rati\u0146iem, ar nor\u0101\u017eu pal\u012bdz\u012bbu iepaz\u012bstina ar da\u017e\u0101d\u0101m augu sug\u0101m. D\u0113\u013cu laipa ved uz skatu platformu pie Elistveres ezera. Atv\u0113rts katru dienu plkst. 10\u201317 un autobusa pietura ir <strong><i>Elistvere m\u00f5is<\/i><\/strong>.<\/p>\n\t\t\t\t\t\t\t\t<\/div>\n\t\t\t\t<\/div>\n\t\t\t\t<\/div>\n\t\t\t\t\t<\/div>\n\t\t\t\t<\/div>\n\t\t\t\t\t<\/div>\n\t\t\t\t<\/div>\n\t\t<div class=\"elementor-element elementor-element-28f002d e-flex e-con-boxed e-con e-parent\" data-id=\"28f002d\" data-element_type=\"container\">\n\t\t\t\t\t<div class=\"e-con-inner\">\n\t\t\t\t<div class=\"elementor-element elementor-element-7dc2b09 elementor-widget elementor-widget-heading\" data-id=\"7dc2b09\" data-element_type=\"widget\" data-widget_type=\"heading.default\">\n\t\t\t\t<div class=\"elementor-widget-container\">\n\t\t\t\t\t<h2 class=\"elementor-heading-title elementor-size-default\">Uz Elvu var nok\u013c\u016bt gan ar vilcienu, gan autobusu<\/h2>\t\t\t\t<\/div>\n\t\t\t\t<\/div>\n\t\t\t\t\t<\/div>\n\t\t\t\t<\/div>\n\t\t<div class=\"elementor-element elementor-element-9000f50 e-flex e-con-boxed e-con e-parent\" data-id=\"9000f50\" data-element_type=\"container\">\n\t\t\t\t\t<div class=\"e-con-inner\">\n\t\t\t\t<div class=\"elementor-element elementor-element-e349a97 elementor-widget elementor-widget-text-editor\" data-id=\"e349a97\" data-element_type=\"widget\" data-widget_type=\"text-editor.default\">\n\t\t\t\t<div class=\"elementor-widget-container\">\n\t\t\t\t\t\t\t\t\t<p>5 min\u016b\u0161u g\u0101jiena att\u0101lum\u0101 no <a href=\"http:\/\/www.visitelva.com\/\" target=\"_blank\" rel=\"noopener\">Elvas<\/a> dzelzce\u013ca stacijas un autoostas atrodas Arbi ezers, ko ieskauj 1,2 km gara ap\u013cveida dabas taka ar grants uzb\u0113rumu. Taku papildina desmit inform\u0101cijas stendi, kas sniedz aizraujo\u0161u un izsme\u013co\u0161u p\u0101rskatu par skaisto Arbi ezeru, kas atrodas Elvas viduc\u012b. Turkl\u0101t tie\u0161i pie pa\u0161a ezera atrodas pils\u0113tas centr\u0101lais laukums ar kult\u016bras centru, rota\u013cu laukumu, nelielu pludmales promen\u0101di, <em>skeitparku<\/em>, estr\u0101di un vair\u0101k\u0101m \u0113stuv\u0113m, tostarp izklaides centru <i>Elva Keegel ja Resto<\/i>, kur var sp\u0113l\u0113t ar\u012b boulingu. \u00a0<\/p>\n\t\t\t\t\t\t\t\t<\/div>\n\t\t\t\t<\/div>\n\t\t\t\t\t<\/div>\n\t\t\t\t<\/div>\n\t\t<div class=\"elementor-element elementor-element-7c002c98 con-2col-imgtxt cont e-flex e-con-boxed e-con e-parent\" data-id=\"7c002c98\" data-element_type=\"container\" data-settings=\"{&quot;background_background&quot;:&quot;classic&quot;}\">\n\t\t\t\t\t<div class=\"e-con-inner\">\n\t\t<div class=\"elementor-element elementor-element-39624c04 e-con-full e-flex e-con e-child\" data-id=\"39624c04\" data-element_type=\"container\">\n\t\t\t\t<div class=\"elementor-element elementor-element-76079612 elementor-widget elementor-widget-image\" data-id=\"76079612\" data-element_type=\"widget\" data-widget_type=\"image.default\">\n\t\t\t\t<div class=\"elementor-widget-container\">\n\t\t\t\t\t\t\t\t\t\t\t\t<figure class=\"wp-caption\">\n\t\t\t\t\t\t\t\t\t\t<img loading=\"lazy\" decoding=\"async\" width=\"1024\" height=\"576\" src=\"https:\/\/visittartu.com\/wp-content\/uploads\/2023\/11\/arbi-keskvaljak-Ragnar-vutt-veebi-1024x576.jpg\" class=\"attachment-large size-large wp-image-83606\" alt=\"Elva, kaugt\u00f6\u00f6 kohad Tartus Tartumaal\" srcset=\"https:\/\/visittartu.com\/wp-content\/uploads\/2023\/11\/arbi-keskvaljak-Ragnar-vutt-veebi-1024x576.jpg 1024w, https:\/\/visittartu.com\/wp-content\/uploads\/2023\/11\/arbi-keskvaljak-Ragnar-vutt-veebi-300x169.jpg 300w, https:\/\/visittartu.com\/wp-content\/uploads\/2023\/11\/arbi-keskvaljak-Ragnar-vutt-veebi-768x432.jpg 768w, https:\/\/visittartu.com\/wp-content\/uploads\/2023\/11\/arbi-keskvaljak-Ragnar-vutt-veebi-1536x864.jpg 1536w, https:\/\/visittartu.com\/wp-content\/uploads\/2023\/11\/arbi-keskvaljak-Ragnar-vutt-veebi.jpg 1920w\" sizes=\"(max-width: 1024px) 100vw, 1024px\" \/>\t\t\t\t\t\t\t\t\t\t\t<figcaption class=\"widget-image-caption wp-caption-text\">Arbi ezers, Ragnars Vuts (<i>Ragnar Vutt<\/i>)<\/figcaption>\n\t\t\t\t\t\t\t\t\t\t<\/figure>\n\t\t\t\t\t\t\t\t\t<\/div>\n\t\t\t\t<\/div>\n\t\t\t\t<\/div>\n\t\t<div class=\"elementor-element elementor-element-58c0c138 e-con-full e-flex e-con e-child\" data-id=\"58c0c138\" data-element_type=\"container\">\n\t\t\t\t<div class=\"elementor-element elementor-element-24cff933 elementor-widget elementor-widget-text-editor\" data-id=\"24cff933\" data-element_type=\"widget\" data-widget_type=\"text-editor.default\">\n\t\t\t\t<div class=\"elementor-widget-container\">\n\t\t\t\t\t\t\t\t\t<p>Dzelzce\u013ca otr\u0101 pus\u0113 no Elvas dzelzce\u013ca stacijas \u0113kas atrodas 3 km gar\u0101 Maz\u0101 sp\u0113ka taka jeb <i>V\u00e4ike v\u00e4erada<\/i>, kas ir viena no popul\u0101r\u0101kaj\u0101m p\u0101rg\u0101jienu tak\u0101m \u0161aj\u0101 pus\u0113. \u012apa\u0161u to padara koka skulpt\u016bras, kuru veido\u0161an\u0101 iedvesma smelta no igau\u0146u tautas pasak\u0101m un kuras veidoju\u0161i viet\u0113jie m\u0101kslinieki. Lai nok\u013c\u016btu takas s\u0101kum\u0101, j\u0101\u0161\u0137\u0113rso dzelzce\u013ca p\u0101rbrauktuve aiz stacijas \u0113kas un uzreiz aiz p\u0113d\u0113j\u0101 slie\u017eu p\u0101ra j\u0101nogrie\u017eas pa labi (nevis j\u0101turpina ce\u013c\u0161 cauri alejai). Un net\u0101lu jau ar\u012b pav\u012bd pirm\u0101 koka skulpt\u016bra \u2013 Pasaules koks. Taka beidzas pie Tartu apri\u0146\u0137a Vesel\u012bbas sporta centra. No turienes uz dzelzce\u013ca staciju un autoostu var nok\u013c\u016bt, ejot atpaka\u013c pa to pa\u0161u me\u017ea taku (3 km) vai ejot caur Elvas pils\u0113tu (3,3 km).\u00a0<\/p>\n<p>Lai nok\u013c\u016btu Elv\u0101, varat izv\u0113l\u0113ties vilciena vai autobusa satiksmi, k\u0101 galam\u0113r\u0137i nor\u0101dot <strong><i>Elva<\/i><\/strong>. Arbi ezera dabas taka un Maz\u0101 sp\u0113ka taka ir atv\u0113rtas cauru diennakti, turkl\u0101t t\u0101s pieejamas ar\u012b ar b\u0113rnu rati\u0146iem.<\/p>\n\t\t\t\t\t\t\t\t<\/div>\n\t\t\t\t<\/div>\n\t\t\t\t<\/div>\n\t\t\t\t\t<\/div>\n\t\t\t\t<\/div>\n\t\t<div class=\"elementor-element elementor-element-ae79cdc e-flex e-con-boxed e-con e-parent\" data-id=\"ae79cdc\" data-element_type=\"container\">\n\t\t\t\t\t<div class=\"e-con-inner\">\n\t\t\t\t<div class=\"elementor-element elementor-element-1ce97e5 elementor-widget elementor-widget-heading\" data-id=\"1ce97e5\" data-element_type=\"widget\" data-widget_type=\"heading.default\">\n\t\t\t\t<div class=\"elementor-widget-container\">\n\t\t\t\t\t<h2 class=\"elementor-heading-title elementor-size-default\">Ar autobusu S\u012bpolu ce\u013ca atkl\u0101jumos<\/h2>\t\t\t\t<\/div>\n\t\t\t\t<\/div>\n\t\t\t\t\t<\/div>\n\t\t\t\t<\/div>\n\t\t<div class=\"elementor-element elementor-element-8cf1050 e-flex e-con-boxed e-con e-parent\" data-id=\"8cf1050\" data-element_type=\"container\">\n\t\t\t\t\t<div class=\"e-con-inner\">\n\t\t\t\t<div class=\"elementor-element elementor-element-5985fe0 elementor-widget elementor-widget-text-editor\" data-id=\"5985fe0\" data-element_type=\"widget\" data-widget_type=\"text-editor.default\">\n\t\t\t\t<div class=\"elementor-widget-container\">\n\t\t\t\t\t\t\t\t\t<p>S\u012bpolu ce\u013c\u0161 ir viens no ainavisk\u0101kajiem un kult\u016brv\u0113sturiski bag\u0101t\u0101kajiem t\u016brisma mar\u0161rutiem Igaunij\u0101, kas ved cauri Peipusa ezera piekrastes re\u0123ionam un pied\u0101v\u0101 savdab\u012bgu pieredzi. Braucot ar autobusu uz S\u012bpolu ce\u013cu, var atkl\u0101t daudz interesantu nost\u016bru un apskates objektu.<\/p>\n\t\t\t\t\t\t\t\t<\/div>\n\t\t\t\t<\/div>\n\t\t\t\t<div class=\"elementor-element elementor-element-ad2028e elementor-widget elementor-widget-heading\" data-id=\"ad2028e\" data-element_type=\"widget\" data-widget_type=\"heading.default\">\n\t\t\t\t<div class=\"elementor-widget-container\">\n\t\t\t\t\t<h3 class=\"elementor-heading-title elementor-size-default\">Alatskivi pils un t\u0101s gleznain\u0101 apk\u0101rtne<\/h3>\t\t\t\t<\/div>\n\t\t\t\t<\/div>\n\t\t\t\t\t<\/div>\n\t\t\t\t<\/div>\n\t\t<div class=\"elementor-element elementor-element-0b851b4 con-2col-imgtxt cont e-flex e-con-boxed e-con e-parent\" data-id=\"0b851b4\" data-element_type=\"container\" data-settings=\"{&quot;background_background&quot;:&quot;classic&quot;}\">\n\t\t\t\t\t<div class=\"e-con-inner\">\n\t\t<div class=\"elementor-element elementor-element-bbcf586 e-con-full e-flex e-con e-child\" data-id=\"bbcf586\" data-element_type=\"container\">\n\t\t\t\t<div class=\"elementor-element elementor-element-4acbc00 elementor-widget elementor-widget-video\" data-id=\"4acbc00\" data-element_type=\"widget\" data-settings=\"{&quot;youtube_url&quot;:&quot;https:\\\/\\\/www.youtube.com\\\/watch?v=GoG1tk_0_6w&amp;ab_channel=StanislavFedjakov&quot;,&quot;video_type&quot;:&quot;youtube&quot;,&quot;controls&quot;:&quot;yes&quot;}\" data-widget_type=\"video.default\">\n\t\t\t\t<div class=\"elementor-widget-container\">\n\t\t\t\t\t\t\t<div class=\"elementor-wrapper elementor-open-inline\">\n\t\t\t<div class=\"elementor-video\"><\/div>\t\t<\/div>\n\t\t\t\t\t\t<\/div>\n\t\t\t\t<\/div>\n\t\t\t\t<\/div>\n\t\t<div class=\"elementor-element elementor-element-2df0bf2 e-con-full e-flex e-con e-child\" data-id=\"2df0bf2\" data-element_type=\"container\">\n\t\t\t\t<div class=\"elementor-element elementor-element-8dd30b4 elementor-widget elementor-widget-text-editor\" data-id=\"8dd30b4\" data-element_type=\"widget\" data-widget_type=\"text-editor.default\">\n\t\t\t\t<div class=\"elementor-widget-container\">\n\t\t\t\t\t\t\t\t\t<p>Izk\u0101pjot no autobusa <strong><i>Alatskivi<\/i><\/strong> autobusu pietur\u0101, s\u0101kas atkl\u0101jumiem bag\u0101ts piedz\u012bvojums. Pasakainaj\u0101 Alatskivi pil\u012b var uzzin\u0101t par vienas no mui\u017eas dzimtas dz\u012bvi un v\u0113sturi, k\u0101 ar\u012b iepaz\u012bties ar da\u017e\u0101diem kalpot\u0101jiem, kas mui\u017e\u0101 str\u0101d\u0101ja pirms simts gadiem. Muzejs Alatskivi pils otraj\u0101 st\u0101v\u0101 sniedz labu p\u0101rskatu par viena no Igaunijas slaven\u0101k\u0101 komponista, Eduarda Tubina (<i>Eduard Tubin<\/i>), dz\u012bvi un rado\u0161o darb\u012bbu. Pagrabst\u0101v\u0101 ir apskat\u0101ma fotoizst\u0101de par seno laiku Tartu apri\u0146\u0137a mui\u017e\u0101m, mui\u017eu kalpot\u0101ju vaska fig\u016bru ekspoz\u012bcija un amatnieku darbn\u012bcas, keramikas darbn\u012bc\u0101s var ar\u012b piedal\u012bties, turkl\u0101t nop\u0113rkami ar\u012b rokdarbi. Tr\u012bs st\u0101vos izvietot\u0101s ekspoz\u012bcijas apskatei ieteicams atv\u0113l\u0113t vismaz pusotru stundu. Interesentiem iesp\u0113jams iel\u016bkoties ar\u012b pils braucamzirgu sta\u013c\u013cos, kur apskat\u0101ma jauna ekspoz\u012bcija par mui\u017eas apsaimnieko\u0161anu. Alatskivi pils apmekl\u0113t\u0101jus uz\u0146em O\u2013Sv plkst. 10\u201316.<\/p>\n\t\t\t\t\t\t\t\t<\/div>\n\t\t\t\t<\/div>\n\t\t\t\t<\/div>\n\t\t\t\t\t<\/div>\n\t\t\t\t<\/div>\n\t\t<div class=\"elementor-element elementor-element-3f2b737 e-flex e-con-boxed e-con e-parent\" data-id=\"3f2b737\" data-element_type=\"container\">\n\t\t\t\t\t<div class=\"e-con-inner\">\n\t\t\t\t<div class=\"elementor-element elementor-element-e99d922 elementor-widget elementor-widget-text-editor\" data-id=\"e99d922\" data-element_type=\"widget\" data-widget_type=\"text-editor.default\">\n\t\t\t\t<div class=\"elementor-widget-container\">\n\t\t\t\t\t\t\t\t\t<p>Ap pili ir izveidota ar\u012b 4,5 km gara taka ar daudzveid\u012bgu reljefu un gleznainam ainav\u0101m uz Lossijerves ezeru, kas daudz interesanta apmekl\u0113t\u0101jiem pied\u0101v\u0101 visos gadalaikos. Ja p\u0113c vis\u0101m \u0161\u012bm nodarb\u0113m mekl\u0113jat, kur iestiprin\u0101ties, tad Alatskivi to var izdar\u012bt vair\u0101k\u0101s viet\u0101s: Alatskivi mui\u017eas stall\u012b, Alatskivi pils restor\u0101n\u0101, <i>Kivi<\/i> krodzi\u0146\u0101.<\/p>\n\t\t\t\t\t\t\t\t<\/div>\n\t\t\t\t<\/div>\n\t\t\t\t\t<\/div>\n\t\t\t\t<\/div>\n\t\t<div class=\"elementor-element elementor-element-88854e8 e-flex e-con-boxed e-con e-parent\" data-id=\"88854e8\" data-element_type=\"container\">\n\t\t\t\t\t<div class=\"e-con-inner\">\n\t\t\t\t<div class=\"elementor-element elementor-element-d1ce34d elementor-widget elementor-widget-heading\" data-id=\"d1ce34d\" data-element_type=\"widget\" data-widget_type=\"heading.default\">\n\t\t\t\t<div class=\"elementor-widget-container\">\n\t\t\t\t\t<h3 class=\"elementor-heading-title elementor-size-default\">Juhana L\u012bva (<i>Juhan Liiv<\/i>) muzejs<\/h3>\t\t\t\t<\/div>\n\t\t\t\t<\/div>\n\t\t\t\t\t<\/div>\n\t\t\t\t<\/div>\n\t\t<div class=\"elementor-element elementor-element-cee09ca con-2col-imgtxt cont e-flex e-con-boxed e-con e-parent\" data-id=\"cee09ca\" data-element_type=\"container\" data-settings=\"{&quot;background_background&quot;:&quot;classic&quot;}\">\n\t\t\t\t\t<div class=\"e-con-inner\">\n\t\t<div class=\"elementor-element elementor-element-2b5e0af e-flex e-con-boxed e-con e-child\" data-id=\"2b5e0af\" data-element_type=\"container\">\n\t\t\t\t\t<div class=\"e-con-inner\">\n\t\t<div class=\"elementor-element elementor-element-c40b7a4 e-con-full e-flex e-con e-child\" data-id=\"c40b7a4\" data-element_type=\"container\">\n\t\t\t\t<div class=\"elementor-element elementor-element-7477513 elementor-widget elementor-widget-spacer\" data-id=\"7477513\" data-element_type=\"widget\" data-widget_type=\"spacer.default\">\n\t\t\t\t<div class=\"elementor-widget-container\">\n\t\t\t\t\t\t\t<div class=\"elementor-spacer\">\n\t\t\t<div class=\"elementor-spacer-inner\"><\/div>\n\t\t<\/div>\n\t\t\t\t\t\t<\/div>\n\t\t\t\t<\/div>\n\t\t\t\t<div class=\"elementor-element elementor-element-a2db042 elementor-widget elementor-widget-text-editor\" data-id=\"a2db042\" data-element_type=\"widget\" data-widget_type=\"text-editor.default\">\n\t\t\t\t<div class=\"elementor-widget-container\">\n\t\t\t\t\t\t\t\t\t<p style=\"text-align: left;\">S\u012bpolu ce\u013c\u0101, pie pieturas <strong><i>Rupsi<\/i><\/strong>, atrodas Juhana L\u012bva memori\u0101lais muzejs, kas aicina iepaz\u012bt igau\u0146u dzejnieka Juhana L\u012bva un vi\u0146a dzimt\u0101 nost\u016bra bag\u0101to v\u0113sturi. Past\u0101v\u012bg\u0101 ekspoz\u012bcija <i>Ja es b\u016btu dzejnieks<\/i> apmekl\u0113t\u0101jus ieved dzi\u013c\u0101k Juhana L\u012bva dz\u012bv\u0113 un dai\u013crad\u0113, apg\u0101\u017eot ap vi\u0146u t\u012btos m\u012btus.\u00a0 Muzejs ir k\u0101 v\u0101rti uz pag\u0101tni, kur interesenti var atkl\u0101t dzi\u013cus kult\u016brv\u0113sturiskus sl\u0101\u0146us un lab\u0101k izprast to ietekmi uz m\u016bsdienu Igaunijas sabiedr\u012bbu. Muzejs atv\u0113rts O\u2013Sv plkst. 10\u201316.<\/p>\n\t\t\t\t\t\t\t\t<\/div>\n\t\t\t\t<\/div>\n\t\t\t\t<\/div>\n\t\t<div class=\"elementor-element elementor-element-a7bea4e e-con-full e-flex e-con e-child\" data-id=\"a7bea4e\" data-element_type=\"container\">\n\t\t\t\t<div class=\"elementor-element elementor-element-11a70c2 elementor-widget elementor-widget-image\" data-id=\"11a70c2\" data-element_type=\"widget\" data-widget_type=\"image.default\">\n\t\t\t\t<div class=\"elementor-widget-container\">\n\t\t\t\t\t\t\t\t\t\t\t\t<figure class=\"wp-caption\">\n\t\t\t\t\t\t\t\t\t\t<img loading=\"lazy\" decoding=\"async\" width=\"1024\" height=\"427\" src=\"https:\/\/visittartu.com\/wp-content\/uploads\/2024\/07\/LiivMuseum-visittartu-visitestonia-1024x427.jpg\" class=\"attachment-large size-large wp-image-103889\" alt=\"Liivi Muuseum Tartumaal\" srcset=\"https:\/\/visittartu.com\/wp-content\/uploads\/2024\/07\/LiivMuseum-visittartu-visitestonia-1024x427.jpg 1024w, https:\/\/visittartu.com\/wp-content\/uploads\/2024\/07\/LiivMuseum-visittartu-visitestonia-300x125.jpg 300w, https:\/\/visittartu.com\/wp-content\/uploads\/2024\/07\/LiivMuseum-visittartu-visitestonia-768x320.jpg 768w, https:\/\/visittartu.com\/wp-content\/uploads\/2024\/07\/LiivMuseum-visittartu-visitestonia-1536x640.jpg 1536w, https:\/\/visittartu.com\/wp-content\/uploads\/2024\/07\/LiivMuseum-visittartu-visitestonia.jpg 1920w\" sizes=\"(max-width: 1024px) 100vw, 1024px\" \/>\t\t\t\t\t\t\t\t\t\t\t<figcaption class=\"widget-image-caption wp-caption-text\">L\u012bva muzejs, Gabriela L\u012bvamegi (<i>Gabriela Liivam\u00e4gi<\/i>)<\/figcaption>\n\t\t\t\t\t\t\t\t\t\t<\/figure>\n\t\t\t\t\t\t\t\t\t<\/div>\n\t\t\t\t<\/div>\n\t\t\t\t<\/div>\n\t\t\t\t\t<\/div>\n\t\t\t\t<\/div>\n\t\t\t\t\t<\/div>\n\t\t\t\t<\/div>\n\t\t<div class=\"elementor-element elementor-element-4035d57 e-flex e-con-boxed e-con e-parent\" data-id=\"4035d57\" data-element_type=\"container\">\n\t\t\t\t\t<div class=\"e-con-inner\">\n\t\t\t\t<div class=\"elementor-element elementor-element-22bf3d2 elementor-widget elementor-widget-heading\" data-id=\"22bf3d2\" data-element_type=\"widget\" data-widget_type=\"heading.default\">\n\t\t\t\t<div class=\"elementor-widget-container\">\n\t\t\t\t\t<h3 class=\"elementor-heading-title elementor-size-default\">Iepaz\u012bstiet vectic\u012bbnieku dz\u012bvi un para\u017eas!<\/h3>\t\t\t\t<\/div>\n\t\t\t\t<\/div>\n\t\t\t\t\t<\/div>\n\t\t\t\t<\/div>\n\t\t<div class=\"elementor-element elementor-element-d2837da con-2col-imgtxt cont e-flex e-con-boxed e-con e-parent\" data-id=\"d2837da\" data-element_type=\"container\" data-settings=\"{&quot;background_background&quot;:&quot;classic&quot;}\">\n\t\t\t\t\t<div class=\"e-con-inner\">\n\t\t<div class=\"elementor-element elementor-element-f01abf2 e-con-full e-flex e-con e-child\" data-id=\"f01abf2\" data-element_type=\"container\">\n\t\t\t\t<div class=\"elementor-element elementor-element-6702e64 elementor-widget elementor-widget-image\" data-id=\"6702e64\" data-element_type=\"widget\" data-widget_type=\"image.default\">\n\t\t\t\t<div class=\"elementor-widget-container\">\n\t\t\t\t\t\t\t\t\t\t\t\t<figure class=\"wp-caption\">\n\t\t\t\t\t\t\t\t\t\t<img loading=\"lazy\" decoding=\"async\" width=\"1024\" height=\"683\" src=\"https:\/\/visittartu.com\/wp-content\/uploads\/2024\/07\/7_MesiTare_perenaineHerlingMesi_Sibulatee_foto_Ahto_Sooaru-1024x683.jpg\" class=\"attachment-large size-large wp-image-103899\" alt=\"Mesi Tare sibulatee tartumaal\" srcset=\"https:\/\/visittartu.com\/wp-content\/uploads\/2024\/07\/7_MesiTare_perenaineHerlingMesi_Sibulatee_foto_Ahto_Sooaru-1024x683.jpg 1024w, https:\/\/visittartu.com\/wp-content\/uploads\/2024\/07\/7_MesiTare_perenaineHerlingMesi_Sibulatee_foto_Ahto_Sooaru-300x200.jpg 300w, https:\/\/visittartu.com\/wp-content\/uploads\/2024\/07\/7_MesiTare_perenaineHerlingMesi_Sibulatee_foto_Ahto_Sooaru-768x512.jpg 768w, https:\/\/visittartu.com\/wp-content\/uploads\/2024\/07\/7_MesiTare_perenaineHerlingMesi_Sibulatee_foto_Ahto_Sooaru-1536x1024.jpg 1536w, https:\/\/visittartu.com\/wp-content\/uploads\/2024\/07\/7_MesiTare_perenaineHerlingMesi_Sibulatee_foto_Ahto_Sooaru-2048x1365.jpg 2048w\" sizes=\"(max-width: 1024px) 100vw, 1024px\" \/>\t\t\t\t\t\t\t\t\t\t\t<figcaption class=\"widget-image-caption wp-caption-text\"><i>Mesi Tare<\/i> saimniece, Ahto Soaru (<i>Ahto Sooaru<\/i>)<\/figcaption>\n\t\t\t\t\t\t\t\t\t\t<\/figure>\n\t\t\t\t\t\t\t\t\t<\/div>\n\t\t\t\t<\/div>\n\t\t\t\t<\/div>\n\t\t<div class=\"elementor-element elementor-element-0df53b3 e-con-full e-flex e-con e-child\" data-id=\"0df53b3\" data-element_type=\"container\">\n\t\t\t\t<div class=\"elementor-element elementor-element-1c4d32e elementor-widget elementor-widget-text-editor\" data-id=\"1c4d32e\" data-element_type=\"widget\" data-widget_type=\"text-editor.default\">\n\t\t\t\t<div class=\"elementor-widget-container\">\n\t\t\t\t\t\t\t\t\t<p>Krievu vectic\u012bbnieki ir viena no savdab\u012bg\u0101kaj\u0101m kopien\u0101m, kas atradusi m\u0101jvietu Igaunijas Peipusa re\u0123ion\u0101. K\u0101 vi\u0146i nok\u013cuva Igaunij\u0101? Un kad? K\u0101p\u0113c vi\u0146i apmet\u0101s tie\u0161i Peipusa ezera krast\u0101?\u00a0K\u0101das ir vectic\u012bbnieku para\u017eas? Kas ir \u0161\u012bs \u0123imenes un k\u0101p\u0113c t\u0101s jau gadsimtiem ilgi audz\u0113 s\u012bpolus \u0161eit ierast\u0101 veid\u0101?\u00a0<a href=\"https:\/\/visittartu.com\/et\/kolkja-vanausuliste-muuseum\" target=\"_blank\" rel=\"noopener\">Kolkjas vectic\u012bbnieku muzejs<\/a> <strong>Kolkjas<\/strong> ciemat\u0101 p\u0113ta Peipusa piekrast\u0113 dz\u012bvojo\u0161o krievu vectic\u012bbnieku st\u0101stu un to nodod t\u0101l\u0101k saviem apmekl\u0113t\u0101jiem. Izst\u0101de ir igau\u0146u, ang\u013cu un krievu valod\u0101. Apmekl\u0113t\u0101ji ir laipni gaid\u012bti T\u2013Sv plkst. 11\u201317.\u00a0<\/p>\n<p>S\u012bpolu ce\u013c\u0101, kas ir paz\u012bstams ar savu kult\u016bras bag\u0101t\u012bbu, ir v\u0113l daudz \u012bpa\u0161u vietu, ko atkl\u0101t. Atkl\u0101jiet aizraujo\u0161as iesp\u0113jas <a href=\"http:\/\/www.sibulatee.ee\/\" target=\"_blank\" rel=\"noopener\">S\u012bpolu ce\u013ca m\u0101jaslap\u0101<\/a>!\u00a0<\/p>\n\t\t\t\t\t\t\t\t<\/div>\n\t\t\t\t<\/div>\n\t\t\t\t<\/div>\n\t\t\t\t\t<\/div>\n\t\t\t\t<\/div>\n\t\t\t\t<\/div>\n\t\t","protected":false},"excerpt":{"rendered":"<p>Ir daudz aizraujo\u0161u vietu, ko apmekl\u0113t ar sabiedrisko transportu Ja pl\u0101nojat atva\u013cin\u0101jumu Tartu, lai iepaz\u012btu pils\u0113tas apskates objektus, iesak\u0101m apmekl\u0113t Tartu apri\u0146\u0137i un Dienvidigauniju pla\u0161\u0101k. Vair\u0101ki karstie galam\u0113r\u0137i ir viegli un \u0113rti sasniedzami ar viet\u0113jo sabiedrisko transportu, kas \u013cauj izbaud\u012bt ce\u013cojumu vienk\u0101r\u0161i un videi draudz\u012bgi. Sabiedrisk\u0101 transporta kust\u012bbas grafikus var atrast vietn\u0113 www.peatus.ee vai www.elron.ee. [&hellip;]<\/p>\n","protected":false},"author":2,"featured_media":227064,"comment_status":"closed","ping_status":"closed","sticky":false,"template":"","format":"standard","meta":{"_acf_changed":false,"footnotes":""},"categories":[458],"tags":[501,500],"class_list":["post-151373","post","type-post","status-publish","format-standard","has-post-thumbnail","hentry","category-artiklid-lv","tag-tartu-aprinkis","tag-transports"],"acf":[],"_links":{"self":[{"href":"https:\/\/visittartu.com\/lv\/wp-json\/wp\/v2\/posts\/151373","targetHints":{"allow":["GET"]}}],"collection":[{"href":"https:\/\/visittartu.com\/lv\/wp-json\/wp\/v2\/posts"}],"about":[{"href":"https:\/\/visittartu.com\/lv\/wp-json\/wp\/v2\/types\/post"}],"author":[{"embeddable":true,"href":"https:\/\/visittartu.com\/lv\/wp-json\/wp\/v2\/users\/2"}],"replies":[{"embeddable":true,"href":"https:\/\/visittartu.com\/lv\/wp-json\/wp\/v2\/comments?post=151373"}],"version-history":[{"count":2,"href":"https:\/\/visittartu.com\/lv\/wp-json\/wp\/v2\/posts\/151373\/revisions"}],"predecessor-version":[{"id":154490,"href":"https:\/\/visittartu.com\/lv\/wp-json\/wp\/v2\/posts\/151373\/revisions\/154490"}],"wp:featuredmedia":[{"embeddable":true,"href":"https:\/\/visittartu.com\/lv\/wp-json\/wp\/v2\/media\/227064"}],"wp:attachment":[{"href":"https:\/\/visittartu.com\/lv\/wp-json\/wp\/v2\/media?parent=151373"}],"wp:term":[{"taxonomy":"category","embeddable":true,"href":"https:\/\/visittartu.com\/lv\/wp-json\/wp\/v2\/categories?post=151373"},{"taxonomy":"post_tag","embeddable":true,"href":"https:\/\/visittartu.com\/lv\/wp-json\/wp\/v2\/tags?post=151373"}],"curies":[{"name":"wp","href":"https:\/\/api.w.org\/{rel}","templated":true}]}}