 {"id":169342,"date":"2025-04-27T20:55:33","date_gmt":"2025-04-27T20:55:33","guid":{"rendered":"https:\/\/visittartu.com\/suvi\/"},"modified":"2026-04-29T08:51:09","modified_gmt":"2026-04-29T08:51:09","slug":"kesa-tartossa","status":"publish","type":"post","link":"https:\/\/visittartu.com\/fi\/kesa-tartossa\/","title":{"rendered":"Viet\u00e4 kes\u00e4 Tartossa ja puhkea kukkaan"},"content":{"rendered":"\t\t<div data-elementor-type=\"wp-post\" data-elementor-id=\"169342\" class=\"elementor elementor-169342\" data-elementor-post-type=\"post\">\n\t\t\t\t<div class=\"elementor-element elementor-element-8f679c1 e-flex e-con-boxed e-con e-parent\" data-id=\"8f679c1\" data-element_type=\"container\">\n\t\t\t\t\t<div class=\"e-con-inner\">\n\t\t\t\t<div class=\"elementor-element elementor-element-b06e1eb elementor-absolute elementor-widget elementor-widget-image\" data-id=\"b06e1eb\" data-element_type=\"widget\" data-settings=\"{&quot;_position&quot;:&quot;absolute&quot;}\" data-widget_type=\"image.default\">\n\t\t\t\t<div class=\"elementor-widget-container\">\n\t\t\t\t\t\t\t\t\t\t\t\t<figure class=\"wp-caption\">\n\t\t\t\t\t\t\t\t\t\t<img decoding=\"async\" width=\"1\" height=\"1\" src=\"https:\/\/visittartu.com\/wp-content\/uploads\/2025\/05\/svg-swirl-horizontal.svg\" class=\"attachment-large size-large wp-image-172083\" alt=\"\" \/>\t\t\t\t\t\t\t\t\t\t\t<figcaption class=\"widget-image-caption wp-caption-text\"><\/figcaption>\n\t\t\t\t\t\t\t\t\t\t<\/figure>\n\t\t\t\t\t\t\t\t\t<\/div>\n\t\t\t\t<\/div>\n\t\t\t\t\t<\/div>\n\t\t\t\t<\/div>\n\t\t<div class=\"elementor-element elementor-element-5512859 e-flex e-con-boxed e-con e-parent\" data-id=\"5512859\" data-element_type=\"container\">\n\t\t\t\t\t<div class=\"e-con-inner\">\n\t\t\t\t<div class=\"elementor-element elementor-element-19de56a elementor-hidden-mobile elementor-widget elementor-widget-heading\" data-id=\"19de56a\" data-element_type=\"widget\" data-widget_type=\"heading.default\">\n\t\t\t\t<div class=\"elementor-widget-container\">\n\t\t\t\t\t<h2 class=\"elementor-heading-title elementor-size-default\">Viet\u00e4 kes\u00e4 Tartossa ja puhkea kukkaan<\/h2>\t\t\t\t<\/div>\n\t\t\t\t<\/div>\n\t\t\t\t\t<\/div>\n\t\t\t\t<\/div>\n\t\t<div class=\"elementor-element elementor-element-9acb6b3 e-flex e-con-boxed e-con e-parent\" data-id=\"9acb6b3\" data-element_type=\"container\">\n\t\t\t\t\t<div class=\"e-con-inner\">\n\t\t\t\t<div class=\"elementor-element elementor-element-2b3c6b1 elementor-widget elementor-widget-text-editor\" data-id=\"2b3c6b1\" data-element_type=\"widget\" data-widget_type=\"text-editor.default\">\n\t\t\t\t<div class=\"elementor-widget-container\">\n\t\t\t\t\t\t\t\t\t<p><strong>Tartossa el\u00e4m\u00e4 liikkuu jotenkin mukavammassa rytmiss\u00e4<\/strong>.<\/p><p>Aamut tuoksuvat tuoreelta kahvilta ja l\u00e4mpimilt\u00e4 pullilta, p\u00e4iv\u00e4t kulkevat gallerioissa, puistoissa ja kahviloissa kulkien ja iltojen viett\u00e4miseen on juuri sinulle sopivia tuhansia mahdollisuuksia. T\u00e4\u00e4ll\u00e4 on tilaa hengitt\u00e4\u00e4 ja aikaa havaita ja vain olla.<\/p><p>Kutsumme sinut kyl\u00e4\u00e4n, jotta p\u00e4\u00e4sisit kes\u00e4ksi arjesta pois \u2013 joko yksin tai kumppanin, perheen tai yst\u00e4vien kanssa. Jotta saisit inspiraatiota, voisit luoda parhaita muistoja ja mik\u00e4 t\u00e4rkeint\u00e4, puhjeta kukkaan.<\/p><p>T\u00e4nne on helppoa ja yksinkertaista tulla \u2013 erityisesti lent\u00e4en Helsingist\u00e4 suoraan vain <strong><a href=\"https:\/\/visittartu.com\/fi\/liikenne\/\" target=\"_blank\" rel=\"noopener\">45 minuutissa<\/a><\/strong>. Nopea ja vaivaton matka tuo sinut suoraan Tarttoon, kaupunkiin, jossa voit l\u00f6yt\u00e4\u00e4 oman rytmisi ja nauttia olostasi.<\/p>\t\t\t\t\t\t\t\t<\/div>\n\t\t\t\t<\/div>\n\t\t\t\t\t<\/div>\n\t\t\t\t<\/div>\n\t\t<div class=\"elementor-element elementor-element-78c8c6d e-flex e-con-boxed e-con e-child\" data-id=\"78c8c6d\" data-element_type=\"container\">\n\t\t\t\t\t<div class=\"e-con-inner\">\n\t\t<div class=\"elementor-element elementor-element-7704931 e-con-full e-flex e-con e-child\" data-id=\"7704931\" data-element_type=\"container\">\n\t\t\t\t<div class=\"elementor-element elementor-element-b3c7137 elementor-widget elementor-widget-image\" data-id=\"b3c7137\" data-element_type=\"widget\" data-widget_type=\"image.default\">\n\t\t\t\t<div class=\"elementor-widget-container\">\n\t\t\t\t\t\t\t\t\t\t\t\t<figure class=\"wp-caption\">\n\t\t\t\t\t\t\t\t\t\t<img decoding=\"async\" width=\"166\" height=\"173\" src=\"https:\/\/visittartu.com\/wp-content\/uploads\/2025\/05\/tulbid2.svg\" class=\"attachment-full size-full wp-image-169922\" alt=\"\" \/>\t\t\t\t\t\t\t\t\t\t\t<figcaption class=\"widget-image-caption wp-caption-text\"><\/figcaption>\n\t\t\t\t\t\t\t\t\t\t<\/figure>\n\t\t\t\t\t\t\t\t\t<\/div>\n\t\t\t\t<\/div>\n\t\t\t\t<\/div>\n\t\t<div class=\"elementor-element elementor-element-a15146c e-con-full e-flex e-con e-child\" data-id=\"a15146c\" data-element_type=\"container\">\n\t\t\t\t<div class=\"elementor-element elementor-element-ca43a5b elementor-widget elementor-widget-heading\" data-id=\"ca43a5b\" data-element_type=\"widget\" data-widget_type=\"heading.default\">\n\t\t\t\t<div class=\"elementor-widget-container\">\n\t\t\t\t\t<h2 class=\"elementor-heading-title elementor-size-default\">Tartto on paikka, joka koskettaa syd\u00e4nt\u00e4 hetki hetkelt\u00e4 syvemm\u00e4lt\u00e4 ja jossa puhkeat aidosti kukkaan.<\/h2>\t\t\t\t<\/div>\n\t\t\t\t<\/div>\n\t\t\t\t<\/div>\n\t\t\t\t\t<\/div>\n\t\t\t\t<\/div>\n\t\t<div class=\"elementor-element elementor-element-5581b28 e-flex e-con-boxed e-con e-parent\" data-id=\"5581b28\" data-element_type=\"container\">\n\t\t\t\t\t<div class=\"e-con-inner\">\n\t\t\t\t<div class=\"elementor-element elementor-element-760dd43 elementor-widget elementor-widget-heading\" data-id=\"760dd43\" data-element_type=\"widget\" data-widget_type=\"heading.default\">\n\t\t\t\t<div class=\"elementor-widget-container\">\n\t\t\t\t\t<h2 class=\"elementor-heading-title elementor-size-default\">Makuaisteja helliv\u00e4t ruokael\u00e4mykset<\/h2>\t\t\t\t<\/div>\n\t\t\t\t<\/div>\n\t\t\t\t\t<\/div>\n\t\t\t\t<\/div>\n\t\t<div class=\"elementor-element elementor-element-5d12db7 con-2col-imgtxt cont e-flex e-con-boxed e-con e-parent\" data-id=\"5d12db7\" data-element_type=\"container\" data-settings=\"{&quot;background_background&quot;:&quot;classic&quot;}\">\n\t\t\t\t\t<div class=\"e-con-inner\">\n\t\t<div class=\"elementor-element elementor-element-b0ee066 e-con-full e-flex e-con e-child\" data-id=\"b0ee066\" data-element_type=\"container\">\n\t\t\t\t<div class=\"elementor-element elementor-element-93bd7cf elementor-widget elementor-widget-image\" data-id=\"93bd7cf\" data-element_type=\"widget\" data-widget_type=\"image.default\">\n\t\t\t\t<div class=\"elementor-widget-container\">\n\t\t\t\t\t\t\t\t\t\t\t\t<figure class=\"wp-caption\">\n\t\t\t\t\t\t\t\t\t\t<img fetchpriority=\"high\" decoding=\"async\" width=\"1024\" height=\"683\" src=\"https:\/\/visittartu.com\/wp-content\/uploads\/2025\/04\/Toit-1-Luisa-Greta-Vilo-1024x683.jpg\" class=\"attachment-large size-large wp-image-169072\" alt=\"visittartu-toidupiirkond-luisa-greta-vilo\" srcset=\"https:\/\/visittartu.com\/wp-content\/uploads\/2025\/04\/Toit-1-Luisa-Greta-Vilo-1024x683.jpg 1024w, https:\/\/visittartu.com\/wp-content\/uploads\/2025\/04\/Toit-1-Luisa-Greta-Vilo-300x200.jpg 300w, https:\/\/visittartu.com\/wp-content\/uploads\/2025\/04\/Toit-1-Luisa-Greta-Vilo-768x512.jpg 768w, https:\/\/visittartu.com\/wp-content\/uploads\/2025\/04\/Toit-1-Luisa-Greta-Vilo-1536x1024.jpg 1536w, https:\/\/visittartu.com\/wp-content\/uploads\/2025\/04\/Toit-1-Luisa-Greta-Vilo-2048x1365.jpg 2048w\" sizes=\"(max-width: 1024px) 100vw, 1024px\" \/>\t\t\t\t\t\t\t\t\t\t\t<figcaption class=\"widget-image-caption wp-caption-text\">Ruokael\u00e4myksi\u00e4 Tartossa, Luisa Greta Vilo<\/figcaption>\n\t\t\t\t\t\t\t\t\t\t<\/figure>\n\t\t\t\t\t\t\t\t\t<\/div>\n\t\t\t\t<\/div>\n\t\t\t\t<\/div>\n\t\t<div class=\"elementor-element elementor-element-03dec64 e-con-full e-flex e-con e-child\" data-id=\"03dec64\" data-element_type=\"container\">\n\t\t\t\t<div class=\"elementor-element elementor-element-17c8f30 elementor-widget elementor-widget-text-editor\" data-id=\"17c8f30\" data-element_type=\"widget\" data-widget_type=\"text-editor.default\">\n\t\t\t\t<div class=\"elementor-widget-container\">\n\t\t\t\t\t\t\t\t\t<div class=\"flex flex-grow flex-col max-w-full\"><div class=\"min-h-[20px] text-message flex w-full flex-col items-end gap-2 whitespace-pre-wrap break-words [.text-message+&amp;]:mt-5 overflow-x-auto\" dir=\"auto\" data-message-author-role=\"assistant\" data-message-id=\"202a72e4-faab-4ca9-b6d4-928a5905cdab\"><div class=\"flex w-full flex-col gap-1 empty:hidden first:pt-[3px]\"><div class=\"markdown prose w-full break-words dark:prose-invert dark\"><p>Tartossa sinua odottavat todelliset makuel\u00e4mykset. Viime vuonna (2025) Tartumaa kantoi ylpe\u00e4sti Viron <strong><a href=\"https:\/\/visittartu.com\/culinary-region\/\">ruoka-alueen titteli\u00e4<\/a><\/strong> \u2013 ja se n\u00e4kyy yh\u00e4 alueen rikkaassa ja el\u00e4myksellisess\u00e4 ruokakulttuurissa.\u00a0Odotettavissa on paljon upeita ruokael\u00e4myksi\u00e4 ja tietysti ihania Tarton makuja, jotka esittelev\u00e4t paikallista ruokaa ja ruokakulttuuria parhaalla mahdollisella tavalla.<\/p><p>T\u00e4\u00e4ll\u00e4 kahvilat ja ravintolat ovat monipuolisia ja tarjoavat el\u00e4myksi\u00e4 kaikkina kellonaikoina. Nauti aamiaisesta <strong><a href=\"https:\/\/visittartu.com\/fi\/objekt\/kahvila-werner\/\" target=\"_blank\" rel=\"noopener\">Werneriss\u00e4<\/a><\/strong> tai <strong><a href=\"https:\/\/kohvipaus.ee\/\" target=\"_blank\" rel=\"noopener\">Kohvipausissa<\/a><\/strong>, sy\u00f6 katuruokaa <a href=\"https:\/\/visittartu.com\/fi\/objekt\/ravintola-kolm-tilli\/\" target=\"_blank\" rel=\"noopener\"><strong>Kolm<\/strong> <strong>Tilliss\u00e4<\/strong><\/a> tai suunnittele erityinen illallinen <strong><a href=\"https:\/\/visittartu.com\/fi\/objekt\/ravintola-holm\/\" target=\"_blank\" rel=\"noopener\">H\u00f5lm-ravintolassa<\/a><\/strong>. Jos haluat keskustella l\u00e4heisten kanssa el\u00e4m\u00e4st\u00e4, niin <strong><a href=\"https:\/\/www.karlovakohv.ee\/\" target=\"_blank\" rel=\"noopener\">Karlova Kohv<\/a><\/strong>, <strong><a href=\"https:\/\/www.kafe.design\/\" target=\"_blank\" rel=\"noopener\">Kafe<\/a><\/strong>, <strong><a href=\"https:\/\/visittartu.com\/fi\/objekt\/leipomoliike-cruffin-saiatehas\/\" target=\"_blank\" rel=\"noopener\">Cruffin<\/a><\/strong> ja <a href=\"https:\/\/visittartu.com\/fi\/objekt\/kakkukauppa-mandel\/\" target=\"_blank\" rel=\"noopener\"><strong>kakkukauppa<\/strong> <strong>Mandel<\/strong><\/a> odottavat sinua viihtyis\u00e4ll\u00e4 tunnelmallaan, leivonnaisillaan ja todella hyv\u00e4ll\u00e4 kahvillaan. Jos etsit paikkaa nauttia kavereiden kanssa ruoan pariksi cocktail ja viett\u00e4\u00e4 iltaa, mene <strong><a href=\"https:\/\/gastronomist.ee\/\" target=\"_blank\" rel=\"noopener\">Gastronomistiin<\/a><\/strong>, <strong><a href=\"https:\/\/humalbistro.ee\/en\/\" target=\"_blank\" rel=\"noopener\">Humalaan<\/a><\/strong> tai <strong><a href=\"https:\/\/visittartu.com\/fi\/objekt\/ravintola-pompei\/\" target=\"_blank\" rel=\"noopener\">Pompeiin<\/a><\/strong> ja on varmaa, ett\u00e4 tapaatte siell\u00e4 my\u00f6s seuraavana p\u00e4iv\u00e4n\u00e4.<\/p><\/div><\/div><\/div><\/div>\t\t\t\t\t\t\t\t<\/div>\n\t\t\t\t<\/div>\n\t\t\t\t<\/div>\n\t\t\t\t\t<\/div>\n\t\t\t\t<\/div>\n\t\t<div class=\"elementor-element elementor-element-0429d61 e-flex e-con-boxed e-con e-parent\" data-id=\"0429d61\" data-element_type=\"container\">\n\t\t\t\t\t<div class=\"e-con-inner\">\n\t\t\t\t<div class=\"elementor-element elementor-element-749efd1 elementor-widget elementor-widget-text-editor\" data-id=\"749efd1\" data-element_type=\"widget\" data-widget_type=\"text-editor.default\">\n\t\t\t\t<div class=\"elementor-widget-container\">\n\t\t\t\t\t\t\t\t\t<p>Ja kes\u00e4tunnelma? Sit\u00e4 l\u00f6yd\u00e4t iltaisin Emajoen rannan baareista ja ravintoloista, joissa on viihtyis\u00e4 tunnelma ja joista l\u00f6yt\u00e4\u00e4 aina keskustelukumppanin.<\/p><p>Paikalliset <strong><a href=\"https:\/\/visittartu.com\/fi\/ruokapaikat-tartossa\/\" target=\"_blank\" rel=\"noopener\">torit<\/a><\/strong> ja <strong><a href=\"https:\/\/kultuuriaken.tartu.ee\/en\/events?category=22&amp;starting_time=5\" target=\"_blank\" rel=\"noopener\">markkinat<\/a><\/strong> ly\u00f6v\u00e4t p\u00f6yt\u00e4\u00e4n tuoreita tuotteita ja kotoisia herkkuja. On kiva my\u00f6s tavata paikallisia tuottajia silm\u00e4st\u00e4 silm\u00e4\u00e4n! Ota aikaa tutustuaksesi esimerkiksi <strong><a href=\"https:\/\/www.sibulatee.ee\/en\/\" target=\"_blank\" rel=\"noopener\">Sipulitiehen<\/a><\/strong>, jossa tehd\u00e4\u00e4n maailman parhaita kalaruokia, sipulipiirakoita ja muita kotoisia leivonnaisia.<\/p>\t\t\t\t\t\t\t\t<\/div>\n\t\t\t\t<\/div>\n\t\t\t\t\t<\/div>\n\t\t\t\t<\/div>\n\t\t<div class=\"elementor-element elementor-element-f89cd71 e-flex e-con-boxed e-con e-parent\" data-id=\"f89cd71\" data-element_type=\"container\">\n\t\t\t\t\t<div class=\"e-con-inner\">\n\t\t\t\t<div class=\"elementor-element elementor-element-6ef1bfc elementor-widget elementor-widget-heading\" data-id=\"6ef1bfc\" data-element_type=\"widget\" data-widget_type=\"heading.default\">\n\t\t\t\t<div class=\"elementor-widget-container\">\n\t\t\t\t\t<h2 class=\"elementor-heading-title elementor-size-default\">Inspiraation her\u00e4tt\u00e4v\u00e4 luovuus<\/h2>\t\t\t\t<\/div>\n\t\t\t\t<\/div>\n\t\t\t\t\t<\/div>\n\t\t\t\t<\/div>\n\t\t<div class=\"elementor-element elementor-element-9ad1202 e-flex e-con-boxed e-con e-child\" data-id=\"9ad1202\" data-element_type=\"container\">\n\t\t\t\t\t<div class=\"e-con-inner\">\n\t\t<div class=\"elementor-element elementor-element-ca86b51 e-con-full e-flex e-con e-child\" data-id=\"ca86b51\" data-element_type=\"container\">\n\t\t\t\t<div class=\"elementor-element elementor-element-4e47703 elementor-widget elementor-widget-spacer\" data-id=\"4e47703\" data-element_type=\"widget\" data-widget_type=\"spacer.default\">\n\t\t\t\t<div class=\"elementor-widget-container\">\n\t\t\t\t\t\t\t<div class=\"elementor-spacer\">\n\t\t\t<div class=\"elementor-spacer-inner\"><\/div>\n\t\t<\/div>\n\t\t\t\t\t\t<\/div>\n\t\t\t\t<\/div>\n\t\t\t\t<div class=\"elementor-element elementor-element-7d14b1f elementor-widget elementor-widget-text-editor\" data-id=\"7d14b1f\" data-element_type=\"widget\" data-widget_type=\"text-editor.default\">\n\t\t\t\t<div class=\"elementor-widget-container\">\n\t\t\t\t\t\t\t\t\t<p><strong>Tartossa luovuus on osa arkea.<\/strong> Eik\u00e4 vain niille, jotka toimivat p\u00e4ivitt\u00e4in taitelijoina, vaan my\u00f6s niille, jotka vain etsiv\u00e4t uusia ajatuksia ja tuoreita n\u00e4k\u00f6kulmia. Mahdollisuuksia siihen on loputtomasti.<\/p><p>K\u00e4vele <strong><a href=\"https:\/\/visittartu.com\/fi\/objekt\/arkkitehtuurista-kiinnostuneiden-ja-boheemien-tapaamispaikka-karlova\/\" target=\"_blank\" rel=\"noopener\">Karlovassa<\/a><\/strong> ja <strong><a href=\"https:\/\/visittartu.com\/fi\/objekt\/supilinn-ymparistoltaan-arvokasta-puukaupunkia\/\" target=\"_blank\" rel=\"noopener\">Supilinnassa<\/a><\/strong>, tutki katutaideteoksia siltojen alla, kurkista <a href=\"https:\/\/visittartu.com\/fi\/objekt\/tarton-taidemuseo\/\" target=\"_blank\" rel=\"noopener\"><strong>Tarton<\/strong> <strong>taidemuseoon<\/strong><\/a>, <a href=\"https:\/\/visittartu.com\/fi\/objekt\/taidegalleria-pallas\/\" target=\"_blank\" rel=\"noopener\"><strong>Pallaksen<\/strong> <strong>galleriaan<\/strong><\/a> tai <strong><a href=\"https:\/\/lmk.ee\/en\/tartu-centre-for-creative-industries\/\" target=\"_blank\" rel=\"noopener\">Antoniuksen pihalle<\/a><\/strong>. Jos etsit k\u00e4yt\u00e4nn\u00f6n toimintaa, voit kokea paperinvalmistuksen j\u00e4nnitt\u00e4v\u00e4n maailman <strong><a href=\"https:\/\/visittartu.com\/fi\/objekt\/paino-ja-paperitaidekeskus-typa\/\" target=\"_blank\" rel=\"noopener\">TYPAN keskuksessa<\/a><\/strong>, tuntea Tarton hengen <strong><a href=\"https:\/\/visittartu.com\/fi\/objekt\/luova-kaupunki-aparaaditehas\/\" target=\"_blank\" rel=\"noopener\">Aparaaditehasissa<\/a><\/strong> ja l\u00f6yt\u00e4\u00e4 paikallisia tuotteita <strong><a href=\"https:\/\/visittartu.com\/et\/objekt\/disainipood-ja-pop-up-galerii-loomekas\/\" target=\"_blank\" rel=\"noopener\">HOPP-designkaupassa<\/a><\/strong>. <strong><a href=\"https:\/\/visittartu.com\/fi\/objekt\/ylosalainen-talo\/\" target=\"_blank\" rel=\"noopener\">Yl\u00f6salainen talo<\/a> <\/strong>on hauska paikka, jonne kannattaa suunnata tutkimaan, milt\u00e4 n\u00e4ytt\u00e4\u00e4 maailma, joka on kirjaimellisesti k\u00e4\u00e4nnetty yl\u00f6salaisin.<\/p>\t\t\t\t\t\t\t\t<\/div>\n\t\t\t\t<\/div>\n\t\t\t\t<\/div>\n\t\t<div class=\"elementor-element elementor-element-e8bb2bb e-con-full e-flex e-con e-child\" data-id=\"e8bb2bb\" data-element_type=\"container\">\n\t\t\t\t<div class=\"elementor-element elementor-element-fd0ddad elementor-widget elementor-widget-image\" data-id=\"fd0ddad\" data-element_type=\"widget\" data-widget_type=\"image.default\">\n\t\t\t\t<div class=\"elementor-widget-container\">\n\t\t\t\t\t\t\t\t\t\t\t\t<figure class=\"wp-caption\">\n\t\t\t\t\t\t\t\t\t\t<img loading=\"lazy\" decoding=\"async\" width=\"1024\" height=\"559\" src=\"https:\/\/visittartu.com\/wp-content\/uploads\/2025\/04\/Loomingulisus-4-Mikk-Otsar-1-1024x559.jpg\" class=\"attachment-large size-large wp-image-169132\" alt=\"Mikk_otsar_Visittartu_loomingiline_suvi\" srcset=\"https:\/\/visittartu.com\/wp-content\/uploads\/2025\/04\/Loomingulisus-4-Mikk-Otsar-1-1024x559.jpg 1024w, https:\/\/visittartu.com\/wp-content\/uploads\/2025\/04\/Loomingulisus-4-Mikk-Otsar-1-300x164.jpg 300w, https:\/\/visittartu.com\/wp-content\/uploads\/2025\/04\/Loomingulisus-4-Mikk-Otsar-1-768x419.jpg 768w, https:\/\/visittartu.com\/wp-content\/uploads\/2025\/04\/Loomingulisus-4-Mikk-Otsar-1-1536x839.jpg 1536w, https:\/\/visittartu.com\/wp-content\/uploads\/2025\/04\/Loomingulisus-4-Mikk-Otsar-1-2048x1118.jpg 2048w\" sizes=\"(max-width: 1024px) 100vw, 1024px\" \/>\t\t\t\t\t\t\t\t\t\t\t<figcaption class=\"widget-image-caption wp-caption-text\">Tartto inspiroi, Mikk Otsar<\/figcaption>\n\t\t\t\t\t\t\t\t\t\t<\/figure>\n\t\t\t\t\t\t\t\t\t<\/div>\n\t\t\t\t<\/div>\n\t\t\t\t<\/div>\n\t\t\t\t\t<\/div>\n\t\t\t\t<\/div>\n\t\t<div class=\"elementor-element elementor-element-f5c449f e-flex e-con-boxed e-con e-parent\" data-id=\"f5c449f\" data-element_type=\"container\">\n\t\t\t\t\t<div class=\"e-con-inner\">\n\t\t\t\t<div class=\"elementor-element elementor-element-d59d047 elementor-widget elementor-widget-heading\" data-id=\"d59d047\" data-element_type=\"widget\" data-widget_type=\"heading.default\">\n\t\t\t\t<div class=\"elementor-widget-container\">\n\t\t\t\t\t<h2 class=\"elementor-heading-title elementor-size-default\">Syd\u00e4men t\u00e4ytt\u00e4v\u00e4 perheloma<\/h2>\t\t\t\t<\/div>\n\t\t\t\t<\/div>\n\t\t\t\t<div class=\"elementor-element elementor-element-8f52f62 elementor-widget elementor-widget-text-editor\" data-id=\"8f52f62\" data-element_type=\"widget\" data-widget_type=\"text-editor.default\">\n\t\t\t\t<div class=\"elementor-widget-container\">\n\t\t\t\t\t\t\t\t\t<p><strong>Tartto on suunniteltu perhelomailuun.<\/strong> Kaupunki on riitt\u00e4v\u00e4n suuri tarjotakseen runsaasti j\u00e4nnitt\u00e4vi\u00e4 aktiviteetteja ja kulttuurilaitoksia, joissa vierailla. Tartto on kuitenkin my\u00f6s riitt\u00e4v\u00e4n pieni, ett\u00e4 kaikki on l\u00e4hell\u00e4 \u2013 n\u00e4in my\u00f6s perheen pienimm\u00e4t jaksavat tutkia kaupunkia k\u00e4vellen tai py\u00f6r\u00e4ll\u00e4.<\/p><p>T\u00e4n\u00e4 kes\u00e4n\u00e4 <strong><a href=\"https:\/\/visittartu.com\/fi\/objekt\/tiedekeskus-ahhaa\/\" target=\"_blank\" rel=\"noopener\">tiedekeskus Ahhaa<\/a><\/strong> tarjoaa el\u00e4myksi\u00e4 teko\u00e4lyn j\u00e4nnitt\u00e4v\u00e4st\u00e4 maailmasta. T\u00e4\u00e4ll\u00e4 n\u00e4et, miten teko\u00e4ly, AI, toimii, ajattelee, leikkii ja jopa vitsailee. Tartossa on my\u00f6s hauska <a href=\"https:\/\/visittartu.com\/fi\/objekt\/viron-urheilu-ja-olympiamuseo-eesti-spordi-ja-olumpiamuuseum\/\" target=\"_blank\" rel=\"noopener\"><strong>urheilu- ja olympiamuseo<\/strong><\/a>, ihanan nostalginen <strong><a href=\"https:\/\/visittartu.com\/fi\/objekt\/tarton-lelumuseo\/\" target=\"_blank\" rel=\"noopener\">Lelumuseo<\/a><\/strong> sek\u00e4 <strong><a href=\"https:\/\/visittartu.com\/fi\/objekt\/tarton-yliopiston-museo\/\" target=\"_blank\" rel=\"noopener\">Tarton yliopiston hauska<\/a><\/strong> museo Hullun Tiedemiehen kera. Kannattaa ehdottomasti k\u00e4yd\u00e4 my\u00f6s <strong><a href=\"https:\/\/visittartu.com\/fi\/objekt\/viron-kansallismuseo-erm\/\" target=\"_blank\" rel=\"noopener\">Viron kansallismuseossa<\/a><\/strong>, jossa voi tutustua Viron ja virolaisuuden historiaan. Kaikki n\u00e4m\u00e4 paikat tarjoavat iloa sek\u00e4 vanhemmille ett\u00e4 lapsille.<\/p>\t\t\t\t\t\t\t\t<\/div>\n\t\t\t\t<\/div>\n\t\t\t\t\t<\/div>\n\t\t\t\t<\/div>\n\t\t<div class=\"elementor-element elementor-element-aa9cbcc con-2col-imgtxt cont e-flex e-con-boxed e-con e-parent\" data-id=\"aa9cbcc\" data-element_type=\"container\" data-settings=\"{&quot;background_background&quot;:&quot;classic&quot;}\">\n\t\t\t\t\t<div class=\"e-con-inner\">\n\t\t<div class=\"elementor-element elementor-element-29dc4dc e-con-full e-flex e-con e-child\" data-id=\"29dc4dc\" data-element_type=\"container\">\n\t\t\t\t<div class=\"elementor-element elementor-element-204aff4 elementor-widget elementor-widget-image\" data-id=\"204aff4\" data-element_type=\"widget\" data-widget_type=\"image.default\">\n\t\t\t\t<div class=\"elementor-widget-container\">\n\t\t\t\t\t\t\t\t\t\t\t\t<figure class=\"wp-caption\">\n\t\t\t\t\t\t\t\t\t\t<img loading=\"lazy\" decoding=\"async\" width=\"1024\" height=\"628\" src=\"https:\/\/visittartu.com\/wp-content\/uploads\/2025\/04\/Pere-4-Mana-Kaasik-1-1024x628.jpg\" class=\"attachment-large size-large wp-image-169138\" alt=\"Visittartu_perepuhkus_manakaasik\" srcset=\"https:\/\/visittartu.com\/wp-content\/uploads\/2025\/04\/Pere-4-Mana-Kaasik-1-1024x628.jpg 1024w, https:\/\/visittartu.com\/wp-content\/uploads\/2025\/04\/Pere-4-Mana-Kaasik-1-300x184.jpg 300w, https:\/\/visittartu.com\/wp-content\/uploads\/2025\/04\/Pere-4-Mana-Kaasik-1-768x471.jpg 768w, https:\/\/visittartu.com\/wp-content\/uploads\/2025\/04\/Pere-4-Mana-Kaasik-1-1536x942.jpg 1536w, https:\/\/visittartu.com\/wp-content\/uploads\/2025\/04\/Pere-4-Mana-Kaasik-1.jpg 2000w\" sizes=\"(max-width: 1024px) 100vw, 1024px\" \/>\t\t\t\t\t\t\t\t\t\t\t<figcaption class=\"widget-image-caption wp-caption-text\">Perheloma, Mana Kaasik<\/figcaption>\n\t\t\t\t\t\t\t\t\t\t<\/figure>\n\t\t\t\t\t\t\t\t\t<\/div>\n\t\t\t\t<\/div>\n\t\t\t\t<\/div>\n\t\t<div class=\"elementor-element elementor-element-dc8d0fa e-con-full e-flex e-con e-child\" data-id=\"dc8d0fa\" data-element_type=\"container\">\n\t\t\t\t<div class=\"elementor-element elementor-element-429ef77 elementor-widget elementor-widget-text-editor\" data-id=\"429ef77\" data-element_type=\"widget\" data-widget_type=\"text-editor.default\">\n\t\t\t\t<div class=\"elementor-widget-container\">\n\t\t\t\t\t\t\t\t\t<div class=\"flex flex-grow flex-col max-w-full\"><div class=\"min-h-[20px] text-message flex w-full flex-col items-end gap-2 whitespace-pre-wrap break-words [.text-message+&amp;]:mt-5 overflow-x-auto\" dir=\"auto\" data-message-author-role=\"assistant\" data-message-id=\"202a72e4-faab-4ca9-b6d4-928a5905cdab\"><div class=\"flex w-full flex-col gap-1 empty:hidden first:pt-[3px]\"><div class=\"markdown prose w-full break-words dark:prose-invert dark\"><p>My\u00f6s Tartumaalla riitt\u00e4\u00e4 perheille paljon l\u00f6ydett\u00e4v\u00e4\u00e4. Miten lehm\u00e4t lievitt\u00e4v\u00e4t stressi\u00e4 ja milt\u00e4 navettasinfonia kuulostaa saat tiet\u00e4\u00e4 <strong><a href=\"https:\/\/visittartu.com\/fi\/objekt\/viron-maatalousmuseo\/\" target=\"_blank\" rel=\"noopener\">Maatalousmuseossa<\/a><\/strong> hiljattain avatussa Maael\u00e4m\u00e4n uteliaisuuskeskuksessa nimelt\u00e4\u00e4n MUHK. <strong><a href=\"https:\/\/visittartu.com\/fi\/objekt\/viron-ilmailumuseo\/\" target=\"_blank\" rel=\"noopener\">Viron ilmailumuseossa<\/a> <\/strong>voit n\u00e4hd\u00e4 harvinaisia lentokoneita, <strong><a href=\"https:\/\/visittartu.com\/fi\/objekt\/jaakausikeskus\/\" target=\"_blank\" rel=\"noopener\">J\u00e4\u00e4kausikeskus<\/a><\/strong> vie aikamatkalle mammuttien kanssa. <strong><a href=\"https:\/\/visittartu.com\/fi\/objekt\/vudila-mangumaa-vudilan-puuhamaa\/\" target=\"_blank\" rel=\"noopener\">Vudilan<\/a><\/strong> suuressa ulkovesipuistossa voi nautiskella vedest\u00e4 ja eri kohteista.<\/p><p><strong><a href=\"https:\/\/visittartu.com\/fi\/objekt\/elistveren-elainpuisto\/\" target=\"_blank\" rel=\"noopener\">Elistveren el\u00e4inpuistossa<\/a><\/strong> lapset voivat tutustua Viron villiel\u00e4imiin niiden luonnollisessa elinymp\u00e4rist\u00f6ss\u00e4. J\u00e4nnitt\u00e4v\u00e4t el\u00e4mykset odottavat <strong><a href=\"https:\/\/visittartu.com\/fi\/objekt\/langen-motokeskus\/\" target=\"_blank\" rel=\"noopener\">Langen motokeskuksessa<\/a><\/strong> niit\u00e4, jotka rakastavat nopeutta ja adrenaliinia. Vehreyden keskelt\u00e4 l\u00f6ytyy my\u00f6s paljon leikkikentti\u00e4 ja vaellusreittej\u00e4, joilla voi liikkua perheen kanssa ja nauttia toistensa seurasta.<\/p><\/div><\/div><\/div><\/div>\t\t\t\t\t\t\t\t<\/div>\n\t\t\t\t<\/div>\n\t\t\t\t<\/div>\n\t\t\t\t\t<\/div>\n\t\t\t\t<\/div>\n\t\t<div class=\"elementor-element elementor-element-d353e5b e-flex e-con-boxed e-con e-parent\" data-id=\"d353e5b\" data-element_type=\"container\">\n\t\t\t\t\t<div class=\"e-con-inner\">\n\t\t\t\t<div class=\"elementor-element elementor-element-51741ae elementor-widget elementor-widget-heading\" data-id=\"51741ae\" data-element_type=\"widget\" data-widget_type=\"heading.default\">\n\t\t\t\t<div class=\"elementor-widget-container\">\n\t\t\t\t\t<h2 class=\"elementor-heading-title elementor-size-default\">Yhdist\u00e4v\u00e4t tapahtumat<\/h2>\t\t\t\t<\/div>\n\t\t\t\t<\/div>\n\t\t\t\t\t<\/div>\n\t\t\t\t<\/div>\n\t\t<div class=\"elementor-element elementor-element-d71875b e-flex e-con-boxed e-con e-child\" data-id=\"d71875b\" data-element_type=\"container\">\n\t\t\t\t\t<div class=\"e-con-inner\">\n\t\t<div class=\"elementor-element elementor-element-27d733e e-con-full e-flex e-con e-child\" data-id=\"27d733e\" data-element_type=\"container\">\n\t\t\t\t<div class=\"elementor-element elementor-element-d14c10e elementor-widget elementor-widget-spacer\" data-id=\"d14c10e\" data-element_type=\"widget\" data-widget_type=\"spacer.default\">\n\t\t\t\t<div class=\"elementor-widget-container\">\n\t\t\t\t\t\t\t<div class=\"elementor-spacer\">\n\t\t\t<div class=\"elementor-spacer-inner\"><\/div>\n\t\t<\/div>\n\t\t\t\t\t\t<\/div>\n\t\t\t\t<\/div>\n\t\t\t\t<div class=\"elementor-element elementor-element-1f1525d elementor-widget elementor-widget-text-editor\" data-id=\"1f1525d\" data-element_type=\"widget\" data-widget_type=\"text-editor.default\">\n\t\t\t\t<div class=\"elementor-widget-container\">\n\t\t\t\t\t\t\t\t\t<p><strong>Tartto on tulvillaan el\u00e4m\u00e4\u00e4, tunnelmaa ja kulttuuria!<\/strong> Jo pelk\u00e4st\u00e4\u00e4n sen vuoksi kannattaa lomakohteeksi valita juuri Tartto.<\/p><p>Useat Tarton kaupunginosat juhlistavat oman alueensa erityisyytt\u00e4 ainutlaatuisilla festivaaleilla ja kotikahviloilla. T\u00e4ll\u00e4 tavalla sin\u00e4kin saat mahdollisuuden tutkia ihania pihoja, maistaa paikallisia herkkuja ja tavata mukavia tarttolaisia.<\/p><p>Yksik\u00e4\u00e4n kes\u00e4 ei tietenk\u00e4\u00e4n ole mit\u00e4\u00e4n ilman <strong><a href=\"https:\/\/tartukorraldab.ee\/en\/jaanipaev\/about\/\" target=\"_blank\" rel=\"noopener\">juhannusta<\/a><\/strong>! Tarttolaiset sytytt\u00e4v\u00e4t kokon taas Viron kansallismuseon piha-alueella Raadin j\u00e4rven rannalla. Juhannusjuhlia l\u00f6ytyy maakunnan eri paikoista \u2013 valitse vain itsellesi sopivin paikka.<\/p><p>Vanemuisen t\u00e4m\u00e4n kes\u00e4n kes\u00e4teatteriesitys \u201c<strong><a href=\"https:\/\/vanemuine.ee\/en\/repertoire\/richard-iii\/\" target=\"_blank\" rel=\"noopener\">Richard III<\/a><\/strong>\u201d keskittyy ihmiseen ja h\u00e4nen kunnianhimoonsa. N\u00e4yt\u00f6kset j\u00e4rjestet\u00e4\u00e4n j\u00e4nnitt\u00e4v\u00e4ss\u00e4 paikassa, eli Raadin lentokonehallissa. <strong><a href=\"https:\/\/kultuuriaken.tartu.ee\/en\/event\/wrc-delfi-rally-estonia-2026?event=46952\" target=\"_blank\" rel=\"noopener\">Rally Estonia<\/a><\/strong> tuo Tarton ja koko Etel\u00e4-Viron teille kunnon annoksen adrenaliinia. Hein\u00e4kuun lopussa vanhassakaupungissa j\u00e4rjestet\u00e4\u00e4n uusi festivaali \u201cTartu sumin\u201d, elokuussa taas rakkauselokuvien festivaali <a href=\"https:\/\/kultuuriaken.tartu.ee\/en\/event\/tartu-love-film-festival-tartuff\" target=\"_blank\" rel=\"noopener\"><strong>Tartuff<\/strong><\/a>, joka muuttaa Raatihuoneentorin viihtyis\u00e4ksi ulkoelokuvateatteriksi. Tarton kes\u00e4n erottamattomaksi osaksi on muuttunut my\u00f6s makuja ja yhteis\u00f6llisyyden henke\u00e4 t\u00e4ynn\u00e4 oleva <strong><a href=\"https:\/\/visitestonia.com\/fi\/tarton-ruoka-ja-viinifestivaali\" target=\"_blank\" rel=\"noopener\">Tarton ruoka- ja viinifestivaali<\/a><\/strong>.<\/p>\t\t\t\t\t\t\t\t<\/div>\n\t\t\t\t<\/div>\n\t\t\t\t<\/div>\n\t\t<div class=\"elementor-element elementor-element-043ebd9 e-con-full e-flex e-con e-child\" data-id=\"043ebd9\" data-element_type=\"container\">\n\t\t\t\t<div class=\"elementor-element elementor-element-597ae48 elementor-widget elementor-widget-image\" data-id=\"597ae48\" data-element_type=\"widget\" data-widget_type=\"image.default\">\n\t\t\t\t<div class=\"elementor-widget-container\">\n\t\t\t\t\t\t\t\t\t\t\t\t<figure class=\"wp-caption\">\n\t\t\t\t\t\t\t\t\t\t<img loading=\"lazy\" decoding=\"async\" width=\"1024\" height=\"683\" src=\"https:\/\/visittartu.com\/wp-content\/uploads\/2025\/04\/Sundmused-4-Evelin-Lumi-1024x683.jpg\" class=\"attachment-large size-large wp-image-169099\" alt=\"Evelin Lumi_visittartu_tartu_suvi\" srcset=\"https:\/\/visittartu.com\/wp-content\/uploads\/2025\/04\/Sundmused-4-Evelin-Lumi-1024x683.jpg 1024w, https:\/\/visittartu.com\/wp-content\/uploads\/2025\/04\/Sundmused-4-Evelin-Lumi-300x200.jpg 300w, https:\/\/visittartu.com\/wp-content\/uploads\/2025\/04\/Sundmused-4-Evelin-Lumi-768x512.jpg 768w, https:\/\/visittartu.com\/wp-content\/uploads\/2025\/04\/Sundmused-4-Evelin-Lumi-1536x1024.jpg 1536w, https:\/\/visittartu.com\/wp-content\/uploads\/2025\/04\/Sundmused-4-Evelin-Lumi-2048x1365.jpg 2048w\" sizes=\"(max-width: 1024px) 100vw, 1024px\" \/>\t\t\t\t\t\t\t\t\t\t\t<figcaption class=\"widget-image-caption wp-caption-text\">Tarton kaupungin p\u00e4iv\u00e4, Evelin Lumi<\/figcaption>\n\t\t\t\t\t\t\t\t\t\t<\/figure>\n\t\t\t\t\t\t\t\t\t<\/div>\n\t\t\t\t<\/div>\n\t\t\t\t<\/div>\n\t\t\t\t\t<\/div>\n\t\t\t\t<\/div>\n\t\t<div class=\"elementor-element elementor-element-60f9f75 e-flex e-con-boxed e-con e-parent\" data-id=\"60f9f75\" data-element_type=\"container\">\n\t\t\t\t\t<div class=\"e-con-inner\">\n\t\t\t\t<div class=\"elementor-element elementor-element-6beb106 elementor-widget elementor-widget-text-editor\" data-id=\"6beb106\" data-element_type=\"widget\" data-widget_type=\"text-editor.default\">\n\t\t\t\t<div class=\"elementor-widget-container\">\n\t\t\t\t\t\t\t\t\t<p><strong><a href=\"https:\/\/visittartu.com\/fi\/objekt\/viron-ilmailumuseo\/\" target=\"_blank\" rel=\"noopener\">Lentop\u00e4iv\u00e4t<\/a><\/strong>, katutaidefestivaali <strong><a href=\"https:\/\/stencibility.eu\/\" target=\"_blank\" rel=\"noopener\">Stencibility<\/a><\/strong>, suuremmat ja pienemm\u00e4t konsertit, erilaiset kulttuuri- ja urheilutapahtumat \u2013 Tartossa tapahtuu koko ajan jotain kivaa. Tule ja varmistu, kuinka paljon hyv\u00e4\u00e4 energiaa sen v\u00e4rik\u00e4s ja el\u00e4v\u00e4 kulttuuriel\u00e4m\u00e4 tarjoaa. Ja joskus tapahtuu niin, ett\u00e4 jonain pienen\u00e4, odottamattomana hetken\u00e4 \u2013 hiljaisessa konsertissa, festivaalitunnelmassa tai vaikka k\u00e4velyretkell\u00e4 \u2013 tunnet, miten kaikki loksahtaa paikalleen ja olosi muuttuu hyv\u00e4ksi. L\u00f6yd\u00e4t lis\u00e4tietoja tulevista tapahtumista sivustolta <a href=\"http:\/\/www.kultuuriaken.ee\" target=\"_blank\" rel=\"noopener\"><strong>kultuuriaken.ee<\/strong><\/a>.<\/p>\t\t\t\t\t\t\t\t<\/div>\n\t\t\t\t<\/div>\n\t\t\t\t\t<\/div>\n\t\t\t\t<\/div>\n\t\t<div class=\"elementor-element elementor-element-cbfc9af e-flex e-con-boxed e-con e-parent\" data-id=\"cbfc9af\" data-element_type=\"container\">\n\t\t\t\t\t<div class=\"e-con-inner\">\n\t\t\t\t<div class=\"elementor-element elementor-element-6bca69a elementor-widget elementor-widget-heading\" data-id=\"6bca69a\" data-element_type=\"widget\" data-widget_type=\"heading.default\">\n\t\t\t\t<div class=\"elementor-widget-container\">\n\t\t\t\t\t<h2 class=\"elementor-heading-title elementor-size-default\">Ajatukset kirkastava luonto<\/h2>\t\t\t\t<\/div>\n\t\t\t\t<\/div>\n\t\t\t\t\t<\/div>\n\t\t\t\t<\/div>\n\t\t<div class=\"elementor-element elementor-element-790fc0e con-2col-imgtxt cont e-flex e-con-boxed e-con e-parent\" data-id=\"790fc0e\" data-element_type=\"container\" data-settings=\"{&quot;background_background&quot;:&quot;classic&quot;}\">\n\t\t\t\t\t<div class=\"e-con-inner\">\n\t\t<div class=\"elementor-element elementor-element-847ceff e-con-full e-flex e-con e-child\" data-id=\"847ceff\" data-element_type=\"container\">\n\t\t\t\t<div class=\"elementor-element elementor-element-bee2a48 elementor-widget elementor-widget-image\" data-id=\"bee2a48\" data-element_type=\"widget\" data-widget_type=\"image.default\">\n\t\t\t\t<div class=\"elementor-widget-container\">\n\t\t\t\t\t\t\t\t\t\t\t\t<figure class=\"wp-caption\">\n\t\t\t\t\t\t\t\t\t\t<img loading=\"lazy\" decoding=\"async\" width=\"1024\" height=\"683\" src=\"https:\/\/visittartu.com\/wp-content\/uploads\/2025\/04\/Loodus-3-Evelin-Lumi-1024x683.jpg\" class=\"attachment-large size-large wp-image-169165\" alt=\"Visittartu_tartumaa_loodus_evelin_lumi\" srcset=\"https:\/\/visittartu.com\/wp-content\/uploads\/2025\/04\/Loodus-3-Evelin-Lumi-1024x683.jpg 1024w, https:\/\/visittartu.com\/wp-content\/uploads\/2025\/04\/Loodus-3-Evelin-Lumi-300x200.jpg 300w, https:\/\/visittartu.com\/wp-content\/uploads\/2025\/04\/Loodus-3-Evelin-Lumi-768x512.jpg 768w, https:\/\/visittartu.com\/wp-content\/uploads\/2025\/04\/Loodus-3-Evelin-Lumi-1536x1024.jpg 1536w, https:\/\/visittartu.com\/wp-content\/uploads\/2025\/04\/Loodus-3-Evelin-Lumi.jpg 1800w\" sizes=\"(max-width: 1024px) 100vw, 1024px\" \/>\t\t\t\t\t\t\t\t\t\t\t<figcaption class=\"widget-image-caption wp-caption-text\">Vehreys, Mana Kaasik<\/figcaption>\n\t\t\t\t\t\t\t\t\t\t<\/figure>\n\t\t\t\t\t\t\t\t\t<\/div>\n\t\t\t\t<\/div>\n\t\t\t\t<\/div>\n\t\t<div class=\"elementor-element elementor-element-7d37ca8 e-con-full e-flex e-con e-child\" data-id=\"7d37ca8\" data-element_type=\"container\">\n\t\t\t\t<div class=\"elementor-element elementor-element-ed24205 elementor-widget elementor-widget-text-editor\" data-id=\"ed24205\" data-element_type=\"widget\" data-widget_type=\"text-editor.default\">\n\t\t\t\t<div class=\"elementor-widget-container\">\n\t\t\t\t\t\t\t\t\t<div class=\"flex flex-grow flex-col max-w-full\"><div class=\"min-h-[20px] text-message flex w-full flex-col items-end gap-2 whitespace-pre-wrap break-words [.text-message+&amp;]:mt-5 overflow-x-auto\" dir=\"auto\" data-message-author-role=\"assistant\" data-message-id=\"202a72e4-faab-4ca9-b6d4-928a5905cdab\"><div class=\"flex w-full flex-col gap-1 empty:hidden first:pt-[3px]\"><div class=\"markdown prose w-full break-words dark:prose-invert dark\"><p><strong>Tartossa luonto on aina vain askeleen p\u00e4\u00e4ss\u00e4.<\/strong> Peipsi\u00e4 ja V\u00f5rtsj\u00e4rve\u00e4 yhdist\u00e4v\u00e4 Emajoki kulkee koko maakunnan ja Tarton syd\u00e4men halki. T\u00e4\u00e4ll\u00e4 voit virkist\u00e4yty\u00e4 jokivedess\u00e4, retkeill\u00e4 laivalla, lotjalla, kanootilla tai SUP-laudalla ja tietysti ihailla luonton\u00e4kymi\u00e4. Tai nauttia k\u00e4velyretkest\u00e4 joen rantapromenadilla. Rauhaa, hiljaisuutta ja lumoavia n\u00e4kymi\u00e4 on my\u00f6s <strong><a href=\"https:\/\/visittartu.com\/fi\/objekt\/tarton-yliopiston-kasvitieteellinen-puutarha\/\" target=\"_blank\" rel=\"noopener\">Tarton yliopiston kasvitieteellisess\u00e4 puutarhassa<\/a><\/strong> ja keskustassa <strong><a href=\"https:\/\/visittartu.com\/fi\/objekt\/toomemaen-puisto\/\" target=\"_blank\" rel=\"noopener\">Toomem\u00e4en puistossa<\/a><\/strong>, jonka helmeksi ovat <strong><a href=\"https:\/\/visittartu.com\/fi\/objekt\/tarton-tuomiokirkko\/\" target=\"_blank\" rel=\"noopener\">tuomiokirkon<\/a><\/strong> rauniot.<\/p><p>Luonnosta kiinnostuneille Tarton maakunta tarjoaa todellisia helmi\u00e4, kuten <strong><a href=\"https:\/\/visittartu.com\/fi\/objekt\/vapramaen-vitipalun-vellaveren-pyoraretki-vanhojen-kylien-halki\/\" target=\"_blank\" rel=\"noopener\">Vapram\u00e4en, Vellaveren ja Vitipalun radat<\/a><\/strong>, <strong><a href=\"https:\/\/visittartu.com\/fi\/objekt\/vaike-vaerada-2\/\" target=\"_blank\" rel=\"noopener\">V\u00e4ike v\u00e4erada<\/a> <\/strong>-polun maagisen tunnelman puuveistoksin, my\u00f6s Voorem\u00e4en kuntopolut ja <a href=\"https:\/\/visittartu.com\/fi\/objekt\/selli-sillaotsan-luontopolku\/\" target=\"_blank\" rel=\"noopener\"><strong>Selli-Sillaotsan<\/strong><\/a> vaellusreitti kutsuvat tutustumaan ja hengitt\u00e4m\u00e4\u00e4n puhdasta ilmaa.<\/p><p>Uimapaikkoja on Emajoen lis\u00e4ksi my\u00f6s monissa j\u00e4rviss\u00e4 ja joissa. <strong><a href=\"https:\/\/visittartu.com\/fi\/objekt\/trepimaen-virkistysalue\/\" target=\"_blank\" rel=\"noopener\">V\u00f5rtsj\u00e4rv<\/a><\/strong>, <strong><a href=\"https:\/\/visittartu.com\/fi\/objekt\/kallasten-rantatorma\/\" target=\"_blank\" rel=\"noopener\">Peipsi<\/a><\/strong>, <strong><a href=\"https:\/\/visittartu.com\/et\/objekt\/tabivere-rand\/\" target=\"_blank\" rel=\"noopener\">Saadj\u00e4rv<\/a><\/strong>, <strong><a href=\"https:\/\/visittartu.com\/fi\/objekt\/verevin-jarven-ranta\/\" target=\"_blank\" rel=\"noopener\">Verevi<\/a><\/strong> ja <strong><a href=\"https:\/\/visittartu.com\/fi\/objekt\/vaikne-jarven-uimapaikka\/\" target=\"_blank\" rel=\"noopener\">Vaikne-j\u00e4rvi<\/a><\/strong> ja monet muut vesist\u00f6t odottavat sinua nauttimaan kes\u00e4st\u00e4.<\/p><\/div><\/div><\/div><\/div>\t\t\t\t\t\t\t\t<\/div>\n\t\t\t\t<\/div>\n\t\t\t\t<\/div>\n\t\t\t\t\t<\/div>\n\t\t\t\t<\/div>\n\t\t<div class=\"elementor-element elementor-element-d39f9b7 e-flex e-con-boxed e-con e-parent\" data-id=\"d39f9b7\" data-element_type=\"container\">\n\t\t\t\t\t<div class=\"e-con-inner\">\n\t\t\t\t<div class=\"elementor-element elementor-element-78bd181 elementor-widget elementor-widget-text-editor\" data-id=\"78bd181\" data-element_type=\"widget\" data-widget_type=\"text-editor.default\">\n\t\t\t\t<div class=\"elementor-widget-container\">\n\t\t\t\t\t\t\t\t\t<p>Jos haluat tutustua Tarton keskustaan omassa tahdissasi, ota raatihuoneella olevasta infopisteest\u00e4 mukaan Tarton k\u00e4velykartta. Se johdattaa sinut parin tunnin aikana keskustan t\u00e4rkeisiin ja erityisiin paikkoihin \u2013 l\u00f6yt\u00e4misen iloa on sek\u00e4 Tarton vieraille ett\u00e4 paikallisille.<\/p><p>Haluatko n\u00e4hd\u00e4 viel\u00e4 enemm\u00e4n? Hypp\u00e4\u00e4 <strong><a href=\"https:\/\/visittartu.com\/fi\/objekt\/tarton-kaupungin-polkupyorat\/\" target=\"_blank\" rel=\"noopener\">py\u00f6r\u00e4n<\/a><\/strong> selk\u00e4\u00e4n ja kulje vihreiden puistojen, jokirannan ratojen ja Tarton mukavien kaupunginosien halki.<\/p>\t\t\t\t\t\t\t\t<\/div>\n\t\t\t\t<\/div>\n\t\t\t\t\t<\/div>\n\t\t\t\t<\/div>\n\t\t<div class=\"elementor-element elementor-element-2056bcf e-flex e-con-boxed e-con e-parent\" data-id=\"2056bcf\" data-element_type=\"container\">\n\t\t\t\t\t<div class=\"e-con-inner\">\n\t\t\t\t<div class=\"elementor-element elementor-element-fd8d676 elementor-widget elementor-widget-heading\" data-id=\"fd8d676\" data-element_type=\"widget\" data-widget_type=\"heading.default\">\n\t\t\t\t<div class=\"elementor-widget-container\">\n\t\t\t\t\t<h2 class=\"elementor-heading-title elementor-size-default\">Pysyv\u00e4t muistot<\/h2>\t\t\t\t<\/div>\n\t\t\t\t<\/div>\n\t\t\t\t\t<\/div>\n\t\t\t\t<\/div>\n\t\t<div class=\"elementor-element elementor-element-04244ff e-flex e-con-boxed e-con e-parent\" data-id=\"04244ff\" data-element_type=\"container\">\n\t\t\t\t\t<div class=\"e-con-inner\">\n\t\t\t\t<div class=\"elementor-element elementor-element-cef70c9 elementor-widget elementor-widget-text-editor\" data-id=\"cef70c9\" data-element_type=\"widget\" data-widget_type=\"text-editor.default\">\n\t\t\t\t<div class=\"elementor-widget-container\">\n\t\t\t\t\t\t\t\t\t<p>Tule t\u00e4n\u00e4 kes\u00e4n\u00e4 Tarttoon, jotta tuntisit syksyll\u00e4 kes\u00e4\u00e4 muistellessasi, ett\u00e4 t\u00e4m\u00e4 oli juuri se maailman paras kes\u00e4. Tartto on paikka, joka koskettaa syd\u00e4nt\u00e4 hetki hetkelt\u00e4 syvemm\u00e4lt\u00e4 ja jossa puhkeat aidosti kukkaan.<\/p>\t\t\t\t\t\t\t\t<\/div>\n\t\t\t\t<\/div>\n\t\t\t\t\t<\/div>\n\t\t\t\t<\/div>\n\t\t<div class=\"elementor-element elementor-element-9b7c547 e-flex e-con-boxed e-con e-child\" data-id=\"9b7c547\" data-element_type=\"container\">\n\t\t\t\t\t<div class=\"e-con-inner\">\n\t\t<div class=\"elementor-element elementor-element-fab3463 e-flex e-con-boxed e-con e-child\" data-id=\"fab3463\" data-element_type=\"container\">\n\t\t\t\t\t<div class=\"e-con-inner\">\n\t\t<div class=\"elementor-element elementor-element-6666e20 e-con-full e-flex e-con e-child\" data-id=\"6666e20\" data-element_type=\"container\">\n\t\t\t\t<div class=\"elementor-element elementor-element-16fdd43 elementor-widget elementor-widget-image\" data-id=\"16fdd43\" data-element_type=\"widget\" data-widget_type=\"image.default\">\n\t\t\t\t<div class=\"elementor-widget-container\">\n\t\t\t\t\t\t\t\t\t\t\t\t<figure class=\"wp-caption\">\n\t\t\t\t\t\t\t\t\t\t<img loading=\"lazy\" decoding=\"async\" width=\"1024\" height=\"683\" src=\"https:\/\/visittartu.com\/wp-content\/uploads\/2025\/01\/536661-210522-karlova-kodukohvikud-evelin-lumi-50-keskmine-1024x683.jpg\" class=\"attachment-large size-large wp-image-161136\" alt=\"karlova_cafes_visittartu_tartu_evelin_lumi\" srcset=\"https:\/\/visittartu.com\/wp-content\/uploads\/2025\/01\/536661-210522-karlova-kodukohvikud-evelin-lumi-50-keskmine-1024x683.jpg 1024w, https:\/\/visittartu.com\/wp-content\/uploads\/2025\/01\/536661-210522-karlova-kodukohvikud-evelin-lumi-50-keskmine-300x200.jpg 300w, https:\/\/visittartu.com\/wp-content\/uploads\/2025\/01\/536661-210522-karlova-kodukohvikud-evelin-lumi-50-keskmine-768x512.jpg 768w, https:\/\/visittartu.com\/wp-content\/uploads\/2025\/01\/536661-210522-karlova-kodukohvikud-evelin-lumi-50-keskmine.jpg 1500w\" sizes=\"(max-width: 1024px) 100vw, 1024px\" \/>\t\t\t\t\t\t\t\t\t\t\t<figcaption class=\"widget-image-caption wp-caption-text\">Karlovan kaupunginosa, Maanus Kullamaa<\/figcaption>\n\t\t\t\t\t\t\t\t\t\t<\/figure>\n\t\t\t\t\t\t\t\t\t<\/div>\n\t\t\t\t<\/div>\n\t\t\t\t<div class=\"elementor-element elementor-element-27269cb elementor-widget elementor-widget-spacer\" data-id=\"27269cb\" data-element_type=\"widget\" data-widget_type=\"spacer.default\">\n\t\t\t\t<div class=\"elementor-widget-container\">\n\t\t\t\t\t\t\t<div class=\"elementor-spacer\">\n\t\t\t<div class=\"elementor-spacer-inner\"><\/div>\n\t\t<\/div>\n\t\t\t\t\t\t<\/div>\n\t\t\t\t<\/div>\n\t\t\t\t<\/div>\n\t\t<div class=\"elementor-element elementor-element-2be800d e-con-full e-flex e-con e-child\" data-id=\"2be800d\" data-element_type=\"container\">\n\t\t\t\t<div class=\"elementor-element elementor-element-1135c15 elementor-widget elementor-widget-image\" data-id=\"1135c15\" data-element_type=\"widget\" data-widget_type=\"image.default\">\n\t\t\t\t<div class=\"elementor-widget-container\">\n\t\t\t\t\t\t\t\t\t\t\t\t<figure class=\"wp-caption\">\n\t\t\t\t\t\t\t\t\t\t<img loading=\"lazy\" decoding=\"async\" width=\"1024\" height=\"683\" src=\"https:\/\/visittartu.com\/wp-content\/uploads\/2025\/04\/Loomingulisus-1-Mana-Kaasik-1024x683.jpg\" class=\"attachment-large size-large wp-image-169150\" alt=\"Mana_Kaasik_visittartu_typa\" srcset=\"https:\/\/visittartu.com\/wp-content\/uploads\/2025\/04\/Loomingulisus-1-Mana-Kaasik-1024x683.jpg 1024w, https:\/\/visittartu.com\/wp-content\/uploads\/2025\/04\/Loomingulisus-1-Mana-Kaasik-300x200.jpg 300w, https:\/\/visittartu.com\/wp-content\/uploads\/2025\/04\/Loomingulisus-1-Mana-Kaasik-768x512.jpg 768w, https:\/\/visittartu.com\/wp-content\/uploads\/2025\/04\/Loomingulisus-1-Mana-Kaasik-1536x1024.jpg 1536w, https:\/\/visittartu.com\/wp-content\/uploads\/2025\/04\/Loomingulisus-1-Mana-Kaasik-2048x1365.jpg 2048w\" sizes=\"(max-width: 1024px) 100vw, 1024px\" \/>\t\t\t\t\t\t\t\t\t\t\t<figcaption class=\"widget-image-caption wp-caption-text\">TYPA, Mana Kaasik<\/figcaption>\n\t\t\t\t\t\t\t\t\t\t<\/figure>\n\t\t\t\t\t\t\t\t\t<\/div>\n\t\t\t\t<\/div>\n\t\t\t\t<div class=\"elementor-element elementor-element-e118a4c elementor-widget elementor-widget-spacer\" data-id=\"e118a4c\" data-element_type=\"widget\" data-widget_type=\"spacer.default\">\n\t\t\t\t<div class=\"elementor-widget-container\">\n\t\t\t\t\t\t\t<div class=\"elementor-spacer\">\n\t\t\t<div class=\"elementor-spacer-inner\"><\/div>\n\t\t<\/div>\n\t\t\t\t\t\t<\/div>\n\t\t\t\t<\/div>\n\t\t\t\t<\/div>\n\t\t\t\t\t<\/div>\n\t\t\t\t<\/div>\n\t\t\t\t\t<\/div>\n\t\t\t\t<\/div>\n\t\t<div class=\"elementor-element elementor-element-c506bb4 e-flex e-con-boxed e-con e-parent\" data-id=\"c506bb4\" data-element_type=\"container\">\n\t\t\t\t\t<div class=\"e-con-inner\">\n\t\t\t\t<div class=\"elementor-element elementor-element-ede51f2 elementor-widget elementor-widget-heading\" data-id=\"ede51f2\" data-element_type=\"widget\" data-widget_type=\"heading.default\">\n\t\t\t\t<div class=\"elementor-widget-container\">\n\t\t\t\t\t<h2 class=\"elementor-heading-title elementor-size-default\">Inspiraatiota koko lomalle<\/h2>\t\t\t\t<\/div>\n\t\t\t\t<\/div>\n\t\t\t\t\t<\/div>\n\t\t\t\t<\/div>\n\t\t<div class=\"elementor-element elementor-element-d3987d6 e-flex e-con-boxed e-con e-parent\" data-id=\"d3987d6\" data-element_type=\"container\">\n\t\t\t\t\t<div class=\"e-con-inner\">\n\t\t\t\t<div class=\"elementor-element elementor-element-4c9c7a7 elementor-widget elementor-widget-loop-carousel\" data-id=\"4c9c7a7\" data-element_type=\"widget\" data-settings=\"{&quot;template_id&quot;:76689,&quot;image_spacing_custom&quot;:{&quot;unit&quot;:&quot;px&quot;,&quot;size&quot;:0,&quot;sizes&quot;:[]},&quot;_skin&quot;:&quot;post&quot;,&quot;slides_to_show&quot;:&quot;3&quot;,&quot;slides_to_show_tablet&quot;:&quot;2&quot;,&quot;slides_to_show_mobile&quot;:&quot;1&quot;,&quot;slides_to_scroll&quot;:&quot;1&quot;,&quot;edit_handle_selector&quot;:&quot;.elementor-loop-container&quot;,&quot;autoplay&quot;:&quot;yes&quot;,&quot;autoplay_speed&quot;:5000,&quot;pause_on_hover&quot;:&quot;yes&quot;,&quot;pause_on_interaction&quot;:&quot;yes&quot;,&quot;infinite&quot;:&quot;yes&quot;,&quot;speed&quot;:500,&quot;offset_sides&quot;:&quot;none&quot;,&quot;image_spacing_custom_tablet&quot;:{&quot;unit&quot;:&quot;px&quot;,&quot;size&quot;:&quot;&quot;,&quot;sizes&quot;:[]},&quot;image_spacing_custom_mobile&quot;:{&quot;unit&quot;:&quot;px&quot;,&quot;size&quot;:&quot;&quot;,&quot;sizes&quot;:[]}}\" data-widget_type=\"loop-carousel.post\">\n\t\t\t\t<div class=\"elementor-widget-container\">\n\t\t\t\t\t\t\t<div class=\"swiper elementor-loop-container elementor-grid\" role=\"list\" dir=\"ltr\">\n\t\t\t\t<div class=\"swiper-wrapper\" aria-live=\"off\">\n\t\t<style id=\"loop-76689\">.elementor-76689 .elementor-element.elementor-element-2901ba8{--display:flex;}.elementor-widget-theme-post-featured-image .widget-image-caption{color:var( --e-global-color-text );font-family:var( --e-global-typography-text-font-family ), Sans-serif;font-size:var( --e-global-typography-text-font-size );font-weight:var( --e-global-typography-text-font-weight );line-height:var( --e-global-typography-text-line-height );}.elementor-76689 .elementor-element.elementor-element-633ab72 img{height:202px;object-fit:cover;object-position:center center;}.elementor-widget-theme-post-title .elementor-heading-title{font-family:var( --e-global-typography-primary-font-family ), Sans-serif;font-weight:var( --e-global-typography-primary-font-weight );color:var( --e-global-color-primary );}.elementor-76689 .elementor-element.elementor-element-7850b61 .elementor-heading-title{color:var( --e-global-color-text );}.elementor-widget-theme-post-excerpt .elementor-widget-container{font-family:var( --e-global-typography-text-font-family ), Sans-serif;font-size:var( --e-global-typography-text-font-size );font-weight:var( --e-global-typography-text-font-weight );line-height:var( --e-global-typography-text-line-height );color:var( --e-global-color-text );}@media(max-width:1024px){.elementor-widget-theme-post-featured-image .widget-image-caption{font-size:var( --e-global-typography-text-font-size );line-height:var( --e-global-typography-text-line-height );}.elementor-widget-theme-post-excerpt .elementor-widget-container{font-size:var( --e-global-typography-text-font-size );line-height:var( --e-global-typography-text-line-height );}}@media(max-width:767px){.elementor-widget-theme-post-featured-image .widget-image-caption{font-size:var( --e-global-typography-text-font-size );line-height:var( --e-global-typography-text-line-height );}.elementor-widget-theme-post-excerpt .elementor-widget-container{font-size:var( --e-global-typography-text-font-size );line-height:var( --e-global-typography-text-line-height );}}<\/style>\t\t<div data-elementor-type=\"loop-item\" data-elementor-id=\"76689\" class=\"elementor elementor-76689 swiper-slide e-loop-item e-loop-item-236982 post-236982 post type-post status-publish format-standard has-post-thumbnail hentry category-artiklid-fi tag-museo\" data-elementor-post-type=\"elementor_library\" role=\"group\" aria-roledescription=\"slide\" data-custom-edit-handle=\"1\">\n\t\t\t<a class=\"elementor-element elementor-element-2901ba8 e-flex e-con-boxed e-con e-parent\" data-id=\"2901ba8\" data-element_type=\"container\" href=\"https:\/\/visittartu.com\/fi\/loyda-kevainen-tartto\/\">\n\t\t\t\t\t<div class=\"e-con-inner\">\n\t\t\t\t<div class=\"elementor-element elementor-element-633ab72 elementor-widget elementor-widget-theme-post-featured-image elementor-widget-image\" data-id=\"633ab72\" data-element_type=\"widget\" data-widget_type=\"theme-post-featured-image.default\">\n\t\t\t\t<div class=\"elementor-widget-container\">\n\t\t\t\t\t\t\t\t\t\t\t\t\t\t\t<img loading=\"lazy\" decoding=\"async\" width=\"1024\" height=\"683\" src=\"https:\/\/visittartu.com\/wp-content\/uploads\/2026\/02\/737302-20250426_mana-kaasik_avatud-tehased-rattatuur-83-1024x683.jpg\" class=\"attachment-large size-large wp-image-236030\" alt=\"kevad_tartu_visittartu_mana_kaasik\" srcset=\"https:\/\/visittartu.com\/wp-content\/uploads\/2026\/02\/737302-20250426_mana-kaasik_avatud-tehased-rattatuur-83-1024x683.jpg 1024w, https:\/\/visittartu.com\/wp-content\/uploads\/2026\/02\/737302-20250426_mana-kaasik_avatud-tehased-rattatuur-83-300x200.jpg 300w, https:\/\/visittartu.com\/wp-content\/uploads\/2026\/02\/737302-20250426_mana-kaasik_avatud-tehased-rattatuur-83-768x512.jpg 768w, https:\/\/visittartu.com\/wp-content\/uploads\/2026\/02\/737302-20250426_mana-kaasik_avatud-tehased-rattatuur-83-1536x1024.jpg 1536w, https:\/\/visittartu.com\/wp-content\/uploads\/2026\/02\/737302-20250426_mana-kaasik_avatud-tehased-rattatuur-83-2048x1366.jpg 2048w\" sizes=\"(max-width: 1024px) 100vw, 1024px\" \/>\t\t\t\t\t\t\t\t\t\t\t\t\t\t\t<\/div>\n\t\t\t\t<\/div>\n\t\t\t\t<div class=\"elementor-element elementor-element-7850b61 elementor-widget elementor-widget-theme-post-title elementor-page-title elementor-widget-heading\" data-id=\"7850b61\" data-element_type=\"widget\" data-widget_type=\"theme-post-title.default\">\n\t\t\t\t<div class=\"elementor-widget-container\">\n\t\t\t\t\t<h3 class=\"elementor-heading-title elementor-size-default\">L\u00f6yd\u00e4 kev\u00e4inen Tartto<\/h3>\t\t\t\t<\/div>\n\t\t\t\t<\/div>\n\t\t\t\t\t<\/div>\n\t\t\t\t<\/a>\n\t\t\t\t<\/div>\n\t\t\t\t<div data-elementor-type=\"loop-item\" data-elementor-id=\"76689\" class=\"elementor elementor-76689 swiper-slide e-loop-item e-loop-item-230033 post-230033 post type-post status-publish format-standard has-post-thumbnail hentry category-artiklid-fi tag-kulttuuri tag-sundmused-fi\" data-elementor-post-type=\"elementor_library\" role=\"group\" aria-roledescription=\"slide\" data-custom-edit-handle=\"1\">\n\t\t\t<a class=\"elementor-element elementor-element-2901ba8 e-flex e-con-boxed e-con e-parent\" data-id=\"2901ba8\" data-element_type=\"container\" href=\"https:\/\/visittartu.com\/fi\/tarton-tapahtumat-vuonna-2026\/\">\n\t\t\t\t\t<div class=\"e-con-inner\">\n\t\t\t\t<div class=\"elementor-element elementor-element-633ab72 elementor-widget elementor-widget-theme-post-featured-image elementor-widget-image\" data-id=\"633ab72\" data-element_type=\"widget\" data-widget_type=\"theme-post-featured-image.default\">\n\t\t\t\t<div class=\"elementor-widget-container\">\n\t\t\t\t\t\t\t\t\t\t\t\t\t\t\t<img loading=\"lazy\" decoding=\"async\" width=\"1024\" height=\"682\" src=\"https:\/\/visittartu.com\/wp-content\/uploads\/2025\/12\/749680-tartu_jaanituli_silvertonisson_089_23062025-1024x682.jpg\" class=\"attachment-large size-large wp-image-236949\" alt=\"tartu_visittartu_jaanituli_silver_t\u00f5nisson\" srcset=\"https:\/\/visittartu.com\/wp-content\/uploads\/2025\/12\/749680-tartu_jaanituli_silvertonisson_089_23062025-1024x682.jpg 1024w, https:\/\/visittartu.com\/wp-content\/uploads\/2025\/12\/749680-tartu_jaanituli_silvertonisson_089_23062025-300x200.jpg 300w, https:\/\/visittartu.com\/wp-content\/uploads\/2025\/12\/749680-tartu_jaanituli_silvertonisson_089_23062025-768x511.jpg 768w, https:\/\/visittartu.com\/wp-content\/uploads\/2025\/12\/749680-tartu_jaanituli_silvertonisson_089_23062025-1536x1022.jpg 1536w, https:\/\/visittartu.com\/wp-content\/uploads\/2025\/12\/749680-tartu_jaanituli_silvertonisson_089_23062025-2048x1363.jpg 2048w\" sizes=\"(max-width: 1024px) 100vw, 1024px\" \/>\t\t\t\t\t\t\t\t\t\t\t\t\t\t\t<\/div>\n\t\t\t\t<\/div>\n\t\t\t\t<div class=\"elementor-element elementor-element-7850b61 elementor-widget elementor-widget-theme-post-title elementor-page-title elementor-widget-heading\" data-id=\"7850b61\" data-element_type=\"widget\" data-widget_type=\"theme-post-title.default\">\n\t\t\t\t<div class=\"elementor-widget-container\">\n\t\t\t\t\t<h3 class=\"elementor-heading-title elementor-size-default\">Tarton tapahtumat vuonna 2026<\/h3>\t\t\t\t<\/div>\n\t\t\t\t<\/div>\n\t\t\t\t\t<\/div>\n\t\t\t\t<\/a>\n\t\t\t\t<\/div>\n\t\t\t\t<div data-elementor-type=\"loop-item\" data-elementor-id=\"76689\" class=\"elementor elementor-76689 swiper-slide e-loop-item e-loop-item-169342 post-169342 post type-post status-publish format-standard has-post-thumbnail hentry category-uncategorized-fi tag-sundmused-fi\" data-elementor-post-type=\"elementor_library\" role=\"group\" aria-roledescription=\"slide\" data-custom-edit-handle=\"1\">\n\t\t\t<a class=\"elementor-element elementor-element-2901ba8 e-flex e-con-boxed e-con e-parent\" data-id=\"2901ba8\" data-element_type=\"container\" href=\"https:\/\/visittartu.com\/fi\/kesa-tartossa\/\">\n\t\t\t\t\t<div class=\"e-con-inner\">\n\t\t\t\t<div class=\"elementor-element elementor-element-633ab72 elementor-widget elementor-widget-theme-post-featured-image elementor-widget-image\" data-id=\"633ab72\" data-element_type=\"widget\" data-widget_type=\"theme-post-featured-image.default\">\n\t\t\t\t<div class=\"elementor-widget-container\">\n\t\t\t\t\t\t\t\t\t\t\t\t\t\t\t<img loading=\"lazy\" decoding=\"async\" width=\"1024\" height=\"767\" src=\"https:\/\/visittartu.com\/wp-content\/uploads\/2025\/04\/586780-atlantis-0066-maanuskullamaa-keskmine-1024x767.jpg\" class=\"attachment-large size-large wp-image-169759\" alt=\"visittartu-tartu-maanus-kullamaa-emaj\u00f5gi\" srcset=\"https:\/\/visittartu.com\/wp-content\/uploads\/2025\/04\/586780-atlantis-0066-maanuskullamaa-keskmine-1024x767.jpg 1024w, https:\/\/visittartu.com\/wp-content\/uploads\/2025\/04\/586780-atlantis-0066-maanuskullamaa-keskmine-300x225.jpg 300w, https:\/\/visittartu.com\/wp-content\/uploads\/2025\/04\/586780-atlantis-0066-maanuskullamaa-keskmine-768x575.jpg 768w, https:\/\/visittartu.com\/wp-content\/uploads\/2025\/04\/586780-atlantis-0066-maanuskullamaa-keskmine.jpg 1500w\" sizes=\"(max-width: 1024px) 100vw, 1024px\" \/>\t\t\t\t\t\t\t\t\t\t\t\t\t\t\t<\/div>\n\t\t\t\t<\/div>\n\t\t\t\t<div class=\"elementor-element elementor-element-7850b61 elementor-widget elementor-widget-theme-post-title elementor-page-title elementor-widget-heading\" data-id=\"7850b61\" data-element_type=\"widget\" data-widget_type=\"theme-post-title.default\">\n\t\t\t\t<div class=\"elementor-widget-container\">\n\t\t\t\t\t<h3 class=\"elementor-heading-title elementor-size-default\">Viet\u00e4 kes\u00e4 Tartossa ja puhkea kukkaan<\/h3>\t\t\t\t<\/div>\n\t\t\t\t<\/div>\n\t\t\t\t\t<\/div>\n\t\t\t\t<\/a>\n\t\t\t\t<\/div>\n\t\t\t\t<div data-elementor-type=\"loop-item\" data-elementor-id=\"76689\" class=\"elementor elementor-76689 swiper-slide e-loop-item e-loop-item-169368 post-169368 post type-post status-publish format-standard has-post-thumbnail hentry category-news-fi tag-events-fi tag-kulttuuri\" data-elementor-post-type=\"elementor_library\" role=\"group\" aria-roledescription=\"slide\" data-custom-edit-handle=\"1\">\n\t\t\t<a class=\"elementor-element elementor-element-2901ba8 e-flex e-con-boxed e-con e-parent\" data-id=\"2901ba8\" data-element_type=\"container\" href=\"https:\/\/visittartu.com\/fi\/tapahtumia-tartossa-2025\/\">\n\t\t\t\t\t<div class=\"e-con-inner\">\n\t\t\t\t<div class=\"elementor-element elementor-element-633ab72 elementor-widget elementor-widget-theme-post-featured-image elementor-widget-image\" data-id=\"633ab72\" data-element_type=\"widget\" data-widget_type=\"theme-post-featured-image.default\">\n\t\t\t\t<div class=\"elementor-widget-container\">\n\t\t\t\t\t\t\t\t\t\t\t\t\t\t\t<img loading=\"lazy\" decoding=\"async\" width=\"1024\" height=\"683\" src=\"https:\/\/visittartu.com\/wp-content\/uploads\/2025\/01\/708034-20250102_mana-kaasik_joululinn-07-2-1024x683.jpg\" class=\"attachment-large size-large wp-image-227025\" alt=\"manakaasik_visittartu_tartu_j\u00f5ululinn_visitestonia\" srcset=\"https:\/\/visittartu.com\/wp-content\/uploads\/2025\/01\/708034-20250102_mana-kaasik_joululinn-07-2-1024x683.jpg 1024w, https:\/\/visittartu.com\/wp-content\/uploads\/2025\/01\/708034-20250102_mana-kaasik_joululinn-07-2-300x200.jpg 300w, https:\/\/visittartu.com\/wp-content\/uploads\/2025\/01\/708034-20250102_mana-kaasik_joululinn-07-2-768x512.jpg 768w, https:\/\/visittartu.com\/wp-content\/uploads\/2025\/01\/708034-20250102_mana-kaasik_joululinn-07-2-1536x1024.jpg 1536w, https:\/\/visittartu.com\/wp-content\/uploads\/2025\/01\/708034-20250102_mana-kaasik_joululinn-07-2-2048x1365.jpg 2048w\" sizes=\"(max-width: 1024px) 100vw, 1024px\" \/>\t\t\t\t\t\t\t\t\t\t\t\t\t\t\t<\/div>\n\t\t\t\t<\/div>\n\t\t\t\t<div class=\"elementor-element elementor-element-7850b61 elementor-widget elementor-widget-theme-post-title elementor-page-title elementor-widget-heading\" data-id=\"7850b61\" data-element_type=\"widget\" data-widget_type=\"theme-post-title.default\">\n\t\t\t\t<div class=\"elementor-widget-container\">\n\t\t\t\t\t<h3 class=\"elementor-heading-title elementor-size-default\">Tapahtumia Tartossa 2025<\/h3>\t\t\t\t<\/div>\n\t\t\t\t<\/div>\n\t\t\t\t\t<\/div>\n\t\t\t\t<\/a>\n\t\t\t\t<\/div>\n\t\t\t\t<div data-elementor-type=\"loop-item\" data-elementor-id=\"76689\" class=\"elementor elementor-76689 swiper-slide e-loop-item e-loop-item-150482 post-150482 post type-post status-publish format-standard has-post-thumbnail hentry category-uutiset tag-vihrea-kohde\" data-elementor-post-type=\"elementor_library\" role=\"group\" aria-roledescription=\"slide\" data-custom-edit-handle=\"1\">\n\t\t\t<a class=\"elementor-element elementor-element-2901ba8 e-flex e-con-boxed e-con e-parent\" data-id=\"2901ba8\" data-element_type=\"container\" href=\"https:\/\/visittartu.com\/fi\/tartto-valittiin-viidetta-vuotta-perakkain-maailman-sadan-parhaan-kestavan-kehityksen-menestystarinan-joukkoon\/\">\n\t\t\t\t\t<div class=\"e-con-inner\">\n\t\t\t\t<div class=\"elementor-element elementor-element-633ab72 elementor-widget elementor-widget-theme-post-featured-image elementor-widget-image\" data-id=\"633ab72\" data-element_type=\"widget\" data-widget_type=\"theme-post-featured-image.default\">\n\t\t\t\t<div class=\"elementor-widget-container\">\n\t\t\t\t\t\t\t\t\t\t\t\t\t\t\t<img loading=\"lazy\" decoding=\"async\" width=\"1024\" height=\"683\" src=\"https:\/\/visittartu.com\/wp-content\/uploads\/2024\/10\/53488371772_0a7eae88b0_k-1024x683.jpg\" class=\"attachment-large size-large wp-image-149485\" alt=\"visittartu_tartu_kultuuripalinna_avamine_2024\" srcset=\"https:\/\/visittartu.com\/wp-content\/uploads\/2024\/10\/53488371772_0a7eae88b0_k-1024x683.jpg 1024w, https:\/\/visittartu.com\/wp-content\/uploads\/2024\/10\/53488371772_0a7eae88b0_k-300x200.jpg 300w, https:\/\/visittartu.com\/wp-content\/uploads\/2024\/10\/53488371772_0a7eae88b0_k-768x512.jpg 768w, https:\/\/visittartu.com\/wp-content\/uploads\/2024\/10\/53488371772_0a7eae88b0_k-1536x1024.jpg 1536w, https:\/\/visittartu.com\/wp-content\/uploads\/2024\/10\/53488371772_0a7eae88b0_k.jpg 2048w\" sizes=\"(max-width: 1024px) 100vw, 1024px\" \/>\t\t\t\t\t\t\t\t\t\t\t\t\t\t\t<\/div>\n\t\t\t\t<\/div>\n\t\t\t\t<div class=\"elementor-element elementor-element-7850b61 elementor-widget elementor-widget-theme-post-title elementor-page-title elementor-widget-heading\" data-id=\"7850b61\" data-element_type=\"widget\" data-widget_type=\"theme-post-title.default\">\n\t\t\t\t<div class=\"elementor-widget-container\">\n\t\t\t\t\t<h3 class=\"elementor-heading-title elementor-size-default\">Tartto valittiin viidett\u00e4 vuotta per\u00e4kk\u00e4in maailman sadan parhaan kest\u00e4v\u00e4n kehityksen menestystarinan joukkoon\u00a0<\/h3>\t\t\t\t<\/div>\n\t\t\t\t<\/div>\n\t\t\t\t\t<\/div>\n\t\t\t\t<\/a>\n\t\t\t\t<\/div>\n\t\t\t\t<div data-elementor-type=\"loop-item\" data-elementor-id=\"76689\" class=\"elementor elementor-76689 swiper-slide e-loop-item e-loop-item-150479 post-150479 post type-post status-publish format-standard has-post-thumbnail hentry category-artiklid-fi tag-kaupunkiloma tag-kulttuuri\" data-elementor-post-type=\"elementor_library\" role=\"group\" aria-roledescription=\"slide\" data-custom-edit-handle=\"1\">\n\t\t\t<a class=\"elementor-element elementor-element-2901ba8 e-flex e-con-boxed e-con e-parent\" data-id=\"2901ba8\" data-element_type=\"container\" href=\"https:\/\/visittartu.com\/fi\/tarton-viehattavat-puukaupunginosat\/\">\n\t\t\t\t\t<div class=\"e-con-inner\">\n\t\t\t\t<div class=\"elementor-element elementor-element-633ab72 elementor-widget elementor-widget-theme-post-featured-image elementor-widget-image\" data-id=\"633ab72\" data-element_type=\"widget\" data-widget_type=\"theme-post-featured-image.default\">\n\t\t\t\t<div class=\"elementor-widget-container\">\n\t\t\t\t\t\t\t\t\t\t\t\t\t\t\t<img loading=\"lazy\" decoding=\"async\" width=\"1024\" height=\"768\" src=\"https:\/\/visittartu.com\/wp-content\/uploads\/2024\/08\/Meedium-17-1024x768.jpg\" class=\"attachment-large size-large wp-image-236975\" alt=\"visittartu_wooden_architecture_souptown_karlova_neighbourhood\" srcset=\"https:\/\/visittartu.com\/wp-content\/uploads\/2024\/08\/Meedium-17-1024x768.jpg 1024w, https:\/\/visittartu.com\/wp-content\/uploads\/2024\/08\/Meedium-17-300x225.jpg 300w, https:\/\/visittartu.com\/wp-content\/uploads\/2024\/08\/Meedium-17-768x576.jpg 768w, https:\/\/visittartu.com\/wp-content\/uploads\/2024\/08\/Meedium-17.jpg 1063w\" sizes=\"(max-width: 1024px) 100vw, 1024px\" \/>\t\t\t\t\t\t\t\t\t\t\t\t\t\t\t<\/div>\n\t\t\t\t<\/div>\n\t\t\t\t<div class=\"elementor-element elementor-element-7850b61 elementor-widget elementor-widget-theme-post-title elementor-page-title elementor-widget-heading\" data-id=\"7850b61\" data-element_type=\"widget\" data-widget_type=\"theme-post-title.default\">\n\t\t\t\t<div class=\"elementor-widget-container\">\n\t\t\t\t\t<h3 class=\"elementor-heading-title elementor-size-default\">Tarton vieh\u00e4tt\u00e4v\u00e4t puukaupunginosat<\/h3>\t\t\t\t<\/div>\n\t\t\t\t<\/div>\n\t\t\t\t\t<\/div>\n\t\t\t\t<\/a>\n\t\t\t\t<\/div>\n\t\t\t\t<div data-elementor-type=\"loop-item\" data-elementor-id=\"76689\" class=\"elementor elementor-76689 swiper-slide e-loop-item e-loop-item-150476 post-150476 post type-post status-publish format-standard has-post-thumbnail hentry category-artiklid-fi tag-museo\" data-elementor-post-type=\"elementor_library\" role=\"group\" aria-roledescription=\"slide\" data-custom-edit-handle=\"1\">\n\t\t\t<a class=\"elementor-element elementor-element-2901ba8 e-flex e-con-boxed e-con e-parent\" data-id=\"2901ba8\" data-element_type=\"container\" href=\"https:\/\/visittartu.com\/fi\/jokainen-tarton-museo-kertoo-oman-tarinansa\/\">\n\t\t\t\t\t<div class=\"e-con-inner\">\n\t\t\t\t<div class=\"elementor-element elementor-element-633ab72 elementor-widget elementor-widget-theme-post-featured-image elementor-widget-image\" data-id=\"633ab72\" data-element_type=\"widget\" data-widget_type=\"theme-post-featured-image.default\">\n\t\t\t\t<div class=\"elementor-widget-container\">\n\t\t\t\t\t\t\t\t\t\t\t\t\t\t\t<img loading=\"lazy\" decoding=\"async\" width=\"900\" height=\"600\" src=\"https:\/\/visittartu.com\/wp-content\/uploads\/2024\/07\/558232-mikk_otsar_nublumg-23-04-2024-mikk-otsar-19-vaike.jpg\" class=\"attachment-large size-large wp-image-153212\" alt=\"Visittartu_tartu_mikel_gabriel_nublu_erm_n\u00e4itus\" srcset=\"https:\/\/visittartu.com\/wp-content\/uploads\/2024\/07\/558232-mikk_otsar_nublumg-23-04-2024-mikk-otsar-19-vaike.jpg 900w, https:\/\/visittartu.com\/wp-content\/uploads\/2024\/07\/558232-mikk_otsar_nublumg-23-04-2024-mikk-otsar-19-vaike-300x200.jpg 300w, https:\/\/visittartu.com\/wp-content\/uploads\/2024\/07\/558232-mikk_otsar_nublumg-23-04-2024-mikk-otsar-19-vaike-768x512.jpg 768w\" sizes=\"(max-width: 900px) 100vw, 900px\" \/>\t\t\t\t\t\t\t\t\t\t\t\t\t\t\t<\/div>\n\t\t\t\t<\/div>\n\t\t\t\t<div class=\"elementor-element elementor-element-7850b61 elementor-widget elementor-widget-theme-post-title elementor-page-title elementor-widget-heading\" data-id=\"7850b61\" data-element_type=\"widget\" data-widget_type=\"theme-post-title.default\">\n\t\t\t\t<div class=\"elementor-widget-container\">\n\t\t\t\t\t<h3 class=\"elementor-heading-title elementor-size-default\">Jokainen Tarton museo kertoo oman tarinansa<\/h3>\t\t\t\t<\/div>\n\t\t\t\t<\/div>\n\t\t\t\t\t<\/div>\n\t\t\t\t<\/a>\n\t\t\t\t<\/div>\n\t\t\t\t<div data-elementor-type=\"loop-item\" data-elementor-id=\"76689\" class=\"elementor elementor-76689 swiper-slide e-loop-item e-loop-item-150474 post-150474 post type-post status-publish format-standard has-post-thumbnail hentry category-artiklid-fi tag-kaupunkiloma\" data-elementor-post-type=\"elementor_library\" role=\"group\" aria-roledescription=\"slide\" data-custom-edit-handle=\"1\">\n\t\t\t<a class=\"elementor-element elementor-element-2901ba8 e-flex e-con-boxed e-con e-parent\" data-id=\"2901ba8\" data-element_type=\"container\" href=\"https:\/\/visittartu.com\/fi\/ilmaiset-elamykset-tartossa\/\">\n\t\t\t\t\t<div class=\"e-con-inner\">\n\t\t\t\t<div class=\"elementor-element elementor-element-633ab72 elementor-widget elementor-widget-theme-post-featured-image elementor-widget-image\" data-id=\"633ab72\" data-element_type=\"widget\" data-widget_type=\"theme-post-featured-image.default\">\n\t\t\t\t<div class=\"elementor-widget-container\">\n\t\t\t\t\t\t\t\t\t\t\t\t\t\t\t<img loading=\"lazy\" decoding=\"async\" width=\"1024\" height=\"683\" src=\"https:\/\/visittartu.com\/wp-content\/uploads\/2025\/11\/54208022883_840db56611_k-1-1024x683.jpg\" class=\"attachment-large size-large wp-image-226835\" alt=\"tartu-talvine-tantsup\u00e4ev-visittartu\" srcset=\"https:\/\/visittartu.com\/wp-content\/uploads\/2025\/11\/54208022883_840db56611_k-1-1024x683.jpg 1024w, https:\/\/visittartu.com\/wp-content\/uploads\/2025\/11\/54208022883_840db56611_k-1-300x200.jpg 300w, https:\/\/visittartu.com\/wp-content\/uploads\/2025\/11\/54208022883_840db56611_k-1-768x512.jpg 768w, https:\/\/visittartu.com\/wp-content\/uploads\/2025\/11\/54208022883_840db56611_k-1-1536x1024.jpg 1536w, https:\/\/visittartu.com\/wp-content\/uploads\/2025\/11\/54208022883_840db56611_k-1.jpg 2048w\" sizes=\"(max-width: 1024px) 100vw, 1024px\" \/>\t\t\t\t\t\t\t\t\t\t\t\t\t\t\t<\/div>\n\t\t\t\t<\/div>\n\t\t\t\t<div class=\"elementor-element elementor-element-7850b61 elementor-widget elementor-widget-theme-post-title elementor-page-title elementor-widget-heading\" data-id=\"7850b61\" data-element_type=\"widget\" data-widget_type=\"theme-post-title.default\">\n\t\t\t\t<div class=\"elementor-widget-container\">\n\t\t\t\t\t<h3 class=\"elementor-heading-title elementor-size-default\">Ilmaiset el\u00e4mykset Tartossa<\/h3>\t\t\t\t<\/div>\n\t\t\t\t<\/div>\n\t\t\t\t\t<\/div>\n\t\t\t\t<\/a>\n\t\t\t\t<\/div>\n\t\t\t\t<div data-elementor-type=\"loop-item\" data-elementor-id=\"76689\" class=\"elementor elementor-76689 swiper-slide e-loop-item e-loop-item-150472 post-150472 post type-post status-publish format-standard has-post-thumbnail hentry category-artiklid-fi tag-vihrea-kohde\" data-elementor-post-type=\"elementor_library\" role=\"group\" aria-roledescription=\"slide\" data-custom-edit-handle=\"1\">\n\t\t\t<a class=\"elementor-element elementor-element-2901ba8 e-flex e-con-boxed e-con e-parent\" data-id=\"2901ba8\" data-element_type=\"container\" href=\"https:\/\/visittartu.com\/fi\/mielenkiintoinen-paiva-ymparistoystavallisessa-tartossa\/\">\n\t\t\t\t\t<div class=\"e-con-inner\">\n\t\t\t\t<div class=\"elementor-element elementor-element-633ab72 elementor-widget elementor-widget-theme-post-featured-image elementor-widget-image\" data-id=\"633ab72\" data-element_type=\"widget\" data-widget_type=\"theme-post-featured-image.default\">\n\t\t\t\t<div class=\"elementor-widget-container\">\n\t\t\t\t\t\t\t\t\t\t\t\t\t\t\t<img loading=\"lazy\" decoding=\"async\" width=\"1024\" height=\"683\" src=\"https:\/\/visittartu.com\/wp-content\/uploads\/2024\/07\/767134-20250701_manakaasik_elurikkus-36-1024x683.jpg\" class=\"attachment-large size-large wp-image-237034\" alt=\"visittartu_manakaasik_linnaloodus\" srcset=\"https:\/\/visittartu.com\/wp-content\/uploads\/2024\/07\/767134-20250701_manakaasik_elurikkus-36-1024x683.jpg 1024w, https:\/\/visittartu.com\/wp-content\/uploads\/2024\/07\/767134-20250701_manakaasik_elurikkus-36-300x200.jpg 300w, https:\/\/visittartu.com\/wp-content\/uploads\/2024\/07\/767134-20250701_manakaasik_elurikkus-36-768x512.jpg 768w, https:\/\/visittartu.com\/wp-content\/uploads\/2024\/07\/767134-20250701_manakaasik_elurikkus-36-1536x1024.jpg 1536w, https:\/\/visittartu.com\/wp-content\/uploads\/2024\/07\/767134-20250701_manakaasik_elurikkus-36-2048x1365.jpg 2048w\" sizes=\"(max-width: 1024px) 100vw, 1024px\" \/>\t\t\t\t\t\t\t\t\t\t\t\t\t\t\t<\/div>\n\t\t\t\t<\/div>\n\t\t\t\t<div class=\"elementor-element elementor-element-7850b61 elementor-widget elementor-widget-theme-post-title elementor-page-title elementor-widget-heading\" data-id=\"7850b61\" data-element_type=\"widget\" data-widget_type=\"theme-post-title.default\">\n\t\t\t\t<div class=\"elementor-widget-container\">\n\t\t\t\t\t<h3 class=\"elementor-heading-title elementor-size-default\">Mielenkiintoinen p\u00e4iv\u00e4 ymp\u00e4rist\u00f6yst\u00e4v\u00e4llisess\u00e4 Tartossa<\/h3>\t\t\t\t<\/div>\n\t\t\t\t<\/div>\n\t\t\t\t\t<\/div>\n\t\t\t\t<\/a>\n\t\t\t\t<\/div>\n\t\t\t\t<\/div>\n\t\t<\/div>\n\t\t\t\t\t\t<\/div>\n\t\t\t\t<\/div>\n\t\t\t\t\t<\/div>\n\t\t\t\t<\/div>\n\t\t<div class=\"elementor-element elementor-element-0bec87a e-flex e-con-boxed e-con e-parent\" data-id=\"0bec87a\" data-element_type=\"container\">\n\t\t\t\t\t<div class=\"e-con-inner\">\n\t\t\t\t<div class=\"elementor-element elementor-element-1c02610 elementor-absolute elementor-widget elementor-widget-image\" data-id=\"1c02610\" data-element_type=\"widget\" data-settings=\"{&quot;_position&quot;:&quot;absolute&quot;}\" data-widget_type=\"image.default\">\n\t\t\t\t<div class=\"elementor-widget-container\">\n\t\t\t\t\t\t\t\t\t\t\t\t<figure class=\"wp-caption\">\n\t\t\t\t\t\t\t\t\t\t<img decoding=\"async\" src=\"https:\/\/visittartu.com\/wp-content\/uploads\/2025\/05\/svg-swirl-verical-1.svg\" class=\"attachment-full size-full wp-image-172261\" alt=\"\" \/>\t\t\t\t\t\t\t\t\t\t\t<figcaption class=\"widget-image-caption wp-caption-text\"><\/figcaption>\n\t\t\t\t\t\t\t\t\t\t<\/figure>\n\t\t\t\t\t\t\t\t\t<\/div>\n\t\t\t\t<\/div>\n\t\t\t\t\t<\/div>\n\t\t\t\t<\/div>\n\t\t\t\t<\/div>\n\t\t","protected":false},"excerpt":{"rendered":"<p>Viet\u00e4 kes\u00e4 Tartossa ja puhkea kukkaan Tartossa el\u00e4m\u00e4 liikkuu jotenkin mukavammassa rytmiss\u00e4. Aamut tuoksuvat tuoreelta kahvilta ja l\u00e4mpimilt\u00e4 pullilta, p\u00e4iv\u00e4t kulkevat gallerioissa, puistoissa ja kahviloissa kulkien ja iltojen viett\u00e4miseen on juuri sinulle sopivia tuhansia mahdollisuuksia. T\u00e4\u00e4ll\u00e4 on tilaa hengitt\u00e4\u00e4 ja aikaa havaita ja vain olla. Kutsumme sinut kyl\u00e4\u00e4n, jotta p\u00e4\u00e4sisit kes\u00e4ksi arjesta pois \u2013 joko [&hellip;]<\/p>\n","protected":false},"author":3,"featured_media":169759,"comment_status":"closed","ping_status":"closed","sticky":false,"template":"","format":"standard","meta":{"_acf_changed":false,"footnotes":""},"categories":[4],"tags":[1447],"class_list":["post-169342","post","type-post","status-publish","format-standard","has-post-thumbnail","hentry","category-uncategorized-fi","tag-sundmused-fi"],"acf":[],"_links":{"self":[{"href":"https:\/\/visittartu.com\/fi\/wp-json\/wp\/v2\/posts\/169342","targetHints":{"allow":["GET"]}}],"collection":[{"href":"https:\/\/visittartu.com\/fi\/wp-json\/wp\/v2\/posts"}],"about":[{"href":"https:\/\/visittartu.com\/fi\/wp-json\/wp\/v2\/types\/post"}],"author":[{"embeddable":true,"href":"https:\/\/visittartu.com\/fi\/wp-json\/wp\/v2\/users\/3"}],"replies":[{"embeddable":true,"href":"https:\/\/visittartu.com\/fi\/wp-json\/wp\/v2\/comments?post=169342"}],"version-history":[{"count":5,"href":"https:\/\/visittartu.com\/fi\/wp-json\/wp\/v2\/posts\/169342\/revisions"}],"predecessor-version":[{"id":240705,"href":"https:\/\/visittartu.com\/fi\/wp-json\/wp\/v2\/posts\/169342\/revisions\/240705"}],"wp:featuredmedia":[{"embeddable":true,"href":"https:\/\/visittartu.com\/fi\/wp-json\/wp\/v2\/media\/169759"}],"wp:attachment":[{"href":"https:\/\/visittartu.com\/fi\/wp-json\/wp\/v2\/media?parent=169342"}],"wp:term":[{"taxonomy":"category","embeddable":true,"href":"https:\/\/visittartu.com\/fi\/wp-json\/wp\/v2\/categories?post=169342"},{"taxonomy":"post_tag","embeddable":true,"href":"https:\/\/visittartu.com\/fi\/wp-json\/wp\/v2\/tags?post=169342"}],"curies":[{"name":"wp","href":"https:\/\/api.w.org\/{rel}","templated":true}]}}