 {"id":150479,"date":"2024-08-16T08:55:23","date_gmt":"2024-08-16T08:55:23","guid":{"rendered":"https:\/\/visittartu.com\/tarton-viehattavat-puukaupunginosat\/"},"modified":"2026-03-05T07:02:41","modified_gmt":"2026-03-05T07:02:41","slug":"tarton-viehattavat-puukaupunginosat","status":"publish","type":"post","link":"https:\/\/visittartu.com\/fi\/tarton-viehattavat-puukaupunginosat\/","title":{"rendered":"Tarton vieh\u00e4tt\u00e4v\u00e4t puukaupunginosat"},"content":{"rendered":"\t\t<div data-elementor-type=\"wp-post\" data-elementor-id=\"150479\" class=\"elementor elementor-150479 elementor-106417\" data-elementor-post-type=\"post\">\n\t\t\t\t<div class=\"elementor-element elementor-element-40ffee29 e-con-full e-flex e-con e-parent\" data-id=\"40ffee29\" data-element_type=\"container\">\n\t\t\t\t<div class=\"elementor-element elementor-element-4b3a3ebf elementor-widget elementor-widget-heading\" data-id=\"4b3a3ebf\" data-element_type=\"widget\" data-widget_type=\"heading.default\">\n\t\t\t\t<div class=\"elementor-widget-container\">\n\t\t\t\t\t<h2 class=\"elementor-heading-title elementor-size-default\">Historia kohtaa nykyajan<\/h2>\t\t\t\t<\/div>\n\t\t\t\t<\/div>\n\t\t\t\t<\/div>\n\t\t<div class=\"elementor-element elementor-element-402bc7d3 e-con-full e-flex e-con e-parent\" data-id=\"402bc7d3\" data-element_type=\"container\">\n\t\t\t\t<div class=\"elementor-element elementor-element-54f4de21 elementor-widget elementor-widget-text-editor\" data-id=\"54f4de21\" data-element_type=\"widget\" data-widget_type=\"text-editor.default\">\n\t\t\t\t<div class=\"elementor-widget-container\">\n\t\t\t\t\t\t\t\t\t<p>Tarton ymp\u00e4rist\u00f6llisesti arvokkaat kaupunginosat kiehtovat k\u00e4vij\u00f6it\u00e4 suloisuudellaan ja rauhallisuudellaan. Nauti boheemista Karlovasta ja seikkaile Supilinnassa, \u00e4l\u00e4k\u00e4 unohda poiketa my\u00f6sk\u00e4\u00e4n T\u00e4htvereen ja Tammelinnaan. K\u00e4vele oppaan kanssa tai nappaa py\u00f6r\u00e4 Tarton kaupunkipy\u00f6r\u00e4j\u00e4rjestelm\u00e4st\u00e4.<\/p>\n\t\t\t\t\t\t\t\t<\/div>\n\t\t\t\t<\/div>\n\t\t\t\t<\/div>\n\t\t<div class=\"elementor-element elementor-element-7d499f6a con-2col-imgtxt cont e-flex e-con-boxed e-con e-parent\" data-id=\"7d499f6a\" data-element_type=\"container\" data-settings=\"{&quot;background_background&quot;:&quot;classic&quot;}\">\n\t\t\t\t\t<div class=\"e-con-inner\">\n\t\t<div class=\"elementor-element elementor-element-1e80260 e-con-full e-flex e-con e-child\" data-id=\"1e80260\" data-element_type=\"container\">\n\t\t\t\t<div class=\"elementor-element elementor-element-2718568b elementor-widget elementor-widget-image\" data-id=\"2718568b\" data-element_type=\"widget\" data-widget_type=\"image.default\">\n\t\t\t\t<div class=\"elementor-widget-container\">\n\t\t\t\t\t\t\t\t\t\t\t\t<figure class=\"wp-caption\">\n\t\t\t\t\t\t\t\t\t\t<img fetchpriority=\"high\" decoding=\"async\" width=\"1024\" height=\"682\" src=\"https:\/\/visittartu.com\/wp-content\/uploads\/2024\/08\/Karlova-Mana-Kaasik-1024x682.jpg\" class=\"attachment-large size-large wp-image-106440\" alt=\"Karlova_Mana_Kaasik\" srcset=\"https:\/\/visittartu.com\/wp-content\/uploads\/2024\/08\/Karlova-Mana-Kaasik-1024x682.jpg 1024w, https:\/\/visittartu.com\/wp-content\/uploads\/2024\/08\/Karlova-Mana-Kaasik-300x200.jpg 300w, https:\/\/visittartu.com\/wp-content\/uploads\/2024\/08\/Karlova-Mana-Kaasik-768x512.jpg 768w, https:\/\/visittartu.com\/wp-content\/uploads\/2024\/08\/Karlova-Mana-Kaasik-1536x1023.jpg 1536w, https:\/\/visittartu.com\/wp-content\/uploads\/2024\/08\/Karlova-Mana-Kaasik.jpg 1600w\" sizes=\"(max-width: 1024px) 100vw, 1024px\" \/>\t\t\t\t\t\t\t\t\t\t\t<figcaption class=\"widget-image-caption wp-caption-text\">Karlova, Mana Kaasik<\/figcaption>\n\t\t\t\t\t\t\t\t\t\t<\/figure>\n\t\t\t\t\t\t\t\t\t<\/div>\n\t\t\t\t<\/div>\n\t\t\t\t<\/div>\n\t\t<div class=\"elementor-element elementor-element-d64d5dc e-con-full e-flex e-con e-child\" data-id=\"d64d5dc\" data-element_type=\"container\">\n\t\t\t\t<div class=\"elementor-element elementor-element-bcca29 elementor-widget elementor-widget-text-editor\" data-id=\"bcca29\" data-element_type=\"widget\" data-widget_type=\"text-editor.default\">\n\t\t\t\t<div class=\"elementor-widget-container\">\n\t\t\t\t\t\t\t\t\t<h3 class=\"elementor-heading-title elementor-size-default elementor-inline-editing pen\" contenteditable=\"true\" data-elementor-setting-key=\"title\" data-pen-placeholder=\"Type Here...\"><span style=\"color: #f14c2a;\">Karlova<\/span><\/h3>\n<p>Karlovan boheemissa puukaupunginosassa seikkaillessa huomion kiinnitt\u00e4v\u00e4t v\u00e4rikk\u00e4\u00e4t jugendtyyliset puutalot, jotka ovat per\u00e4isin 1700\u20131900-luvuilta. Kaupunginosa jakautuu ala- ja etu-Karlovaan, ja vanhimmat balttilaistyyppiset talot sijaitsevat Kalevi-kadun alussa. Hauskojen puutalojen lis\u00e4ksi Karlovalle tyypillisi\u00e4 ovat kaksikerroksiset puuvajat. Paikallisesta kulttuurista voi nauttia jokavuotisilla Karlova-p\u00e4ivill\u00e4 kirjallisuuden, taiteen, teatterin, musiikin sek\u00e4 kotikahviloissa valmistettujen herkkujen muodossa.<\/p>\n\t\t\t\t\t\t\t\t<\/div>\n\t\t\t\t<\/div>\n\t\t\t\t<\/div>\n\t\t\t\t\t<\/div>\n\t\t\t\t<\/div>\n\t\t<div class=\"elementor-element elementor-element-2bacd15e con-2col-imgtxt cont e-flex e-con-boxed e-con e-parent\" data-id=\"2bacd15e\" data-element_type=\"container\" data-settings=\"{&quot;background_background&quot;:&quot;classic&quot;}\">\n\t\t\t\t\t<div class=\"e-con-inner\">\n\t\t<div class=\"elementor-element elementor-element-4859c006 e-flex e-con-boxed e-con e-child\" data-id=\"4859c006\" data-element_type=\"container\">\n\t\t\t\t\t<div class=\"e-con-inner\">\n\t\t<div class=\"elementor-element elementor-element-76a7996f e-con-full e-flex e-con e-child\" data-id=\"76a7996f\" data-element_type=\"container\">\n\t\t\t\t<div class=\"elementor-element elementor-element-518a7dd7 elementor-widget elementor-widget-spacer\" data-id=\"518a7dd7\" data-element_type=\"widget\" data-widget_type=\"spacer.default\">\n\t\t\t\t<div class=\"elementor-widget-container\">\n\t\t\t\t\t\t\t<div class=\"elementor-spacer\">\n\t\t\t<div class=\"elementor-spacer-inner\"><\/div>\n\t\t<\/div>\n\t\t\t\t\t\t<\/div>\n\t\t\t\t<\/div>\n\t\t\t\t<div class=\"elementor-element elementor-element-5091751b elementor-widget elementor-widget-text-editor\" data-id=\"5091751b\" data-element_type=\"widget\" data-widget_type=\"text-editor.default\">\n\t\t\t\t<div class=\"elementor-widget-container\">\n\t\t\t\t\t\t\t\t\t<h3 class=\"elementor-heading-title elementor-size-default elementor-inline-editing pen\" contenteditable=\"true\" data-elementor-setting-key=\"title\" data-pen-placeholder=\"Type Here...\"><span style=\"color: #f14c2a;\">Supilinn<\/span><\/h3>\n<p>Pieni ja kompakti Supilinn sijaitsee Tarton keskustassa, Emajoen ja T\u00e4htveren v\u00e4liss\u00e4. Kaupunginosalle ominaista ovat vihanneksia tarkoittavat kadunnimet \u2013 Oa (papu), Herne, Kauna (palko), Kartuli (peruna), K\u00f5rvitsa (kurpitsa), Selleri jne. Suurin osa rakennuksista on per\u00e4isin 1800-luvun j\u00e4lkipuoliskolta ja 1900-luvun ensimm\u00e4isilt\u00e4 vuosikymmenilt\u00e4. Puinen esikaupunki Supilinn on yksi Tarton v\u00e4rikk\u00e4impi\u00e4 kaupunginosia. Karlovan tavoin Supilinn on ollut opiskelijoiden perinteinen asuinpaikka, mik\u00e4 johtuu l\u00e4hinn\u00e4 alhaisista vuokrista ja hyv\u00e4st\u00e4 sijainnista Tarton yliopiston p\u00e4\u00e4rakennuksen v\u00e4litt\u00f6m\u00e4ss\u00e4 l\u00e4heisyydess\u00e4. Paikallista yhteis\u00f6\u00e4 yhdist\u00e4\u00e4 Supilinn-seura, jonka j\u00e4senet j\u00e4rjest\u00e4v\u00e4t vuosittain Supilinn-p\u00e4iv\u00e4t ja koordinoivat Supilinna Tirin -paikallislehte\u00e4. Supilinnan edustuskatuina voidaan pit\u00e4\u00e4 Herne- ja Kroonuaia-katuja, joissa historiallinen rakennustyyli on pitk\u00e4lti s\u00e4ilynyt. T\u00e4rke\u00e4 on my\u00f6s Supilinnan lampi, joka on yksi harvoista m\u00f6lysammakon elinymp\u00e4rist\u00f6ist\u00e4 Virossa.<\/p>\n<p>\u00a0<\/p>\n\t\t\t\t\t\t\t\t<\/div>\n\t\t\t\t<\/div>\n\t\t\t\t<\/div>\n\t\t<div class=\"elementor-element elementor-element-3e06f10f e-con-full e-flex e-con e-child\" data-id=\"3e06f10f\" data-element_type=\"container\">\n\t\t\t\t<div class=\"elementor-element elementor-element-1026e80d elementor-widget elementor-widget-image\" data-id=\"1026e80d\" data-element_type=\"widget\" data-widget_type=\"image.default\">\n\t\t\t\t<div class=\"elementor-widget-container\">\n\t\t\t\t\t\t\t\t\t\t\t\t<figure class=\"wp-caption\">\n\t\t\t\t\t\t\t\t\t\t<img decoding=\"async\" width=\"1024\" height=\"683\" src=\"https:\/\/visittartu.com\/wp-content\/uploads\/2024\/08\/supilinn_virgosiil-1024x683.jpg\" class=\"attachment-large size-large wp-image-106568\" alt=\"Supilinn_Virgo_Siil\" srcset=\"https:\/\/visittartu.com\/wp-content\/uploads\/2024\/08\/supilinn_virgosiil-1024x683.jpg 1024w, https:\/\/visittartu.com\/wp-content\/uploads\/2024\/08\/supilinn_virgosiil-300x200.jpg 300w, https:\/\/visittartu.com\/wp-content\/uploads\/2024\/08\/supilinn_virgosiil-768x512.jpg 768w, https:\/\/visittartu.com\/wp-content\/uploads\/2024\/08\/supilinn_virgosiil-1536x1024.jpg 1536w, https:\/\/visittartu.com\/wp-content\/uploads\/2024\/08\/supilinn_virgosiil.jpg 2048w\" sizes=\"(max-width: 1024px) 100vw, 1024px\" \/>\t\t\t\t\t\t\t\t\t\t\t<figcaption class=\"widget-image-caption wp-caption-text\">Supilinn, Virgo Siil<\/figcaption>\n\t\t\t\t\t\t\t\t\t\t<\/figure>\n\t\t\t\t\t\t\t\t\t<\/div>\n\t\t\t\t<\/div>\n\t\t\t\t<\/div>\n\t\t\t\t\t<\/div>\n\t\t\t\t<\/div>\n\t\t\t\t\t<\/div>\n\t\t\t\t<\/div>\n\t\t<div class=\"elementor-element elementor-element-6bdd694b e-flex e-con-boxed e-con e-child\" data-id=\"6bdd694b\" data-element_type=\"container\">\n\t\t\t\t\t<div class=\"e-con-inner\">\n\t\t\t\t\t<\/div>\n\t\t\t\t<\/div>\n\t\t<div class=\"elementor-element elementor-element-791e3941 e-con-full e-flex e-con e-child\" data-id=\"791e3941\" data-element_type=\"container\">\n\t\t<div class=\"elementor-element elementor-element-752b336d e-con-full e-flex e-con e-child\" data-id=\"752b336d\" data-element_type=\"container\">\n\t\t<div class=\"elementor-element elementor-element-48651552 e-con-full e-flex e-con e-child\" data-id=\"48651552\" data-element_type=\"container\">\n\t\t\t\t<div class=\"elementor-element elementor-element-23c484fa elementor-widget elementor-widget-image\" data-id=\"23c484fa\" data-element_type=\"widget\" data-widget_type=\"image.default\">\n\t\t\t\t<div class=\"elementor-widget-container\">\n\t\t\t\t\t\t\t\t\t\t\t\t<figure class=\"wp-caption\">\n\t\t\t\t\t\t\t\t\t\t<img decoding=\"async\" width=\"1536\" height=\"1024\" src=\"https:\/\/visittartu.com\/wp-content\/uploads\/2024\/08\/tammelinn_erge_jogela-1536x1024.jpg\" class=\"attachment-1536x1536 size-1536x1536 wp-image-106575\" alt=\"Tammelinn_Erge J\u00f5gela\" srcset=\"https:\/\/visittartu.com\/wp-content\/uploads\/2024\/08\/tammelinn_erge_jogela-1536x1024.jpg 1536w, https:\/\/visittartu.com\/wp-content\/uploads\/2024\/08\/tammelinn_erge_jogela-300x200.jpg 300w, https:\/\/visittartu.com\/wp-content\/uploads\/2024\/08\/tammelinn_erge_jogela-1024x683.jpg 1024w, https:\/\/visittartu.com\/wp-content\/uploads\/2024\/08\/tammelinn_erge_jogela-768x512.jpg 768w, https:\/\/visittartu.com\/wp-content\/uploads\/2024\/08\/tammelinn_erge_jogela-2048x1365.jpg 2048w\" sizes=\"(max-width: 1536px) 100vw, 1536px\" \/>\t\t\t\t\t\t\t\t\t\t\t<figcaption class=\"widget-image-caption wp-caption-text\">Tammelinn, Erge J\u00f5gela<\/figcaption>\n\t\t\t\t\t\t\t\t\t\t<\/figure>\n\t\t\t\t\t\t\t\t\t<\/div>\n\t\t\t\t<\/div>\n\t\t\t\t<div class=\"elementor-element elementor-element-6cd078e9 elementor-widget elementor-widget-spacer\" data-id=\"6cd078e9\" data-element_type=\"widget\" data-widget_type=\"spacer.default\">\n\t\t\t\t<div class=\"elementor-widget-container\">\n\t\t\t\t\t\t\t<div class=\"elementor-spacer\">\n\t\t\t<div class=\"elementor-spacer-inner\"><\/div>\n\t\t<\/div>\n\t\t\t\t\t\t<\/div>\n\t\t\t\t<\/div>\n\t\t\t\t<div class=\"elementor-element elementor-element-313c526a elementor-widget elementor-widget-heading\" data-id=\"313c526a\" data-element_type=\"widget\" data-widget_type=\"heading.default\">\n\t\t\t\t<div class=\"elementor-widget-container\">\n\t\t\t\t\t<h3 class=\"elementor-heading-title elementor-size-default\">Tammelinn<\/h3>\t\t\t\t<\/div>\n\t\t\t\t<\/div>\n\t\t\t\t<div class=\"elementor-element elementor-element-2761ca22 elementor-widget__width-initial elementor-widget elementor-widget-text-editor\" data-id=\"2761ca22\" data-element_type=\"widget\" data-widget_type=\"text-editor.default\">\n\t\t\t\t<div class=\"elementor-widget-container\">\n\t\t\t\t\t\t\t\t\t<p>Tarton lounaisosassa sijaitseva Tammelinn on yksi Viron ensimm\u00e4isist\u00e4 moderneista puutarhakaupungeista. Kyseist\u00e4 kaupunginosaa luonnehtivat suuret vehre\u00e4t tontit, tammien reunustamat kadut ja alhainen rakennustiheys. Tammelinnan tunnetuimmat tapahtumat ovat Tammelinn-p\u00e4iv\u00e4t ja Tammelinnan kotikahvilap\u00e4iv\u00e4t.<\/p>\n\t\t\t\t\t\t\t\t<\/div>\n\t\t\t\t<\/div>\n\t\t\t\t<\/div>\n\t\t<div class=\"elementor-element elementor-element-78a144a1 e-con-full e-flex e-con e-child\" data-id=\"78a144a1\" data-element_type=\"container\">\n\t\t\t\t<div class=\"elementor-element elementor-element-282526c0 elementor-widget elementor-widget-image\" data-id=\"282526c0\" data-element_type=\"widget\" data-widget_type=\"image.default\">\n\t\t\t\t<div class=\"elementor-widget-container\">\n\t\t\t\t\t\t\t\t\t\t\t\t<figure class=\"wp-caption\">\n\t\t\t\t\t\t\t\t\t\t<img loading=\"lazy\" decoding=\"async\" width=\"1024\" height=\"682\" src=\"https:\/\/visittartu.com\/wp-content\/uploads\/2024\/08\/Tahtvere_Maanus-Kullamaa-1024x682.jpg\" class=\"attachment-large size-large wp-image-106581\" alt=\"T\u00e4htvere_Maanus Kullamaa\" srcset=\"https:\/\/visittartu.com\/wp-content\/uploads\/2024\/08\/Tahtvere_Maanus-Kullamaa-1024x682.jpg 1024w, https:\/\/visittartu.com\/wp-content\/uploads\/2024\/08\/Tahtvere_Maanus-Kullamaa-300x200.jpg 300w, https:\/\/visittartu.com\/wp-content\/uploads\/2024\/08\/Tahtvere_Maanus-Kullamaa-768x512.jpg 768w, https:\/\/visittartu.com\/wp-content\/uploads\/2024\/08\/Tahtvere_Maanus-Kullamaa-1536x1023.jpg 1536w, https:\/\/visittartu.com\/wp-content\/uploads\/2024\/08\/Tahtvere_Maanus-Kullamaa.jpg 1800w\" sizes=\"(max-width: 1024px) 100vw, 1024px\" \/>\t\t\t\t\t\t\t\t\t\t\t<figcaption class=\"widget-image-caption wp-caption-text\">T\u00e4htvere, Maanus Kullamaa<\/figcaption>\n\t\t\t\t\t\t\t\t\t\t<\/figure>\n\t\t\t\t\t\t\t\t\t<\/div>\n\t\t\t\t<\/div>\n\t\t\t\t<div class=\"elementor-element elementor-element-7e601fe0 elementor-widget elementor-widget-spacer\" data-id=\"7e601fe0\" data-element_type=\"widget\" data-widget_type=\"spacer.default\">\n\t\t\t\t<div class=\"elementor-widget-container\">\n\t\t\t\t\t\t\t<div class=\"elementor-spacer\">\n\t\t\t<div class=\"elementor-spacer-inner\"><\/div>\n\t\t<\/div>\n\t\t\t\t\t\t<\/div>\n\t\t\t\t<\/div>\n\t\t\t\t<div class=\"elementor-element elementor-element-4d301808 elementor-widget elementor-widget-heading\" data-id=\"4d301808\" data-element_type=\"widget\" data-widget_type=\"heading.default\">\n\t\t\t\t<div class=\"elementor-widget-container\">\n\t\t\t\t\t<h3 class=\"elementor-heading-title elementor-size-default\">T\u00e4htvere<\/h3>\t\t\t\t<\/div>\n\t\t\t\t<\/div>\n\t\t\t\t<div class=\"elementor-element elementor-element-2ecc5ef7 elementor-widget__width-initial elementor-widget elementor-widget-text-editor\" data-id=\"2ecc5ef7\" data-element_type=\"widget\" data-widget_type=\"text-editor.default\">\n\t\t\t\t<div class=\"elementor-widget-container\">\n\t\t\t\t\t\t\t\t\t<p>Tarton luoteisosassa sijaitseva T\u00e4htveren kaupunginosa on yksi Tarton arvostetuimmista asuinalueista, jossa on asunut ja asuu edelleen paljon opettajia, l\u00e4\u00e4k\u00e4reit\u00e4 ja kulttuuritieteilij\u00f6it\u00e4. Siksi T\u00e4htvere\u00e4 kutsutaan kansan suussa my\u00f6s professorien kaupunginosaksi. Suurin osa sotaa edelt\u00e4vist\u00e4 T\u00e4htveren taloista on rakennettu puusta ja rapattu sitten funktionalistisen ilmeen saamiseksi. Koska l\u00e4hes jokaisessa T\u00e4htveren puutarhassa kasvaa omenapuu, syksyisin j\u00e4rjestet\u00e4\u00e4n Omenap\u00e4iv\u00e4-festivaali.<\/p>\n\t\t\t\t\t\t\t\t<\/div>\n\t\t\t\t<\/div>\n\t\t\t\t<\/div>\n\t\t\t\t<\/div>\n\t\t\t\t<\/div>\n\t\t\t\t<\/div>\n\t\t","protected":false},"excerpt":{"rendered":"<p>Historia kohtaa nykyajan Tarton ymp\u00e4rist\u00f6llisesti arvokkaat kaupunginosat kiehtovat k\u00e4vij\u00f6it\u00e4 suloisuudellaan ja rauhallisuudellaan. Nauti boheemista Karlovasta ja seikkaile Supilinnassa, \u00e4l\u00e4k\u00e4 unohda poiketa my\u00f6sk\u00e4\u00e4n T\u00e4htvereen ja Tammelinnaan. K\u00e4vele oppaan kanssa tai nappaa py\u00f6r\u00e4 Tarton kaupunkipy\u00f6r\u00e4j\u00e4rjestelm\u00e4st\u00e4. Karlova, Mana Kaasik Karlova Karlovan boheemissa puukaupunginosassa seikkaillessa huomion kiinnitt\u00e4v\u00e4t v\u00e4rikk\u00e4\u00e4t jugendtyyliset puutalot, jotka ovat per\u00e4isin 1700\u20131900-luvuilta. Kaupunginosa jakautuu ala- ja etu-Karlovaan, [&hellip;]<\/p>\n","protected":false},"author":14,"featured_media":236975,"comment_status":"closed","ping_status":"closed","sticky":false,"template":"","format":"standard","meta":{"_acf_changed":false,"footnotes":""},"categories":[456],"tags":[476,478],"class_list":["post-150479","post","type-post","status-publish","format-standard","has-post-thumbnail","hentry","category-artiklid-fi","tag-kaupunkiloma","tag-kulttuuri"],"acf":[],"_links":{"self":[{"href":"https:\/\/visittartu.com\/fi\/wp-json\/wp\/v2\/posts\/150479","targetHints":{"allow":["GET"]}}],"collection":[{"href":"https:\/\/visittartu.com\/fi\/wp-json\/wp\/v2\/posts"}],"about":[{"href":"https:\/\/visittartu.com\/fi\/wp-json\/wp\/v2\/types\/post"}],"author":[{"embeddable":true,"href":"https:\/\/visittartu.com\/fi\/wp-json\/wp\/v2\/users\/14"}],"replies":[{"embeddable":true,"href":"https:\/\/visittartu.com\/fi\/wp-json\/wp\/v2\/comments?post=150479"}],"version-history":[{"count":2,"href":"https:\/\/visittartu.com\/fi\/wp-json\/wp\/v2\/posts\/150479\/revisions"}],"predecessor-version":[{"id":153259,"href":"https:\/\/visittartu.com\/fi\/wp-json\/wp\/v2\/posts\/150479\/revisions\/153259"}],"wp:featuredmedia":[{"embeddable":true,"href":"https:\/\/visittartu.com\/fi\/wp-json\/wp\/v2\/media\/236975"}],"wp:attachment":[{"href":"https:\/\/visittartu.com\/fi\/wp-json\/wp\/v2\/media?parent=150479"}],"wp:term":[{"taxonomy":"category","embeddable":true,"href":"https:\/\/visittartu.com\/fi\/wp-json\/wp\/v2\/categories?post=150479"},{"taxonomy":"post_tag","embeddable":true,"href":"https:\/\/visittartu.com\/fi\/wp-json\/wp\/v2\/tags?post=150479"}],"curies":[{"name":"wp","href":"https:\/\/api.w.org\/{rel}","templated":true}]}}