 {"id":88433,"date":"2024-01-30T14:24:52","date_gmt":"2024-01-30T14:24:52","guid":{"rendered":"https:\/\/visittartu.com\/?p=88433"},"modified":"2024-09-29T21:03:45","modified_gmt":"2024-09-29T21:03:45","slug":"tartu-laulu-ja-tantsupidu-viib-onneotsingule-ja-juure-juurde","status":"publish","type":"post","link":"https:\/\/visittartu.com\/et\/tartu-laulu-ja-tantsupidu-viib-onneotsingule-ja-juure-juurde\/","title":{"rendered":"Tartu laulu- ja tantsupidu viib \u00f5nneotsingule ja juure juurde"},"content":{"rendered":"<p><strong>16.-22. juunil toimub kultuuripealinnas Tartu 2024 laulu- ja tantsupidu.<\/strong> Kaheksa eriilmelise s\u00fcndmusega n\u00e4dal toob tantsumurule ligi 2400 Tartumaa tantsijat ja laulukaare alla ligi 10 000 lauljat-pillim\u00e4ngijat. Piletim\u00fc\u00fck s\u00fcndmustele algab veebruari keskpaigas.<\/p>\n<p>Tartus esmakordselt kokku seotud laulu- ja tantsupidu jutustavad loo sellest, kuidas teeb juurte hoidmine ja v\u00e4\u00e4rtustamine p\u00e4riselt \u00f5nnelikuks. \u00dchine peon\u00e4dal vaatab kaugemale \u00fcksikisikust ning n\u00e4itab, kui t\u00e4htsad on inimese elus uudishimu ja avatud meel, et saaksime toimetada tugeva kogukonnana.<\/p>\n<p>\u201cKultuuripealinna aasta on hea v\u00f5imalus kahte Tartule nii t\u00e4htsat s\u00fcndmust koos korraldada ja s\u00fcnergia tekitada. Ka tantsijatele ja lauljatele on see lahe kogemus veidi pikemaks Tartus kokku tulla, uusi tutvusi luua ja koos t\u00e4histada,\u201d r\u00e4\u00e4kis laulupeo projektijuht Sander Tamm.<\/p>\n<p>Tantsupeo \u201cJuure juures\u201d kunstilise juhi Kristel Maruste s\u00f5nul kutsub tantsupidu s\u00fcvenema vestlustesse, mida oma l\u00e4hedastega peame. \u201cTihti kipuvad jutud esivanematega j\u00e4\u00e4ma tervise ja kooli \u00fcmber. Mida tahaks vanaemalt k\u00fcsida aga 5-aastane v\u00f5i hoopis 35-aastane, kui selleks p\u00e4riselt aja v\u00f5tame? On t\u00e4htis, et tunneksime oma juuri ja v\u00e4\u00e4rtustaksime elu, mida esivanemad on elanud \u2013 nii saame siduda p\u00f5lvkondi, et ei ununeks juba kogetu ning selle k\u00f5rval oleks alati ka uut ja p\u00f5nevat. Sellest \u201cJuure juures\u201d k\u00f5nelebki,\u201d r\u00e4\u00e4kis Maruste.<\/p>\n<p>Laulupidu \u201c\u00d5nn ja r\u00f5\u00f5m\u201d pakub v\u00f5imalust ise \u00f5nne ja r\u00f5\u00f5mu m\u00f5testada. &#8220;Igas eluetapis tunneme neid tundeid veidi omamoodi, tihti ka unustame m\u00e4rgata. Olgu see tants, laul v\u00f5i pillim\u00e4ng, nende k\u00f5igi v\u00f5lu peitub \u00fchises loomises \u2013 proovides, platsil ja laulukaare all. Hetked, mil koosloomine saab tiivad, on meile unustamatud ning neis peitubki \u00f5nn,\u201d kirjeldas laulupeo p\u00f5hiideed kunstiline juht K\u00fcllike Joosing. Ta lisas, et Tartu laulupidu tuletab meelde, milline \u00f5nn on see, et v\u00f5ime ja saame kokku tulla ning laulda s\u00fcdamest iseendale, oma kallitele ja isamaale.<\/p>\n<p><strong>Tartu 2024 laulu- ja tantsupeo n\u00e4dala ajajoon:<\/strong><\/p>\n<p>16. juunil jumalateenistus \u201cSu \u00fcle Jumal valvaku\u201d<\/p>\n<p>16. juunil kaks tantsupeo etendust \u201cJuure juures\u201d<\/p>\n<p>18. juunil kontsert-simman \u201cLaia ilma peal\u201d<\/p>\n<p>19. juunil koorikontsert \u201cRohkest \u00f5nnista\u201d<\/p>\n<p>19. juunil Raadi \u00f6\u00f6muusika \u201cSull\u2019 truuiks surmani\u201d<\/p>\n<p>20. ja 21. juunil kontsert-etendus \u201cMul k\u00f5ige armsam\u201d<\/p>\n<p>22. juunil rongk\u00e4ik ja laulupidu \u201c\u00d5nn ja r\u00f5\u00f5m\u201d<\/p>\n<p>Piletim\u00fc\u00fck laulu- ja tantsupeo etendustele algab veebruari keskpaigas.<\/p>\n<p>Lisainfo: tantsupeo projektijuht Ave Rosenberg, +372 5667 6882; laulupeo projektijuht Sander Tamm, Tel: +372 5855 6456.<\/p>\n","protected":false},"excerpt":{"rendered":"<p>16.-22. juunil toimub kultuuripealinnas Tartu 2024 laulu- ja tantsupidu. Kaheksa eriilmelise s\u00fcndmusega n\u00e4dal toob tantsumurule ligi 2400 Tartumaa tantsijat ja laulukaare alla ligi 10 000 lauljat-pillim\u00e4ngijat. Piletim\u00fc\u00fck s\u00fcndmustele algab veebruari keskpaigas. Tartus esmakordselt kokku seotud laulu- ja tantsupidu jutustavad loo sellest, kuidas teeb juurte hoidmine ja v\u00e4\u00e4rtustamine p\u00e4riselt \u00f5nnelikuks. \u00dchine peon\u00e4dal vaatab kaugemale \u00fcksikisikust ning [&hellip;]<\/p>\n","protected":false},"author":9,"featured_media":88434,"comment_status":"open","ping_status":"open","sticky":false,"template":"","format":"standard","meta":{"_acf_changed":false,"footnotes":""},"categories":[202],"tags":[213],"class_list":["post-88433","post","type-post","status-publish","format-standard","has-post-thumbnail","hentry","category-uudis","tag-sundmused"],"acf":[],"_links":{"self":[{"href":"https:\/\/visittartu.com\/et\/wp-json\/wp\/v2\/posts\/88433","targetHints":{"allow":["GET"]}}],"collection":[{"href":"https:\/\/visittartu.com\/et\/wp-json\/wp\/v2\/posts"}],"about":[{"href":"https:\/\/visittartu.com\/et\/wp-json\/wp\/v2\/types\/post"}],"author":[{"embeddable":true,"href":"https:\/\/visittartu.com\/et\/wp-json\/wp\/v2\/users\/9"}],"replies":[{"embeddable":true,"href":"https:\/\/visittartu.com\/et\/wp-json\/wp\/v2\/comments?post=88433"}],"version-history":[{"count":2,"href":"https:\/\/visittartu.com\/et\/wp-json\/wp\/v2\/posts\/88433\/revisions"}],"predecessor-version":[{"id":146173,"href":"https:\/\/visittartu.com\/et\/wp-json\/wp\/v2\/posts\/88433\/revisions\/146173"}],"wp:featuredmedia":[{"embeddable":true,"href":"https:\/\/visittartu.com\/et\/wp-json\/wp\/v2\/media\/88434"}],"wp:attachment":[{"href":"https:\/\/visittartu.com\/et\/wp-json\/wp\/v2\/media?parent=88433"}],"wp:term":[{"taxonomy":"category","embeddable":true,"href":"https:\/\/visittartu.com\/et\/wp-json\/wp\/v2\/categories?post=88433"},{"taxonomy":"post_tag","embeddable":true,"href":"https:\/\/visittartu.com\/et\/wp-json\/wp\/v2\/tags?post=88433"}],"curies":[{"name":"wp","href":"https:\/\/api.w.org\/{rel}","templated":true}]}}