 {"id":240572,"date":"2026-04-28T13:21:41","date_gmt":"2026-04-28T13:21:41","guid":{"rendered":"https:\/\/visittartu.com\/?p=240572"},"modified":"2026-04-28T13:24:07","modified_gmt":"2026-04-28T13:24:07","slug":"erm-saadab-rannarootslaste-suurnaituse-lopusirgele-ruhnu-pulma-kalalaada-ja-elava-rannaparandiga","status":"publish","type":"post","link":"https:\/\/visittartu.com\/et\/erm-saadab-rannarootslaste-suurnaituse-lopusirgele-ruhnu-pulma-kalalaada-ja-elava-rannaparandiga\/","title":{"rendered":"ERM saadab rannarootslaste n\u00e4ituse l\u00f5pusirgele Ruhnu pulma ja kalalaadaga"},"content":{"rendered":"<p><strong>Eesti Rahva Muuseumi n\u00e4itus \u201eRannarootslased. Estlandssvenskar\u201c on avatud veel viimased kaks kuud, kuni 28. juunini 2026. N\u00e4ituse l\u00f5puperioodi keskne s\u00fcndmus on 31. mai Rannarahva p\u00e4ev, mil ERMi j\u00f5uavad Ruhnu pulm, kalalaat, simman ja Ruhnu pruudikrooni valmistamise \u00f5pituba.<\/strong><\/p>\n<p>Alapealkirja \u201eRandunud ja juurdunud\u201c kandev n\u00e4itus on ulatuslikem k\u00e4sitlus eestirootslaste kultuurip\u00e4randist ja kogukonna ajaloost Baltimaades. N\u00e4ituse jaoks tehti pea kaks aastat laiaulatuslikku uurimist\u00f6\u00f6d, mis viis toimkonna v\u00e4lit\u00f6\u00f6dele nii saartele kui ka Rootsi, kus kohtuti kogukondadega, koguti esemeid ja lugusid ning t\u00f6\u00f6tati l\u00e4bi arhiivimaterjale.<\/p>\n<p>Peale Teise maailmas\u00f5ja katkestust ja suurema osa kogukonna lahkumist, j\u00e4id Eestisse j\u00e4rjepidevust kandma ajaloolised talud, kirikud, kohanimed, m\u00e4lestused, esemed, laulud ja murded. N\u00e4itus k\u00e4sitleb seda p\u00e4randit elava kultuurilise kogemusena l\u00e4bi m\u00e4lestuste, tagasip\u00f6\u00f6rdumiste, taasavastamise ning t\u00e4nap\u00e4evase eestirootsi identiteedi kaudu.<\/p>\n<p>\u201eEestirootslased tegelesid rannakalastuse, h\u00fclgep\u00fc\u00fcgi, p\u00f5llunduse, karjakasvatuse, lootsimise ja kauplemisega. Eestikeelsetest talupoegadest eristas neid peale keele ka \u00f5iguslik staatus \u2013 nimelt oli tegemist kunagiste Rootsi kuninga alamatega, kes olid isiklikult vabad,\u201c s\u00f5nab n\u00e4ituse juhtkuraator Kirstel Rattus.<\/p>\n<p>Ehkki peale Teist maailmas\u00f5da j\u00e4i Eestisse vaid tuhatkond eestirootslast, leidub tema s\u00f5nul t\u00e4naseni leidub inimesi, kes peavad end eestirootslasteks v\u00f5i nende j\u00e4reltulijateks ja tunnevad sidet rannarootsi kultuuriga. \u201cKa rannarootsi alade uued elanikud otsivad sidet sealse p\u00e4randiga. N\u00e4itus \u201eRannarootslased. Estlandssvenskar\u201c aitab seda kultuuri inimestele l\u00e4hemale tuua\u201d.<\/p>\n<p>N\u00e4itust on avamisest saadik k\u00fclastatud 54 000l korral. Publikuprogrammis on toimunud 26 tuuri (sh 11 kuraatorituuri), 10 eriprogrammi, 2 teadusseminari ning lisaks ka ERMi 64. aastakonverents, mis t\u00f5ukus n\u00e4ituse teemast ning t\u00f5i kokku uurijad, muuseumit\u00f6\u00f6tajad ja kogukondade esinejad mitmest riigist.<\/p>\n<p>\u201eRannarootslaste\u201c suurim publikup\u00e4ev on 31. mail toimuv Rannarahva p\u00e4ev ERMis, mille keskne s\u00fcndmus on \u201eRuhnu pulm\u201c. Tegemist on suurejoonelise kontsert-etendusega, kus ruhnlased esitavad oma pulmap\u00e4randit koos muusika, tantsude, kommete, r\u00f5ivaste ja saarekultuuri omap\u00e4radega. See on harvaesinev v\u00f5imalus kohtuda Ruhnu pulmatraditsioonidega avaliku s\u00fcndmusena, kus p\u00e4rand k\u00f5lab, liigub ja kogub inimesi enda \u00fcmber. Samal ajal toimub ERMi ees kalalaat, majas sees erinevad rannarahva t\u00f6\u00f6toad ja simman, moodustades programmi kogu perele.<\/p>\n<p>\u201c<a href=\"https:\/\/www.erm.ee\/naitused\/rannarootslased\/\" target=\"_blank\" rel=\"noopener\">Rannarootslased. Estlandssvenskar<\/a>\u201d avati Eesti Rahva Muuseumis 25. mail 2025.<\/p>\n<p><strong>\u00dcritused:<\/strong><\/p>\n<ul>\n<li>28. aprill \u2013 teema\u00f5htu laevahukkudest, aakrikust ja L\u00e4\u00e4ne-Eesti rannikuala p\u00e4rimusest<\/li>\n<li>9. mai \u2013 Emadep\u00e4eva erituur: Kristel ja Solveig S\u00e4vborgi \u00fchine giidituur n\u00e4itusel<\/li>\n<li>20. mai \u2013 Reet Piiri kuraatorituur n\u00e4itusel esile toodud r\u00f5ivastest<\/li>\n<li>31. mai \u2013 Rannarahva p\u00e4ev ERMis: \u201eRuhnu pulm\u201c, kalalaat, simman, Ruhnu tantsude t\u00f6\u00f6tuba<\/li>\n<\/ul>\n<p>&nbsp;<\/p>\n<p>&nbsp;<\/p>\n<p><em>Lisainfo: Saale Randaru, N\u00e4ituse \u201eRannarootslased. Estlandssvenskar\u201c produtsent, saale.randaru@erm.ee, Tel +372 736 3090<\/em><\/p>\n","protected":false},"excerpt":{"rendered":"<p>Eesti Rahva Muuseumi n\u00e4itus \u201eRannarootslased. Estlandssvenskar\u201c on avatud veel viimased kaks kuud, kuni 28. juunini 2026. N\u00e4ituse l\u00f5puperioodi keskne s\u00fcndmus on 31. mai Rannarahva p\u00e4ev, mil ERMi j\u00f5uavad Ruhnu pulm, kalalaat, simman ja Ruhnu pruudikrooni valmistamise \u00f5pituba. Alapealkirja \u201eRandunud ja juurdunud\u201c kandev n\u00e4itus on ulatuslikem k\u00e4sitlus eestirootslaste kultuurip\u00e4randist ja kogukonna ajaloost Baltimaades. N\u00e4ituse jaoks tehti [&hellip;]<\/p>\n","protected":false},"author":17,"featured_media":240573,"comment_status":"closed","ping_status":"closed","sticky":false,"template":"","format":"standard","meta":{"_acf_changed":false,"footnotes":""},"categories":[202],"tags":[230,260],"class_list":["post-240572","post","type-post","status-publish","format-standard","has-post-thumbnail","hentry","category-uudis","tag-muuseum","tag-naitus"],"acf":[],"_links":{"self":[{"href":"https:\/\/visittartu.com\/et\/wp-json\/wp\/v2\/posts\/240572","targetHints":{"allow":["GET"]}}],"collection":[{"href":"https:\/\/visittartu.com\/et\/wp-json\/wp\/v2\/posts"}],"about":[{"href":"https:\/\/visittartu.com\/et\/wp-json\/wp\/v2\/types\/post"}],"author":[{"embeddable":true,"href":"https:\/\/visittartu.com\/et\/wp-json\/wp\/v2\/users\/17"}],"replies":[{"embeddable":true,"href":"https:\/\/visittartu.com\/et\/wp-json\/wp\/v2\/comments?post=240572"}],"version-history":[{"count":4,"href":"https:\/\/visittartu.com\/et\/wp-json\/wp\/v2\/posts\/240572\/revisions"}],"predecessor-version":[{"id":240589,"href":"https:\/\/visittartu.com\/et\/wp-json\/wp\/v2\/posts\/240572\/revisions\/240589"}],"wp:featuredmedia":[{"embeddable":true,"href":"https:\/\/visittartu.com\/et\/wp-json\/wp\/v2\/media\/240573"}],"wp:attachment":[{"href":"https:\/\/visittartu.com\/et\/wp-json\/wp\/v2\/media?parent=240572"}],"wp:term":[{"taxonomy":"category","embeddable":true,"href":"https:\/\/visittartu.com\/et\/wp-json\/wp\/v2\/categories?post=240572"},{"taxonomy":"post_tag","embeddable":true,"href":"https:\/\/visittartu.com\/et\/wp-json\/wp\/v2\/tags?post=240572"}],"curies":[{"name":"wp","href":"https:\/\/api.w.org\/{rel}","templated":true}]}}