 {"id":240268,"date":"2026-04-27T11:12:48","date_gmt":"2026-04-27T11:12:48","guid":{"rendered":"https:\/\/visittartu.com\/?p=240268"},"modified":"2026-04-27T11:12:48","modified_gmt":"2026-04-27T11:12:48","slug":"kunstimaja-konvergents-tartu-kunstimajas","status":"publish","type":"post","link":"https:\/\/visittartu.com\/et\/kunstimaja-konvergents-tartu-kunstimajas\/","title":{"rendered":"&#8220;Kunstimaja Konvergents&#8221; Tartu Kunstimajas"},"content":{"rendered":"<p><strong>P\u00fchap\u00e4eval, 10. mail toimub Tartu Kunstimajas esmakordselt \u00fcritus nimega &#8220;Kunstimaja Konvergents&#8221;. See on \u00f5htu t\u00e4is performatiivseid aktsioone, muusikat, koosolemist ja teadmatust.<\/strong><\/p>\n<p>Kell 17.00 algab traditsiooniline jalutusk\u00e4ik viimast p\u00e4eva avatud n\u00e4itustel: suures saalis \u201eMa tean, miks puurilinnud laulavad\u201c, v\u00e4ikeses saalis \u201eM\u00f5ttemaastikud\u201c ja monumentaalgaleriis \u201eP\u00fcsituse v\u00e4li\u201c.<br \/>\nN\u00e4itustest r\u00e4\u00e4givad ning teoste loomise tagamaid avavad kunstnikud Anna \u0160kodenko, Maria Valdma-H\u00e4rm, Jane Liiv ja John Grzinich.<\/p>\n<p>Kell 18.00 algab \u00fcllatusi t\u00e4is \u00f5htu!<br \/>\nSee on \u00f5htu t\u00e4is performatiivseid aktsioone, milles k\u00e4esoleval aastal n\u00e4ituseprogrammi valitud kunstnikud ja m\u00f5ttekaaslased jagavad oma loomingu aeg-ruumilisi hetki. Idee autori ja kokkukutsuja Henri H\u00fcti silmis on aeg valdkondadevaheliseks kokkuplahvatuseks v\u00e4gagi k\u00fcps ning k\u00f5ik k\u00fclastajad on oodatud tunnistama \u00f5htut Kunstimaja ruumides, mil uksed j\u00e4\u00e4vadki avatuks, langevad eesriided, paljastub kulissidetagune ning m\u00f5raneb arusaam argielu ja vaatem\u00e4ngulisuse vahel.<\/p>\n<p>Ainult sel \u00f5htul saab tunnistada kunstilisi \u017eeste, mida muidu Tartu Kunstimaja n\u00e4ituseprogrammis ei kohta. \u00c4sja l\u00f5ppenud n\u00e4ituste maha-installeerimisest saab lavastus, uute teoste saabumisest v\u00f5imaluste lisatasand. Sekka meeleolu loovat helimuusikat, selgitusi ning segadust.<\/p>\n<p>See on ruumide aktiveerimise ja koosolemise eriline seisund, milles miski pole teada ja k\u00f5ik on v\u00f5imalik!<\/p>\n<p>Kunstimaja hoovis on avatud Garaa\u017eibaar!<\/p>\n<p>Tallinnast s\u00f5idab \u00fcritusele KUNSTIBUSS. <a href=\"https:\/\/forms.gle\/zHV6SkCZE3bHLBHW9\" target=\"_blank\" rel=\"noopener\">Lisainfo<\/a> bussi kohta.<\/p>\n<p>\u00dcritus on tasuta!<\/p>\n","protected":false},"excerpt":{"rendered":"<p>P\u00fchap\u00e4eval, 10. mail toimub Tartu Kunstimajas esmakordselt \u00fcritus nimega &#8220;Kunstimaja Konvergents&#8221;. See on \u00f5htu t\u00e4is performatiivseid aktsioone, muusikat, koosolemist ja teadmatust. Kell 17.00 algab traditsiooniline jalutusk\u00e4ik viimast p\u00e4eva avatud n\u00e4itustel: suures saalis \u201eMa tean, miks puurilinnud laulavad\u201c, v\u00e4ikeses saalis \u201eM\u00f5ttemaastikud\u201c ja monumentaalgaleriis \u201eP\u00fcsituse v\u00e4li\u201c. N\u00e4itustest r\u00e4\u00e4givad ning teoste loomise tagamaid avavad kunstnikud Anna \u0160kodenko, Maria [&hellip;]<\/p>\n","protected":false},"author":17,"featured_media":240269,"comment_status":"closed","ping_status":"closed","sticky":false,"template":"","format":"standard","meta":{"_acf_changed":false,"footnotes":""},"categories":[202],"tags":[213],"class_list":["post-240268","post","type-post","status-publish","format-standard","has-post-thumbnail","hentry","category-uudis","tag-sundmused"],"acf":[],"_links":{"self":[{"href":"https:\/\/visittartu.com\/et\/wp-json\/wp\/v2\/posts\/240268","targetHints":{"allow":["GET"]}}],"collection":[{"href":"https:\/\/visittartu.com\/et\/wp-json\/wp\/v2\/posts"}],"about":[{"href":"https:\/\/visittartu.com\/et\/wp-json\/wp\/v2\/types\/post"}],"author":[{"embeddable":true,"href":"https:\/\/visittartu.com\/et\/wp-json\/wp\/v2\/users\/17"}],"replies":[{"embeddable":true,"href":"https:\/\/visittartu.com\/et\/wp-json\/wp\/v2\/comments?post=240268"}],"version-history":[{"count":2,"href":"https:\/\/visittartu.com\/et\/wp-json\/wp\/v2\/posts\/240268\/revisions"}],"predecessor-version":[{"id":240275,"href":"https:\/\/visittartu.com\/et\/wp-json\/wp\/v2\/posts\/240268\/revisions\/240275"}],"wp:featuredmedia":[{"embeddable":true,"href":"https:\/\/visittartu.com\/et\/wp-json\/wp\/v2\/media\/240269"}],"wp:attachment":[{"href":"https:\/\/visittartu.com\/et\/wp-json\/wp\/v2\/media?parent=240268"}],"wp:term":[{"taxonomy":"category","embeddable":true,"href":"https:\/\/visittartu.com\/et\/wp-json\/wp\/v2\/categories?post=240268"},{"taxonomy":"post_tag","embeddable":true,"href":"https:\/\/visittartu.com\/et\/wp-json\/wp\/v2\/tags?post=240268"}],"curies":[{"name":"wp","href":"https:\/\/api.w.org\/{rel}","templated":true}]}}