 {"id":239088,"date":"2026-03-27T10:31:13","date_gmt":"2026-03-27T10:31:13","guid":{"rendered":"https:\/\/visittartu.com\/?p=239088"},"modified":"2026-03-27T10:36:47","modified_gmt":"2026-03-27T10:36:47","slug":"eesti-olumpia-ja-paralumpiakoondise-esemed-joudsid-spordimuuseumisse","status":"publish","type":"post","link":"https:\/\/visittartu.com\/et\/eesti-olumpia-ja-paralumpiakoondise-esemed-joudsid-spordimuuseumisse\/","title":{"rendered":"Eesti ol\u00fcmpia- ja paral\u00fcmpiakoondise esemed j\u00f5udsid spordimuuseumisse"},"content":{"rendered":"<p><strong>Alates t\u00e4nasest, 27. m\u00e4rtsist on Eesti Spordi- ja Ol\u00fcmpiamuuseumis avatud eksklusiivne v\u00e4ljapanek, mis toob k\u00fclastajateni \u00e4sja l\u00f5ppenud XXV Milano Cortina 2026. aasta talviste ol\u00fcmpia- ja paral\u00fcmpiam\u00e4ngude m\u00e4rgilisemad hetked ning Eesti koondislaste p\u00f5nevad esemed. Esemed on esmakordselt eksponeerimisel.<\/strong><\/p>\n<p>K\u00fclastajad saavad oma silmaga n\u00e4ha kahev\u00f5istleja Kristjan Ilvese Milano Cortina ol\u00fcmpiam\u00e4ngude v\u00f5istluskiivrit ning ka liidris\u00e4rki, mida ta kandis murdmaarajal p\u00e4rast v\u00f5idukat suusah\u00fcppevooru teel oma k\u00f5rge 6. kohani. Iluuisutamiss\u00f5pru r\u00f5\u00f5mustab v\u00e4ljapanekul iluuisutaja Niina Petr\u00f5kina ol\u00fcmpiadiplom (koopia) 7. koha eest ning hiiglaslik lumikellukesest maskott nimega Flo, mis potsatas ol\u00fcmpiaj\u00e4\u00e4le f\u00e4nnidelt p\u00e4rast Petr\u00f5kina vabakava esitamist.<\/p>\n<p>Lisaks n\u00e4eb valgust ka ol\u00fcmpiamelu traditsioonilisem pool, kus keskset rolli m\u00e4ngib m\u00e4rkide vahetamine. K\u00fclastajad saavad tutvuda vigursuusataja Grete-Mia Meentalo unikaalse koguga, mis koondab \u00fcle 80 ol\u00fcmpiak\u00fclas vahetatud m\u00e4rgi, andes edasi ehedat m\u00e4ngude atmosf\u00e4\u00e4ri. Samuti on v\u00e4ljapanekul vaatamiseks v\u00e4ljas nii ol\u00fcmpia- kui ka paral\u00fcmpiam\u00e4ngude t\u00f5rvikute autentsed koopiad, mis s\u00fcmboliseerivad spordimaailma k\u00f5ige olulisemat tuld.<\/p>\n<p>\u201cSee v\u00e4rske Milano Cortina m\u00e4ngudele p\u00fchendatud v\u00e4ljapanek on loogiline j\u00e4tk kogu ol\u00fcmpiamelule, mis maailmas veidi aega tagasi valitses,\u201d \u00fctles spordimuuseumi kuraator Rait M\u00e4nnik. \u201eOn haruldane v\u00f5imalus n\u00e4ha neid esemeid nii vahetult otse Itaaliast. Lisaks saab n\u00e4ha laskesuusataja Johanna Talih\u00e4rma uhket meenemedalit, mille ta sai p\u00e4rast Rahvusvahelise Ol\u00fcmpiakomitee sportlaskomisjoni liikmeks valimist ning ERR spordiajakirianiku Johannes Vedru meedia \u00f5lapaela, millega ta vahendas meile v\u00e4rskemaid uudiseid otse ol\u00fcmpialt,\u201d lisas M\u00e4nnik.<\/p>\n<p>Milano Cortina m\u00e4ngude v\u00e4rske v\u00e4ljapanekuga on v\u00f5imalik tutvuda Baltikumi suurima spordimuuseumi piletita \u00fcldalal (R\u00fc\u00fctli 15, Tartu) muuseumi lahtiolekuaegadel j\u00e4rgneva kahe kuu jooksul. Lisaks k\u00f5nealusele vitriini v\u00e4ljapanekule saab tutvuda ka ol\u00fcmpiariiete n\u00e4itusega \u201eHeas vormis taliol\u00fcmpiale!\u201c, spordi- ja keskkonnateemalise n\u00e4itusega \u201cKuumenev fini\u0161ijoon. Sport muutuvas keskkonnas\u201d, spordimuuseumi p\u00fcsin\u00e4itusega \u201cEesti Spordi Lugu\u201d ja teiste ajutiste n\u00e4itustega.<\/p>\n<p>&nbsp;<\/p>\n<p><em>Lisainfo: Rait M\u00e4nnik, kuraator, Eesti Spordi- ja Ol\u00fcmpiamuuseum, +372 730 0770 | <a href=\"mailto:rait.mannik@spordimuuseum.ee\">rait.mannik@spordimuuseum.ee<\/a> | <a href=\"http:\/\/www.spordimuuseum.ee\" target=\"_blank\" rel=\"noopener\">www.spordimuuseum.ee<\/a><\/em><\/p>\n","protected":false},"excerpt":{"rendered":"<p>Alates t\u00e4nasest, 27. m\u00e4rtsist on Eesti Spordi- ja Ol\u00fcmpiamuuseumis avatud eksklusiivne v\u00e4ljapanek, mis toob k\u00fclastajateni \u00e4sja l\u00f5ppenud XXV Milano Cortina 2026. aasta talviste ol\u00fcmpia- ja paral\u00fcmpiam\u00e4ngude m\u00e4rgilisemad hetked ning Eesti koondislaste p\u00f5nevad esemed. Esemed on esmakordselt eksponeerimisel. K\u00fclastajad saavad oma silmaga n\u00e4ha kahev\u00f5istleja Kristjan Ilvese Milano Cortina ol\u00fcmpiam\u00e4ngude v\u00f5istluskiivrit ning ka liidris\u00e4rki, mida ta kandis [&hellip;]<\/p>\n","protected":false},"author":17,"featured_media":239089,"comment_status":"closed","ping_status":"closed","sticky":false,"template":"","format":"standard","meta":{"_acf_changed":false,"footnotes":""},"categories":[202],"tags":[230,260],"class_list":["post-239088","post","type-post","status-publish","format-standard","has-post-thumbnail","hentry","category-uudis","tag-muuseum","tag-naitus"],"acf":[],"_links":{"self":[{"href":"https:\/\/visittartu.com\/et\/wp-json\/wp\/v2\/posts\/239088","targetHints":{"allow":["GET"]}}],"collection":[{"href":"https:\/\/visittartu.com\/et\/wp-json\/wp\/v2\/posts"}],"about":[{"href":"https:\/\/visittartu.com\/et\/wp-json\/wp\/v2\/types\/post"}],"author":[{"embeddable":true,"href":"https:\/\/visittartu.com\/et\/wp-json\/wp\/v2\/users\/17"}],"replies":[{"embeddable":true,"href":"https:\/\/visittartu.com\/et\/wp-json\/wp\/v2\/comments?post=239088"}],"version-history":[{"count":4,"href":"https:\/\/visittartu.com\/et\/wp-json\/wp\/v2\/posts\/239088\/revisions"}],"predecessor-version":[{"id":239097,"href":"https:\/\/visittartu.com\/et\/wp-json\/wp\/v2\/posts\/239088\/revisions\/239097"}],"wp:featuredmedia":[{"embeddable":true,"href":"https:\/\/visittartu.com\/et\/wp-json\/wp\/v2\/media\/239089"}],"wp:attachment":[{"href":"https:\/\/visittartu.com\/et\/wp-json\/wp\/v2\/media?parent=239088"}],"wp:term":[{"taxonomy":"category","embeddable":true,"href":"https:\/\/visittartu.com\/et\/wp-json\/wp\/v2\/categories?post=239088"},{"taxonomy":"post_tag","embeddable":true,"href":"https:\/\/visittartu.com\/et\/wp-json\/wp\/v2\/tags?post=239088"}],"curies":[{"name":"wp","href":"https:\/\/api.w.org\/{rel}","templated":true}]}}