 {"id":238084,"date":"2026-03-12T09:51:09","date_gmt":"2026-03-12T09:51:09","guid":{"rendered":"https:\/\/visittartu.com\/?p=238084"},"modified":"2026-03-16T11:29:48","modified_gmt":"2026-03-16T11:29:48","slug":"konverents-12th-annual-conference-on-russia","status":"publish","type":"post","link":"https:\/\/visittartu.com\/et\/konverents-12th-annual-conference-on-russia\/","title":{"rendered":"Tartus toimus julgeolekukonverents \u201c12th Annual Conference on Russia\u201d"},"content":{"rendered":"<p><strong>5.-6. m\u00e4rtsil 2026 toimus Tartus rahvusvaheline julgeolukonverents &#8220;12th Annual Conference on Russia&#8221;, mille igaastane korraldaja on Balti Kaitsekolled\u017ei. Sel aastal t\u00f5i konverents kokku \u00fcle 340 k\u00f5rgetasemelise osaleja Balti riikide ja liitlasriikide s\u00f5jalistest struktuuridest, rahvusvahelistest organisatsioonidest, valitsustest, akadeemilisest ringkonnast ning erasektorist.<\/strong><\/p>\n<p>Tegemist on \u00fche m\u00f5jukama strateegilise julgeolekukonverentsiga, mis keskendub Venemaa tegevusele ja selle m\u00f5jule Euroopa julgeolekule. Selle aasta peateemaks oli \u201ePerpetual Conflict: Russia and the Struggle for European Security\u201c.<\/p>\n<p>Konverentsil anal\u00fc\u00fcsiti Venemaa agressiooni tagaj\u00e4rgi, strateegilisi ja operatiivseid muutusi ning nende m\u00f5ju Euroopa kaitsev\u00f5imele. \u00dcrituse avas Balti Kaitsekolled\u017ei komandant Alvydas \u0160iuparis, kes r\u00f5hutas, et Venemaa kujutab endast p\u00fcsivat julgeolekuohtu Euroopale.<\/p>\n<p>Konverentsi peaettekande pidas George Robertson, Lord Robertson of Port Ellen ja endine NATO peasekret\u00e4r. Ta r\u00f5hutas, et NATO on kaitseallianss ning t\u00f5i esile s\u00f5ja m\u00f5jul toimunud geopoliitilised muutused, sealhulgas Soome ja Rootsi liitumise alliansiga.<\/p>\n<p>Konverentsi kuus temaatilist paneeli k\u00e4sitlesid Euroopa kaitsev\u00f5ime arengut, transatlantilist koost\u00f6\u00f6d, Ukraina s\u00f5jast saadud operatiivseid \u00f5ppetunde ning Balti riikide \u00fchiskondlikku vastupanuv\u00f5imet. Arutati ka piirkondlike kaitsekoalitsioonide rolli NATO idatiival heidutuse tugevdamisel.<\/p>\n<p>Konverentsi l\u00f5petas Marina Kaljurand, Euroopa Parlamenti liige, kes r\u00f5hutas Euroopa \u00fchtsuse ja pikaajalise toetuse t\u00e4htsust Ukrainale. L\u00f5pps\u00f5nas t\u00f5i Balti Kaitsekolled\u017ei dekaan dr Tiia-Triin Truusa esile, et strateegilised arutelud tuleb siduda praktiliste tegevustega Euroopa julgeoleku tugevdamiseks.<\/p>\n<p><em>Lisainfo: <a href=\"https:\/\/baltdefcol.org\/news\/lessons-from-ukraine-and-the-future-of-european-security-key-takeaways-from-the-annual-conference-on-russia-2026\" target=\"_blank\" rel=\"noopener\">Balti Kaitsekolled\u017e<\/a>, info@rusconf.eu.<\/em><\/p>\n","protected":false},"excerpt":{"rendered":"<p>5.-6. m\u00e4rtsil 2026 toimus Tartus rahvusvaheline julgeolukonverents &#8220;12th Annual Conference on Russia&#8221;, mille igaastane korraldaja on Balti Kaitsekolled\u017ei. Sel aastal t\u00f5i konverents kokku \u00fcle 340 k\u00f5rgetasemelise osaleja Balti riikide ja liitlasriikide s\u00f5jalistest struktuuridest, rahvusvahelistest organisatsioonidest, valitsustest, akadeemilisest ringkonnast ning erasektorist. Tegemist on \u00fche m\u00f5jukama strateegilise julgeolekukonverentsiga, mis keskendub Venemaa tegevusele ja selle m\u00f5jule Euroopa julgeolekule. [&hellip;]<\/p>\n","protected":false},"author":22,"featured_media":238085,"comment_status":"closed","ping_status":"closed","sticky":false,"template":"","format":"standard","meta":{"_acf_changed":false,"footnotes":""},"categories":[202],"tags":[251],"class_list":["post-238084","post","type-post","status-publish","format-standard","has-post-thumbnail","hentry","category-uudis","tag-konverents"],"acf":[],"_links":{"self":[{"href":"https:\/\/visittartu.com\/et\/wp-json\/wp\/v2\/posts\/238084","targetHints":{"allow":["GET"]}}],"collection":[{"href":"https:\/\/visittartu.com\/et\/wp-json\/wp\/v2\/posts"}],"about":[{"href":"https:\/\/visittartu.com\/et\/wp-json\/wp\/v2\/types\/post"}],"author":[{"embeddable":true,"href":"https:\/\/visittartu.com\/et\/wp-json\/wp\/v2\/users\/22"}],"replies":[{"embeddable":true,"href":"https:\/\/visittartu.com\/et\/wp-json\/wp\/v2\/comments?post=238084"}],"version-history":[{"count":5,"href":"https:\/\/visittartu.com\/et\/wp-json\/wp\/v2\/posts\/238084\/revisions"}],"predecessor-version":[{"id":238538,"href":"https:\/\/visittartu.com\/et\/wp-json\/wp\/v2\/posts\/238084\/revisions\/238538"}],"wp:featuredmedia":[{"embeddable":true,"href":"https:\/\/visittartu.com\/et\/wp-json\/wp\/v2\/media\/238085"}],"wp:attachment":[{"href":"https:\/\/visittartu.com\/et\/wp-json\/wp\/v2\/media?parent=238084"}],"wp:term":[{"taxonomy":"category","embeddable":true,"href":"https:\/\/visittartu.com\/et\/wp-json\/wp\/v2\/categories?post=238084"},{"taxonomy":"post_tag","embeddable":true,"href":"https:\/\/visittartu.com\/et\/wp-json\/wp\/v2\/tags?post=238084"}],"curies":[{"name":"wp","href":"https:\/\/api.w.org\/{rel}","templated":true}]}}