 {"id":234716,"date":"2026-02-16T08:58:13","date_gmt":"2026-02-16T08:58:13","guid":{"rendered":"https:\/\/visittartu.com\/?p=234716"},"modified":"2026-02-16T08:58:13","modified_gmt":"2026-02-16T08:58:13","slug":"teenetemargi-tartumaa-kuldne-tammeoks-2026-a-kavalerid-on-selgunud","status":"publish","type":"post","link":"https:\/\/visittartu.com\/et\/teenetemargi-tartumaa-kuldne-tammeoks-2026-a-kavalerid-on-selgunud\/","title":{"rendered":"Teenetem\u00e4rgi Tartumaa Kuldne Tammeoks 2026.a kavalerid on selgunud"},"content":{"rendered":"<p><strong>Tartumaa Omavalitsuste Liit tunnustab maakonna k\u00f5rgeima teenetem\u00e4rgiga Tartumaa Kuldne Tammeoks kohaliku elu edendajaid pikaajalise v\u00e4ljapaistva tegevuse eest. 2026. aastal p\u00e4lvivad teenetem\u00e4rgi \u00dclenurme muusikakooli direktor \u00dclle Andreson, MT\u00dc Sibulatee eestvedaja Liis Lainem\u00e4e ja MT\u00dc Tartumaa \u00dchistranspordikeskuse logistik Anne Vodi.<\/strong><\/p>\n<p>Tartumaa Omavalitsuste Liidu juhatuse esimees Jarno Laur t\u00e4nab k\u00f5iki, kes teenetem\u00e4rgile kandidaate esitasid. \u201cTartumaa Kuldne Tammeoks on tunnustus pikaajalise v\u00e4ljapaistva t\u00f6\u00f6 eest, mis loob kestvat muutust ja aitab kaasa meie maakonna arengule. Teenetem\u00e4rgi t\u00e4navuste kavaleride \u00dclle Andresoni, Liis Lainem\u00e4e ja Anne Vodi aastatepikkuse p\u00fchendunud t\u00f6\u00f6 tulemused on selgelt n\u00e4ha nii Tartumaa kultuurielus, muusikahariduses ja turismisihtkohtade arengus kui ka h\u00e4sti toimivas \u00fchistranspordis. Ja mis k\u00f5ige olulisem, nende t\u00f6\u00f6 on aastate jooksul avanud uusi v\u00f5imalusi kohalikele kogukondadele,\u201d s\u00f5nas Laur.<\/p>\n<p><strong>\u00dclenurme muusikakooli direktor \u00dclle Andreson<\/strong> on \u00fcle 35 aasta panustanud Tartumaa noorte muusikahariduse ja kultuurielu arengusse, \u00dclenurme muusikakooli juhib ta 1998. aastast. Ta on kujundanud \u00dclenurme muusikakoolist \u00fche Eesti oman\u00e4oliseima ja hinnatuima muusika\u00f5ppeasutuse, kus antakse mitmekesist muusikaharidust ja \u00f5pib \u00fcle 200 noore. \u00dclle Andresoni pikaajalise ja p\u00fchendunud juhtimise tulemusel on \u00dclenurme muusikakoolist kujunenud Tartumaa kultuuri ja muusikahariduse oluline visiitkaart: kool korraldab vabariiklikke konkursse, kontserte ja muusikas\u00fcndmusi, pilli- ja laululaagreid ning teeb koost\u00f6\u00f6d teiste muusikakoolidega. \u00d5pilased on toonud Tartumaale tuntust ja tunnustust edukate esinemistega konkurssidel nii Eestis kui ka v\u00e4lismaal.<\/p>\n<p><strong>MT\u00dc Sibulatee juhataja ja eestvedaja Liis Lainem\u00e4e<\/strong> on 16 aastat j\u00e4rjepidevalt ja tulemuslikult arendanud Peipsi\u00e4\u00e4re piirkonda ning t\u00f5stnud selle n\u00e4htavust nii Tartumaal kui ka \u00fcle Eesti. Tema pikaajaline ja s\u00fcsteemne t\u00f6\u00f6 on andnud Sibulateele selge identiteedi ning kujundanud Peipsi\u00e4\u00e4rest oman\u00e4olise kultuuri- ja turismisihtkoha, kus hoitakse ja tutvustatakse piirkonna kolme olulist kultuurip\u00e4randit: baltisaksa m\u00f5isakultuuri, eesti talupojakultuuri ning vene vanausuliste kultuuri, tuues iga kultuurikihi esile selle erip\u00e4ra ja autentsust s\u00e4ilitades. Liis Lainem\u00e4e on kogukonna \u00fchendaja ja mentor, kes m\u00e4rkab uusi algatajaid, toetab nende ideid ning loob keskkonna, kus kohalikud algatused saavad kasvada ja kesta.<\/p>\n<p><strong>MT\u00dc Tartumaa \u00dchistranspordikeskuse logistik Anne Vodi<\/strong> on 30 aastat korraldanud Tartu maakonna \u00fchistransporti, tema \u00fclesanne on k\u00f5ikide maakonna bussiliinide s\u00f5iduplaanide haldamine, veomahtude arvestus ja sellega seotud aruandlus. Anne Vodi tagab, et s\u00f5itjate jaoks oleks k\u00e4ttesaadav \u00f5ige ja ajakohane info riiklikus s\u00f5iduplaaniportaalis peatus.ee ning et k\u00f5ik vajalikud andmed j\u00f5uavad bussijuhtide pardaseadmetesse. Tema t\u00f6\u00f6 tulemusel teavad s\u00f5itjad, millal ja kus bussid s\u00f5idavad ning teavad ka bussijuhid, mis teekondadel ja millal on vaja s\u00f5ita. Anne Vodi p\u00fchendumus, t\u00f6\u00f6kus ja valdkonna p\u00f5hjalik tundmine on taganud, et Tartumaa maakonnaliinid on s\u00f5itnud l\u00e4bi aegade t\u00e4psete s\u00f5iduplaanide ja s\u00f5iduvajaduste alusel.<\/p>\n<p>Teenetem\u00e4rgid annab Tartumaa Omavalitsuste Liidu juhatuse esimees Jarno Laur \u00fcle 23. veebruaril Tartu \u00dclikooli muuseumi valges saalis toimuval Eesti Vabariigi 108. aastap\u00e4evale p\u00fchendatud vastuv\u00f5tul.<br \/>\nFotod: Liis Lainem\u00e4e &#8211; foto Tago Kalbri, \u00dclle Andreson \u2013 foto \u00dclenurme muusikakooli arhiivist, Anne Vodi \u2013 foto Anne Vodi erakogu, Kuldne Tammeoks &#8211; Joonas Sisask<\/p>\n<p><em>Lisainfo: Kristi J\u00f5esaar, Tartumaa Omavalitsuste Liidu kommunikatsioonijuht, tel 5196 8458, e-post kristi.joesaar@tartumaa.ee<\/em><\/p>\n","protected":false},"excerpt":{"rendered":"<p>Tartumaa Omavalitsuste Liit tunnustab maakonna k\u00f5rgeima teenetem\u00e4rgiga Tartumaa Kuldne Tammeoks kohaliku elu edendajaid pikaajalise v\u00e4ljapaistva tegevuse eest. 2026. aastal p\u00e4lvivad teenetem\u00e4rgi \u00dclenurme muusikakooli direktor \u00dclle Andreson, MT\u00dc Sibulatee eestvedaja Liis Lainem\u00e4e ja MT\u00dc Tartumaa \u00dchistranspordikeskuse logistik Anne Vodi. Tartumaa Omavalitsuste Liidu juhatuse esimees Jarno Laur t\u00e4nab k\u00f5iki, kes teenetem\u00e4rgile kandidaate esitasid. \u201cTartumaa Kuldne Tammeoks on [&hellip;]<\/p>\n","protected":false},"author":17,"featured_media":234717,"comment_status":"closed","ping_status":"closed","sticky":false,"template":"","format":"standard","meta":{"_acf_changed":false,"footnotes":""},"categories":[202],"tags":[259],"class_list":["post-234716","post","type-post","status-publish","format-standard","has-post-thumbnail","hentry","category-uudis","tag-tartumaa"],"acf":[],"_links":{"self":[{"href":"https:\/\/visittartu.com\/et\/wp-json\/wp\/v2\/posts\/234716","targetHints":{"allow":["GET"]}}],"collection":[{"href":"https:\/\/visittartu.com\/et\/wp-json\/wp\/v2\/posts"}],"about":[{"href":"https:\/\/visittartu.com\/et\/wp-json\/wp\/v2\/types\/post"}],"author":[{"embeddable":true,"href":"https:\/\/visittartu.com\/et\/wp-json\/wp\/v2\/users\/17"}],"replies":[{"embeddable":true,"href":"https:\/\/visittartu.com\/et\/wp-json\/wp\/v2\/comments?post=234716"}],"version-history":[{"count":2,"href":"https:\/\/visittartu.com\/et\/wp-json\/wp\/v2\/posts\/234716\/revisions"}],"predecessor-version":[{"id":234723,"href":"https:\/\/visittartu.com\/et\/wp-json\/wp\/v2\/posts\/234716\/revisions\/234723"}],"wp:featuredmedia":[{"embeddable":true,"href":"https:\/\/visittartu.com\/et\/wp-json\/wp\/v2\/media\/234717"}],"wp:attachment":[{"href":"https:\/\/visittartu.com\/et\/wp-json\/wp\/v2\/media?parent=234716"}],"wp:term":[{"taxonomy":"category","embeddable":true,"href":"https:\/\/visittartu.com\/et\/wp-json\/wp\/v2\/categories?post=234716"},{"taxonomy":"post_tag","embeddable":true,"href":"https:\/\/visittartu.com\/et\/wp-json\/wp\/v2\/tags?post=234716"}],"curies":[{"name":"wp","href":"https:\/\/api.w.org\/{rel}","templated":true}]}}