 {"id":229651,"date":"2025-12-19T09:26:50","date_gmt":"2025-12-19T09:26:50","guid":{"rendered":"https:\/\/visittartu.com\/?p=229651"},"modified":"2025-12-19T09:26:50","modified_gmt":"2025-12-19T09:26:50","slug":"tartu-kunsti-aastanaitus-kunstimajas","status":"publish","type":"post","link":"https:\/\/visittartu.com\/et\/tartu-kunsti-aastanaitus-kunstimajas\/","title":{"rendered":"Tartu kunsti aastan\u00e4itus Kunstimajas"},"content":{"rendered":"<p><strong>19. detsembril kell 18.00 avatakse Tartu Kunstimaja kolmes saalis Tartu kunsti aastan\u00e4itus, mille kujundajaks on Karmo Mende.\u00a0<\/strong><\/p>\n<p>N\u00e4ituset\u00f6\u00f6d valis kujundaja Karmo Mende. Valikuga aastan\u00e4itusel esitletud t\u00f6\u00f6dest saab tutvuda kunstikeskkonnas\u00a0<a href=\"http:\/\/NOBA.ac\" target=\"_blank\" rel=\"noopener\">NOBA.ac<\/a>, kust neid saab soovi korral ka osta.<\/p>\n<p>Kokku kandideeris n\u00e4itusele 250 autorit ning kujundaja tehtud l\u00f5plikus valikus on 111 kunstnikku:<\/p>\n<p>Maire Aarsalu, Vano Allsalu, Aita Ambos, Stanislav Antipov, Arthur Arula, Monica Del Norte, Liisi Eelmaa, Rasmus Eist, Niina Freiberg, Carl-Christian Frey, Mari Fr\u00fchling, Evi Gailit, Mirjam Hinn, \u00d5ie Holm, Eero Ijavoinen, Sergei Inkatov, Antti Eric Joronen, Piret J\u00fcrgenson, Ly Kaalma, Kalli Kalde, Kersti Kals, Markus Kasemaa, Katrin Kelpman, Karin Kivisild, Katrina Kolk, Margus Kontus, T\u00f5nis Kriisa, Kadri Kr\u00fc\u00fcner, Inge Kudisiim, Hedi Kuhi, Mari Kukk, Tiina Kuus, Toomas Kuusing, Rudi K\u00e4\u00e4p, Timo K\u00e4hara, Heiki K\u00e4hr, Siiri K\u00e4ngsepp, Silver Laadi, \u00dclle Laasma, Tapio Markku Lahti (1950\u20132025), Laura Marita Lappalainen, Kristel Leesmend, Heikki Leis, Tea Lemberpuu, Janne Lias, Jane Liiv, Lola Liivat (1928\u20132025), Margus Lokk, Nele Luik, Triinu Luming, Katrin Maask, Elina Madal, Ove Maidla, Lea Malin, Epp Margna, Margus Meinart, Daria Morozova, Lilian Mosolainen, Rauno Thomas Moss, Elo-Mai M\u00e4gi, Kristo M\u00e4nna, Martin M\u00e4nna, Meiu M\u00fcnt, T\u00f5nu Noorits, Loone N\u00f5mm, Maarja N\u00f5mmik, Al Paldrok, Peep Pedmanson, Per William Petersen, Sirje Petersen, Sirje Piir, Enn P\u00f5ldroos (1933\u20132025), Andrus Raag, Ingmar Roomets, Martti Ruus, Kaia R\u00e4hn, Sven Senka, Sandra Sirp, Liisa Soolepp, Ott-Kaspar Sults, Robert Suvi, S\u00e4nk, Ingmar \u0160uman, \u00a0Marek T3hh, Merike Tamm, Aili Tammela, Pille Tammela, Edgar Tedresaar, Erik Teem\u00e4gi, Enn Tegova, Lola Tehver, Imbi Traat, Are Tralla, Heiki Trolla, K\u00fclli Trummal, Silja Truus, Saskia Tuberg, Maris Tuuling, Uku Paul Tuuling, Liidia Unt, Martin Urb, Agve Urm, Martin Vaher, Silver Vahtre, \u00dcllar Varik, Tanel Veenre, Kristina Viin, Von Bomb, Liisi \u00d6rd, Teele \u00dclesoo, Danel \u00dclper<\/p>\n<p>N\u00e4ituse avamisel kuulutatakse v\u00e4lja t\u00e4navune Ado Vabbe preemia laureaat.<\/p>\n<p>Tartu kunsti aastan\u00e4itusel antakse v\u00e4lja kaks preemiat, mida toetavad Tartu \u00a0kunstikollektsion\u00e4\u00e4rid Veljo Ipits, Reigo Kuivj\u00f5gi ja Margus Punab.<\/p>\n<p>N\u00e4ituse k\u00fclastajad saavad h\u00e4\u00e4letada publikulemmiku poolt ja lisaks valib preemia\u017e\u00fcrii noore kunstniku ergutuspreemia. M\u00f5lema preemia rahaline v\u00e4\u00e4rtus on 3000 eurot.<br \/>\nSamuti saavad k\u00fclastajad valida oma lemmikn\u00e4ituse Tartu Kunstimaja 2025. aasta programmist.<\/p>\n<p>Preemiasaajad kuulutatakse v\u00e4lja n\u00e4ituse viimasel p\u00e4eval 25. jaanuaril. Noore kunstniku ergutuspreemiale kvalifitseeruvad k\u00f5ik aastan\u00e4itusel osalevad kuni neljak\u00fcmneaastased kunstnikud (n\u00e4ituse avamisp\u00e4eval vanus 40 kaasaarvatud). Preemia\u017e\u00fcrii koosseisu kuuluvad Veljo Ipits, Reigo Kuivj\u00f5gi ja Margus Punab, Tartu Kunstimuuseumi direktor Joanna Hoffmann ja Tartu Kunstnike Liidu esimees Peeter Talvistu.<\/p>\n<p>K\u00f5igi publikulemmiku poolt h\u00e4\u00e4letajate vahel loositakse v\u00e4lja P\u00f5hja- ja Baltimaade kunstnikele p\u00fchendatud kunstikeskkonna\u00a0<a href=\"http:\/\/NOBA.ac\" target=\"_blank\" rel=\"noopener\">NOBA.ac<\/a>\u00a0kinkekaart v\u00e4\u00e4rtusega 500 eurot.<\/p>\n<p>Tuurid n\u00e4itusel toimuvad:<br \/>\n20. detsembril kell 12.00 (kell 11\u201316 toimub Kunstimajas j\u00f5ululaat ja avatud ateljeede p\u00e4ev)<br \/>\n28. detsembril kell 13.00<br \/>\n8. jaanuaril kell 17.30<br \/>\n25. jaanuaril kell 16.00<\/p>\n<p>Graafiline disain: Vahram Muradyan<br \/>\nN\u00e4itus on avatud 25. jaanuarini.<\/p>\n<p>Tartu Kunstimaja lahtiolek p\u00fchade ajal:<br \/>\nKolmap\u00e4ev, 24. detsember \u2013 suletud<br \/>\nNeljap\u00e4ev, 25. detsember \u2013 suletud<br \/>\nReede, 26. detsember \u00a0\u2013 suletud<br \/>\nNeljap\u00e4ev, 1. jaanuar \u2013 suletud<\/p>\n<p>Lisainfo:<br \/>\nMaret Tamme<br \/>\nTartu Kunstimaja produtsent<br \/>\n<a href=\"mailto:produtsent@kunstimaja.ee\">produtsent@kunstimaja.ee<\/a><br \/>\n5800 3882<\/p>\n<p><a href=\"http:\/\/www.kunstimaja.ee\" target=\"_blank\" rel=\"noopener\">www.kunstimaja.ee<\/a><br \/>\n<a href=\"http:\/\/facebook.com\/kunstimaja\" target=\"_blank\" rel=\"noopener\">facebook.com\/kunstimaja<\/a><\/p>\n<p>Tartu Kunstimaja (Vanemuise 26) on avatud K\u2013E 12.00\u201318.00. N\u00e4itused on tasuta.<br \/>\nTartu Kunstimaja n\u00e4itusetegevust toetavad Tartu Linnavalitsus ja Eesti Kultuurkapital.<\/p>\n","protected":false},"excerpt":{"rendered":"<p>19. detsembril kell 18.00 avatakse Tartu Kunstimaja kolmes saalis Tartu kunsti aastan\u00e4itus, mille kujundajaks on Karmo Mende.\u00a0 N\u00e4ituset\u00f6\u00f6d valis kujundaja Karmo Mende. Valikuga aastan\u00e4itusel esitletud t\u00f6\u00f6dest saab tutvuda kunstikeskkonnas\u00a0NOBA.ac, kust neid saab soovi korral ka osta. Kokku kandideeris n\u00e4itusele 250 autorit ning kujundaja tehtud l\u00f5plikus valikus on 111 kunstnikku: Maire Aarsalu, Vano Allsalu, Aita Ambos, [&hellip;]<\/p>\n","protected":false},"author":19,"featured_media":229652,"comment_status":"closed","ping_status":"closed","sticky":false,"template":"","format":"standard","meta":{"_acf_changed":false,"footnotes":""},"categories":[202],"tags":[260],"class_list":["post-229651","post","type-post","status-publish","format-standard","has-post-thumbnail","hentry","category-uudis","tag-naitus"],"acf":[],"_links":{"self":[{"href":"https:\/\/visittartu.com\/et\/wp-json\/wp\/v2\/posts\/229651","targetHints":{"allow":["GET"]}}],"collection":[{"href":"https:\/\/visittartu.com\/et\/wp-json\/wp\/v2\/posts"}],"about":[{"href":"https:\/\/visittartu.com\/et\/wp-json\/wp\/v2\/types\/post"}],"author":[{"embeddable":true,"href":"https:\/\/visittartu.com\/et\/wp-json\/wp\/v2\/users\/19"}],"replies":[{"embeddable":true,"href":"https:\/\/visittartu.com\/et\/wp-json\/wp\/v2\/comments?post=229651"}],"version-history":[{"count":1,"href":"https:\/\/visittartu.com\/et\/wp-json\/wp\/v2\/posts\/229651\/revisions"}],"predecessor-version":[{"id":229657,"href":"https:\/\/visittartu.com\/et\/wp-json\/wp\/v2\/posts\/229651\/revisions\/229657"}],"wp:featuredmedia":[{"embeddable":true,"href":"https:\/\/visittartu.com\/et\/wp-json\/wp\/v2\/media\/229652"}],"wp:attachment":[{"href":"https:\/\/visittartu.com\/et\/wp-json\/wp\/v2\/media?parent=229651"}],"wp:term":[{"taxonomy":"category","embeddable":true,"href":"https:\/\/visittartu.com\/et\/wp-json\/wp\/v2\/categories?post=229651"},{"taxonomy":"post_tag","embeddable":true,"href":"https:\/\/visittartu.com\/et\/wp-json\/wp\/v2\/tags?post=229651"}],"curies":[{"name":"wp","href":"https:\/\/api.w.org\/{rel}","templated":true}]}}