 {"id":228666,"date":"2025-12-11T10:19:07","date_gmt":"2025-12-11T10:19:07","guid":{"rendered":"https:\/\/visittartu.com\/?p=228666"},"modified":"2025-12-11T10:19:07","modified_gmt":"2025-12-11T10:19:07","slug":"tartu-voorustab-2026-veebruaris-wuml-konverentsi","status":"publish","type":"post","link":"https:\/\/visittartu.com\/et\/tartu-voorustab-2026-veebruaris-wuml-konverentsi\/","title":{"rendered":"Tartu \u00dclikool v\u00f5\u00f5rustab 2026 veebruaris WUML konverentsi"},"content":{"rendered":"<p><strong>Tartu \u00dclikoolis toimub 2.-4.veebruaril interdistsiplinaarne konverents Workshop on Uncertainty in Machine Learning (WUML 2026)\u00a0<\/strong><\/p>\n<p>Konverents keskendub m\u00e4\u00e4ramatuse ja mudelite enesekindluse k\u00fcsimustele masin\u00f5ppes ning arutab viimaseid edusamme ja v\u00e4ljakutseid selles valdkonnas.<\/p>\n<p>Eelnevad WUML-i s\u00fcndmused on toimunud M\u00fcnchenis (2024) ja Milanos (2025). Esimene WUML konverents leidis aset 2015. aastal ning alates 2023. aastast toimub konverents igal aastal.<\/p>\n<p>Konverentsil k\u00e4sitletakse n\u00e4iteks m\u00e4\u00e4ramatuse modelleerimist ja kvantifitseerimist masin\u00f5ppe probleemides ning uusi uurimissuunasid valdkonnas.<\/p>\n<p>S\u00fcndmus toob Tartusse rahvusvahelise teadlaste kogukonna ning osalejate arv on ligikaudu 150.<\/p>\n<p><em>Lisainfo: <a href=\"https:\/\/sites.google.com\/view\/wuml2026\" target=\"_blank\" rel=\"noopener\">WUML 2026<\/a><\/em><\/p>\n","protected":false},"excerpt":{"rendered":"<p>Tartu \u00dclikoolis toimub 2.-4.veebruaril interdistsiplinaarne konverents Workshop on Uncertainty in Machine Learning (WUML 2026)\u00a0 Konverents keskendub m\u00e4\u00e4ramatuse ja mudelite enesekindluse k\u00fcsimustele masin\u00f5ppes ning arutab viimaseid edusamme ja v\u00e4ljakutseid selles valdkonnas. Eelnevad WUML-i s\u00fcndmused on toimunud M\u00fcnchenis (2024) ja Milanos (2025). Esimene WUML konverents leidis aset 2015. aastal ning alates 2023. aastast toimub konverents igal aastal. [&hellip;]<\/p>\n","protected":false},"author":22,"featured_media":228668,"comment_status":"closed","ping_status":"closed","sticky":false,"template":"","format":"standard","meta":{"_acf_changed":false,"footnotes":""},"categories":[202],"tags":[251],"class_list":["post-228666","post","type-post","status-publish","format-standard","has-post-thumbnail","hentry","category-uudis","tag-konverents"],"acf":[],"_links":{"self":[{"href":"https:\/\/visittartu.com\/et\/wp-json\/wp\/v2\/posts\/228666","targetHints":{"allow":["GET"]}}],"collection":[{"href":"https:\/\/visittartu.com\/et\/wp-json\/wp\/v2\/posts"}],"about":[{"href":"https:\/\/visittartu.com\/et\/wp-json\/wp\/v2\/types\/post"}],"author":[{"embeddable":true,"href":"https:\/\/visittartu.com\/et\/wp-json\/wp\/v2\/users\/22"}],"replies":[{"embeddable":true,"href":"https:\/\/visittartu.com\/et\/wp-json\/wp\/v2\/comments?post=228666"}],"version-history":[{"count":1,"href":"https:\/\/visittartu.com\/et\/wp-json\/wp\/v2\/posts\/228666\/revisions"}],"predecessor-version":[{"id":228673,"href":"https:\/\/visittartu.com\/et\/wp-json\/wp\/v2\/posts\/228666\/revisions\/228673"}],"wp:featuredmedia":[{"embeddable":true,"href":"https:\/\/visittartu.com\/et\/wp-json\/wp\/v2\/media\/228668"}],"wp:attachment":[{"href":"https:\/\/visittartu.com\/et\/wp-json\/wp\/v2\/media?parent=228666"}],"wp:term":[{"taxonomy":"category","embeddable":true,"href":"https:\/\/visittartu.com\/et\/wp-json\/wp\/v2\/categories?post=228666"},{"taxonomy":"post_tag","embeddable":true,"href":"https:\/\/visittartu.com\/et\/wp-json\/wp\/v2\/tags?post=228666"}],"curies":[{"name":"wp","href":"https:\/\/api.w.org\/{rel}","templated":true}]}}