 {"id":228643,"date":"2025-12-11T08:31:46","date_gmt":"2025-12-11T08:31:46","guid":{"rendered":"https:\/\/visittartu.com\/?p=228643"},"modified":"2025-12-11T08:40:23","modified_gmt":"2025-12-11T08:40:23","slug":"arengukonverents-maailma-eesti-ja-meie-ulikool","status":"publish","type":"post","link":"https:\/\/visittartu.com\/et\/arengukonverents-maailma-eesti-ja-meie-ulikool\/","title":{"rendered":"Tartu \u00dclikooli arengukonverents \u201eMaailma, Eesti ja meie \u00fclikool\u201c"},"content":{"rendered":"<p><strong>27. oktoobril kell 13\u201318 toimus Tartu \u00dclikooli aulas ja veebis Tartu \u00dclikooli arengukonverents\u00a0<\/strong><a href=\"https:\/\/ut.ee\/et\/arengukonverents\" target=\"_blank\" rel=\"noopener\"><strong><u>\u201eMaailma, Eesti ja meie \u00fclikool\u201c<\/u><\/strong><\/a><strong>. Konverentsi peaesinejad olid Toomas Hendrik Ilves, Kersti Kaljulaid ja Kristina Kallas.<\/strong><\/p>\n<p>Tartu \u00dclikooli rektor Toomas Asser s\u00f5nas, et kui t\u00e4navu juunis vastu v\u00f5etud arengukavaga on \u00fclikool kokku leppinud j\u00e4rgmise k\u00fcmnendi olulisemad sihid, siis arengukonverentsi eesm\u00e4rk on koguda ideid, kuidas nende eesm\u00e4rkideni j\u00f5uda ning millised tegurid ja otsused seda teekonda m\u00f5jutavad.<\/p>\n<p>\u201eArengukonverents ei ole pelgalt Tartu \u00dclikooli siseasi, vaid arutelu selle \u00fcle, kuidas \u00fclikool saab suunata Eesti arengut, hoides ja kasvatades nii \u00fclikooli kui ka riigi rahvusvahelist konkurentsiv\u00f5imet, kujundades uut akadeemilist p\u00f5lvkonda ja tagades, et siin s\u00fcndiv teadmine j\u00f5uaks \u00fchiskonda,\u201c \u00fctles Asser.<\/p>\n<p>Aruteludes keskenduti kolmele teemale, mis kujundavad Eesti k\u00f5rghariduse ja teaduse tulevikku j\u00e4rgmisel k\u00fcmnendil: \u00fclikooli vastutustundlik rahvusvahelistumine, akadeemilise j\u00e4relkasvu kindlustamine ning teadustulemuste j\u00f5udmine \u00fchiskonda ja majandusse.<\/p>\n<p>Ettekannetega esinesid president Toomas Hendrik Ilves, president Kersti Kaljulaid ning haridus- ja teadusminister Kristina Kallas. Seej\u00e4rel tutvustasid \u00fclikooli prorektorid Aune Valk, T\u00f5nu Esko ja Mari Moora, millised eesm\u00e4rgid on v\u00e4rske arengukavaga neis teemavaldkondades kokku lepitud.<\/p>\n<p>Aruteluringides otsiti koos \u00fclikooliv\u00e4liste partneritega vastuseid k\u00fcsimustele, kuidas nende eesm\u00e4rkideni j\u00f5uda ning milline on selles \u00fclikooli roll.<\/p>\n<p>Konverentsi kava, esinejate tutvustused ja veebij\u00e4lgimise lingi leiab\u00a0<a class=\"ext\" title=\"(opens in a new window)\" href=\"https:\/\/confenta.com\/ee\/arengukonverents\/\" target=\"_blank\" rel=\"noopener noreferrer\" data-extlink=\"\"><u>konverentsi kodulehelt<\/u><\/a>. \u00dclikooli j\u00e4rgmise k\u00fcmnendi arengukavaga saab tutvuda\u00a0<a href=\"https:\/\/ut.ee\/arengukava\" target=\"_blank\" rel=\"noopener\"><u>\u00fclikooli kodulehel<\/u><\/a>.<\/p>\n","protected":false},"excerpt":{"rendered":"<p>27. oktoobril kell 13\u201318 toimus Tartu \u00dclikooli aulas ja veebis Tartu \u00dclikooli arengukonverents\u00a0\u201eMaailma, Eesti ja meie \u00fclikool\u201c. Konverentsi peaesinejad olid Toomas Hendrik Ilves, Kersti Kaljulaid ja Kristina Kallas. Tartu \u00dclikooli rektor Toomas Asser s\u00f5nas, et kui t\u00e4navu juunis vastu v\u00f5etud arengukavaga on \u00fclikool kokku leppinud j\u00e4rgmise k\u00fcmnendi olulisemad sihid, siis arengukonverentsi eesm\u00e4rk on koguda ideid, [&hellip;]<\/p>\n","protected":false},"author":22,"featured_media":228637,"comment_status":"closed","ping_status":"closed","sticky":false,"template":"","format":"standard","meta":{"_acf_changed":false,"footnotes":""},"categories":[202],"tags":[251],"class_list":["post-228643","post","type-post","status-publish","format-standard","has-post-thumbnail","hentry","category-uudis","tag-konverents"],"acf":[],"_links":{"self":[{"href":"https:\/\/visittartu.com\/et\/wp-json\/wp\/v2\/posts\/228643","targetHints":{"allow":["GET"]}}],"collection":[{"href":"https:\/\/visittartu.com\/et\/wp-json\/wp\/v2\/posts"}],"about":[{"href":"https:\/\/visittartu.com\/et\/wp-json\/wp\/v2\/types\/post"}],"author":[{"embeddable":true,"href":"https:\/\/visittartu.com\/et\/wp-json\/wp\/v2\/users\/22"}],"replies":[{"embeddable":true,"href":"https:\/\/visittartu.com\/et\/wp-json\/wp\/v2\/comments?post=228643"}],"version-history":[{"count":2,"href":"https:\/\/visittartu.com\/et\/wp-json\/wp\/v2\/posts\/228643\/revisions"}],"predecessor-version":[{"id":228645,"href":"https:\/\/visittartu.com\/et\/wp-json\/wp\/v2\/posts\/228643\/revisions\/228645"}],"wp:featuredmedia":[{"embeddable":true,"href":"https:\/\/visittartu.com\/et\/wp-json\/wp\/v2\/media\/228637"}],"wp:attachment":[{"href":"https:\/\/visittartu.com\/et\/wp-json\/wp\/v2\/media?parent=228643"}],"wp:term":[{"taxonomy":"category","embeddable":true,"href":"https:\/\/visittartu.com\/et\/wp-json\/wp\/v2\/categories?post=228643"},{"taxonomy":"post_tag","embeddable":true,"href":"https:\/\/visittartu.com\/et\/wp-json\/wp\/v2\/tags?post=228643"}],"curies":[{"name":"wp","href":"https:\/\/api.w.org\/{rel}","templated":true}]}}