 {"id":227711,"date":"2025-12-01T08:13:53","date_gmt":"2025-12-01T08:13:53","guid":{"rendered":"https:\/\/visittartu.com\/?p=227711"},"modified":"2026-01-26T14:48:53","modified_gmt":"2026-01-26T14:48:53","slug":"juhan-liivi-muuseumis-avataks-uus-pusinaitus","status":"publish","type":"post","link":"https:\/\/visittartu.com\/et\/juhan-liivi-muuseumis-avataks-uus-pusinaitus\/","title":{"rendered":"Juhan Liivi muuseumis avataks uus p\u00fcsin\u00e4itus"},"content":{"rendered":"<p><strong>Juhan Liivist kujunes m\u00fc\u00fct kohe p\u00e4rast tema surma 1. detsembril 1913. See m\u00fc\u00fct on m\u00f5jutanud tema kuvandit eesti rahva teadvuses juba \u00fcle sajandi.<\/strong><\/p>\n<p>Uue n\u00e4ituse l\u00e4htepunktiks on iga\u00fche vajadus olla m\u00f5istetud. Oma eluajal h\u00e4bematult v\u00e4he m\u00f5istmist kogenud Juhan Liiv t\u00f5usis ometigi \u00fcmbritsevatest oludest k\u00f5rgemale ja suutis luua erakordset loomingut.<\/p>\n<p>Muuseumi juhataja Mari Niitra: \u201cOleme n\u00e4itusega p\u00fc\u00fcdnud minna Juhan Liivi poeetilisse maailma, mida iseloomustavad ootamatud vaatepunktid, teravad vastandused ning teadlik lihtsus.\u201d Eesm\u00e4rgiks on kirjaniku loomingut t\u00e4henduslike silmapilkude kaudu ka kirjanduskaugematele inimestele l\u00e4hemale tuua. Liivi loomingut s\u00fcgavuti avav n\u00e4itus p\u00f5hineb uusimal teadust\u00f6\u00f6l, selle \u00fcks kuraatoreid, muuseumi teadur Tanar Kirs kaitseb t\u00e4navu 16. detsembril doktorit\u00f6\u00f6 \u201cJuhan Liiv kirjanduslikus traditsioonis\u201d.<\/p>\n<p>N\u00e4itus paikneb erinevates keskkondades \u00fcle muuseumi territooriumi &#8211; peamajas, n\u00e4itusemajas, Juhan Liivi koduks olnud rehemajas ning v\u00e4lialal. Kasutatud on nii audio- ja videolavastusi, ruumiinstallatsioone kui virtuaalreaalsust. K\u00f5ik need lahendused aitavad k\u00fclastajal Juhan Liivi maailma sisse elada.<\/p>\n<p>N\u00e4ituse loovjuhi Mairo R\u00e4\u00e4ski s\u00f5nul valiti n\u00e4ituse tegemiseks \u00fcsna keeruline tee, aga l\u00f5pptulemus sai v\u00e4ga huvitav. \u201cSee n\u00e4itus ei ole asi iseeneses, vaid p\u00fc\u00fcab suhestuda muuseumis juba olemas olevate kihistuste ja keskkondadega ning t\u00f6\u00f6tab tervikuna. Esmakordselt Eestis on kirjaniku elu ja looming kokku v\u00f5etud ka meelelise r\u00e4nnakuna virtuaalreaalsuses.\u201d<\/p>\n<p>N\u00e4ituse \u201cVaimulained\/vaimupained\u201d loovjuht on Mairo R\u00e4\u00e4sk, kuraatorid Tanar Kirs ja Mari Niitra, teostaja Blueray O\u00dc. Kunstilistesse ja tehnilistesse lahendustesse on panustanud v\u00e4ga suur hulk inimesi. N\u00e4ituse valmimist toetasid muuseumide kiirendi ja Peipsiveere arenguprogramm.<\/p>\n<p><strong>Uus n\u00e4itus Juhan Liivi muuseumis on k\u00fclastajatele avatud alates 2. detsembrist esmasp\u00e4evast reedeni kell 10-16. <\/strong><br \/>\n<strong>Esimene avalik giidituur uuel n\u00e4itusel toimub laup\u00e4eval, 6. detsembril<\/strong><\/p>\n<p>&nbsp;<\/p>\n<p><em>Lisainfo: Mari Niitra, Juhan Liivi muuseumi juhataja, 5144851, <a href=\"http:\/\/muusa.ee\" target=\"_blank\" rel=\"noopener\">muusa.ee<\/a><\/em><\/p>\n","protected":false},"excerpt":{"rendered":"<p>Juhan Liivist kujunes m\u00fc\u00fct kohe p\u00e4rast tema surma 1. detsembril 1913. See m\u00fc\u00fct on m\u00f5jutanud tema kuvandit eesti rahva teadvuses juba \u00fcle sajandi. Uue n\u00e4ituse l\u00e4htepunktiks on iga\u00fche vajadus olla m\u00f5istetud. Oma eluajal h\u00e4bematult v\u00e4he m\u00f5istmist kogenud Juhan Liiv t\u00f5usis ometigi \u00fcmbritsevatest oludest k\u00f5rgemale ja suutis luua erakordset loomingut. Muuseumi juhataja Mari Niitra: \u201cOleme n\u00e4itusega [&hellip;]<\/p>\n","protected":false},"author":17,"featured_media":227723,"comment_status":"closed","ping_status":"closed","sticky":false,"template":"","format":"standard","meta":{"_acf_changed":false,"footnotes":""},"categories":[202],"tags":[230,260],"class_list":["post-227711","post","type-post","status-publish","format-standard","has-post-thumbnail","hentry","category-uudis","tag-muuseum","tag-naitus"],"acf":[],"_links":{"self":[{"href":"https:\/\/visittartu.com\/et\/wp-json\/wp\/v2\/posts\/227711","targetHints":{"allow":["GET"]}}],"collection":[{"href":"https:\/\/visittartu.com\/et\/wp-json\/wp\/v2\/posts"}],"about":[{"href":"https:\/\/visittartu.com\/et\/wp-json\/wp\/v2\/types\/post"}],"author":[{"embeddable":true,"href":"https:\/\/visittartu.com\/et\/wp-json\/wp\/v2\/users\/17"}],"replies":[{"embeddable":true,"href":"https:\/\/visittartu.com\/et\/wp-json\/wp\/v2\/comments?post=227711"}],"version-history":[{"count":2,"href":"https:\/\/visittartu.com\/et\/wp-json\/wp\/v2\/posts\/227711\/revisions"}],"predecessor-version":[{"id":227722,"href":"https:\/\/visittartu.com\/et\/wp-json\/wp\/v2\/posts\/227711\/revisions\/227722"}],"wp:featuredmedia":[{"embeddable":true,"href":"https:\/\/visittartu.com\/et\/wp-json\/wp\/v2\/media\/227723"}],"wp:attachment":[{"href":"https:\/\/visittartu.com\/et\/wp-json\/wp\/v2\/media?parent=227711"}],"wp:term":[{"taxonomy":"category","embeddable":true,"href":"https:\/\/visittartu.com\/et\/wp-json\/wp\/v2\/categories?post=227711"},{"taxonomy":"post_tag","embeddable":true,"href":"https:\/\/visittartu.com\/et\/wp-json\/wp\/v2\/tags?post=227711"}],"curies":[{"name":"wp","href":"https:\/\/api.w.org\/{rel}","templated":true}]}}