 {"id":224673,"date":"2025-11-07T08:50:04","date_gmt":"2025-11-07T08:50:04","guid":{"rendered":"https:\/\/visittartu.com\/?p=224673"},"modified":"2025-11-07T08:50:04","modified_gmt":"2025-11-07T08:50:04","slug":"tartu-kunstimajas-avatakse-lilian-mosolaineni-isikunaitus","status":"publish","type":"post","link":"https:\/\/visittartu.com\/et\/tartu-kunstimajas-avatakse-lilian-mosolaineni-isikunaitus\/","title":{"rendered":"Tartu Kunstimajas avatakse Lilian Mosolaineni isikun\u00e4itus"},"content":{"rendered":"<p><strong>Reedel, 14. novembril kell 17.00 avatakse Tartu Kunstimaja v\u00e4ikeses saalis Lilian Mosolaineni\u00a0isikun\u00e4itus \u201eCarne viva\u201c. \u00a0<\/strong><\/p>\n<p>N\u00e4itus on ajendatud eksistentsiaalsetest m\u00f5tisklustest elusa ja ajaliku ning igavese ja ajatu \u00fcle. Elus ja ajalik on osa \u00fchest orgaanilisest s\u00fcsteemist \u2013 k\u00f5ik, mis elus muutub p\u00f5rmuks, et taas s\u00fcndida.<\/p>\n<p>\u201eCarne viva\u201c (eesti keeles: \u201eElav liha\u201c) on intensiivne ja dramaatiline t\u00f5demus, mis tunnistab kehalisuse l\u00f5plikkust. Kontrolli puudumine omaenda keha saatuse \u00fcle v\u00f5ib olla \u00f5\u00f5vastav.<\/p>\n<p>\u201eCarne viva on n\u00e4itus, millega ma kutsun vaatajat peatuma hetkes \u00a0ja tunnistama elu orgaanilist ts\u00fcklilisust \u2013 s\u00fcndi, kirge, h\u00e4\u00e4bumist ja taass\u00fcndi. See on minu uurimus kehalisuse paratamatusest ja vaimu p\u00fc\u00fcdlusest anda armastusele vorm, mis \u00fcletab keha piirid,\u201c selgitab kunstnik.<\/p>\n<p>Lilian Mosolainen (s 1961) on l\u00f5petanud 1980. aastal Tartu Kunstikooli, 1991. aastal Eesti Kunstiakadeemia maalikunsti eriala, t\u00f6\u00f6tanud \u00f5ppej\u00f5una nii Tallinna \u00dclikoolis kui ka Eesti Kunstiakadeemias ning annab praeguseni tunde Tallinna Kunstikoolis. Mosolainenil on olnud 34 isikun\u00e4itust, samuti on ta osalenud arvukatel \u00fclevaaten\u00e4itustel. Tema teoseid on Tartu Kunstimuuseumi kogus, Kumu kunstimuuseumi kogus, Margus Punabi erakogus jm. Alates 1992. aastast kuulub kunstnik Eesti Kunstnike Liitu ja Eesti Maalikunstnike Liitu.<\/p>\n<p>N\u00e4itus j\u00e4\u00e4b avatuks 14. detsembrini.<\/p>\n<p><em>Lisainfo: Maret Tamme, Tartu Kunstimaja produtsent, <a href=\"mailto:produtsent@kunstimaja.ee\">produtsent@kunstimaja.ee, <\/a>5800 3882<\/em><\/p>\n","protected":false},"excerpt":{"rendered":"<p>Reedel, 14. novembril kell 17.00 avatakse Tartu Kunstimaja v\u00e4ikeses saalis Lilian Mosolaineni\u00a0isikun\u00e4itus \u201eCarne viva\u201c. \u00a0 N\u00e4itus on ajendatud eksistentsiaalsetest m\u00f5tisklustest elusa ja ajaliku ning igavese ja ajatu \u00fcle. Elus ja ajalik on osa \u00fchest orgaanilisest s\u00fcsteemist \u2013 k\u00f5ik, mis elus muutub p\u00f5rmuks, et taas s\u00fcndida. \u201eCarne viva\u201c (eesti keeles: \u201eElav liha\u201c) on intensiivne ja dramaatiline [&hellip;]<\/p>\n","protected":false},"author":9,"featured_media":224674,"comment_status":"closed","ping_status":"closed","sticky":false,"template":"","format":"standard","meta":{"_acf_changed":false,"footnotes":""},"categories":[202],"tags":[260],"class_list":["post-224673","post","type-post","status-publish","format-standard","has-post-thumbnail","hentry","category-uudis","tag-naitus"],"acf":[],"_links":{"self":[{"href":"https:\/\/visittartu.com\/et\/wp-json\/wp\/v2\/posts\/224673","targetHints":{"allow":["GET"]}}],"collection":[{"href":"https:\/\/visittartu.com\/et\/wp-json\/wp\/v2\/posts"}],"about":[{"href":"https:\/\/visittartu.com\/et\/wp-json\/wp\/v2\/types\/post"}],"author":[{"embeddable":true,"href":"https:\/\/visittartu.com\/et\/wp-json\/wp\/v2\/users\/9"}],"replies":[{"embeddable":true,"href":"https:\/\/visittartu.com\/et\/wp-json\/wp\/v2\/comments?post=224673"}],"version-history":[{"count":2,"href":"https:\/\/visittartu.com\/et\/wp-json\/wp\/v2\/posts\/224673\/revisions"}],"predecessor-version":[{"id":224680,"href":"https:\/\/visittartu.com\/et\/wp-json\/wp\/v2\/posts\/224673\/revisions\/224680"}],"wp:featuredmedia":[{"embeddable":true,"href":"https:\/\/visittartu.com\/et\/wp-json\/wp\/v2\/media\/224674"}],"wp:attachment":[{"href":"https:\/\/visittartu.com\/et\/wp-json\/wp\/v2\/media?parent=224673"}],"wp:term":[{"taxonomy":"category","embeddable":true,"href":"https:\/\/visittartu.com\/et\/wp-json\/wp\/v2\/categories?post=224673"},{"taxonomy":"post_tag","embeddable":true,"href":"https:\/\/visittartu.com\/et\/wp-json\/wp\/v2\/tags?post=224673"}],"curies":[{"name":"wp","href":"https:\/\/api.w.org\/{rel}","templated":true}]}}