 {"id":224662,"date":"2025-11-07T08:45:12","date_gmt":"2025-11-07T08:45:12","guid":{"rendered":"https:\/\/visittartu.com\/?p=224662"},"modified":"2025-11-07T08:45:12","modified_gmt":"2025-11-07T08:45:12","slug":"erika-pedaku-ja-tambet-pedaku-uhisnaitus-tartu-kunstimajas","status":"publish","type":"post","link":"https:\/\/visittartu.com\/et\/erika-pedaku-ja-tambet-pedaku-uhisnaitus-tartu-kunstimajas\/","title":{"rendered":"Erika Pedaku ja Tambet Pedaku \u00fchisn\u00e4itus Tartu Kunstimajas"},"content":{"rendered":"<p><strong>Reedel, 14. novembril kell 17.00 avatakse Tartu Kunstimaja monumentaalgaleriis Erika Pedaku ja Tambet Pedaku \u00fchisn\u00e4itus \u201cArstit\u00e4di s\u00f5idab tulet\u00f5rjemasinaga\u2026\u201d.<\/strong><\/p>\n<p>\u201cArstit\u00e4di s\u00f5idab tulet\u00f5rjemasinaga, sest keegi on midagi varastanud.\u201d Nii arvas \u00fcht \u00a0\u00e4hvardavat sireeni kuuldes viieaastane laps. See oli ammu. N\u00fc\u00fcdseks on lisandunud hulk uusi ohusignaale. Kas oleme v\u00f5imelised adekvaatselt tunnetama sireenide olemust? V\u00f5i oleme pettekujutlustes nagu meremehed Vana-Kreeka m\u00fctoloogiast, keda lindnaistest sireenide laul l\u00f5ksu p\u00fc\u00fcdis meelitada?<\/p>\n<p>Inimeste tajud on erinevad. T\u00f5lgendades meid \u00fcmbritsevat kujundlikes metafoorides, saab aimu kunstniku hoiakutest. Oma ideid ja fantaasiaid teostades on kunstnik \u00fcleni loomeprotsessis, tahtmata k\u00f5igile meeldida. Pidevalt otsides, ilma reeglite ja retseptideta, eksides ja leides, iga\u00fcks omamoodi. Kuidas ja kas publik \u00fcldse tema t\u00f6\u00f6dest aru saab, pole \u00fcheselt m\u00f5\u00f5detav. Siiski kasvab kunstnik publiku toel ja \u00fcmberp\u00f6\u00f6rdult. Loome koos uusi vaateid ilmale ja esitame k\u00fcsimusi neile, kes kuulevad ja n\u00e4evad. Ja mitte ainult.<\/p>\n<p>Erika Pedak (s 1948) on tekstiilikunstnik (ERKI 1985) ja tekstiililoolane (Tartu \u00dclikool 2007). Kunstnik on aktiivne n\u00e4itustel osaleja. Kahel korral on Eesti Tekstiilikunstnike Liit valinud ta aasta tekstiilikunstnikuks. Alustanud loometeed gobel\u00e4\u00e4nide kudumisega, on kunstnik pikka aega t\u00f6\u00f6tanud autoritehnikas, kasutades v\u00e4ga erinevaid materjale. Saaremaale kolimise ajast alates on Erika Pedak edukalt viljelnud m\u00e4rgviltimise tehnikat, millest on innustunud ka poeg Tambet.<\/p>\n<p>Tambet Pedak (s 1973) on sisearhitekt (EKA 2000). Ta on t\u00f6\u00f6tanud ARS Projekt O\u00dcs. Aastast 2004 on ta tegutsenud oma loodud firmas Luuk O\u00dc. Tambet Pedak on projekteerinud koost\u00f6\u00f6s teiste sisearhitektidega v\u00f5i \u00fcksi erinevaid interj\u00f6\u00f6re nii avalikus ruumis kui eravaldustes, sh projekteerinud m\u00f5ned eramud. Praegu elab ja t\u00f6\u00f6tab ta oma pere talus Saaremaal.<\/p>\n<p>N\u00e4itus j\u00e4\u00e4b avatuks 14. detsembrini.<\/p>\n<p><em>Lisainfo: Maret Tamme, Tartu Kunstimaja produtsent, <a href=\"mailto:produtsent@kunstimaja.ee\">produtsent@kunstimaja.ee, <\/a>5800 3882<\/em><\/p>\n","protected":false},"excerpt":{"rendered":"<p>Reedel, 14. novembril kell 17.00 avatakse Tartu Kunstimaja monumentaalgaleriis Erika Pedaku ja Tambet Pedaku \u00fchisn\u00e4itus \u201cArstit\u00e4di s\u00f5idab tulet\u00f5rjemasinaga\u2026\u201d. \u201cArstit\u00e4di s\u00f5idab tulet\u00f5rjemasinaga, sest keegi on midagi varastanud.\u201d Nii arvas \u00fcht \u00a0\u00e4hvardavat sireeni kuuldes viieaastane laps. See oli ammu. N\u00fc\u00fcdseks on lisandunud hulk uusi ohusignaale. Kas oleme v\u00f5imelised adekvaatselt tunnetama sireenide olemust? V\u00f5i oleme pettekujutlustes nagu meremehed [&hellip;]<\/p>\n","protected":false},"author":9,"featured_media":224663,"comment_status":"closed","ping_status":"closed","sticky":false,"template":"","format":"standard","meta":{"_acf_changed":false,"footnotes":""},"categories":[202],"tags":[260],"class_list":["post-224662","post","type-post","status-publish","format-standard","has-post-thumbnail","hentry","category-uudis","tag-naitus"],"acf":[],"_links":{"self":[{"href":"https:\/\/visittartu.com\/et\/wp-json\/wp\/v2\/posts\/224662","targetHints":{"allow":["GET"]}}],"collection":[{"href":"https:\/\/visittartu.com\/et\/wp-json\/wp\/v2\/posts"}],"about":[{"href":"https:\/\/visittartu.com\/et\/wp-json\/wp\/v2\/types\/post"}],"author":[{"embeddable":true,"href":"https:\/\/visittartu.com\/et\/wp-json\/wp\/v2\/users\/9"}],"replies":[{"embeddable":true,"href":"https:\/\/visittartu.com\/et\/wp-json\/wp\/v2\/comments?post=224662"}],"version-history":[{"count":2,"href":"https:\/\/visittartu.com\/et\/wp-json\/wp\/v2\/posts\/224662\/revisions"}],"predecessor-version":[{"id":224669,"href":"https:\/\/visittartu.com\/et\/wp-json\/wp\/v2\/posts\/224662\/revisions\/224669"}],"wp:featuredmedia":[{"embeddable":true,"href":"https:\/\/visittartu.com\/et\/wp-json\/wp\/v2\/media\/224663"}],"wp:attachment":[{"href":"https:\/\/visittartu.com\/et\/wp-json\/wp\/v2\/media?parent=224662"}],"wp:term":[{"taxonomy":"category","embeddable":true,"href":"https:\/\/visittartu.com\/et\/wp-json\/wp\/v2\/categories?post=224662"},{"taxonomy":"post_tag","embeddable":true,"href":"https:\/\/visittartu.com\/et\/wp-json\/wp\/v2\/tags?post=224662"}],"curies":[{"name":"wp","href":"https:\/\/api.w.org\/{rel}","templated":true}]}}