 {"id":221074,"date":"2025-10-20T06:24:32","date_gmt":"2025-10-20T06:24:32","guid":{"rendered":"https:\/\/visittartu.com\/?p=221074"},"modified":"2026-01-26T09:31:41","modified_gmt":"2026-01-26T09:31:41","slug":"olev-subbi-isikunaitusel-ermis-kais-ule-36-000-kulastaja","status":"publish","type":"post","link":"https:\/\/visittartu.com\/et\/olev-subbi-isikunaitusel-ermis-kais-ule-36-000-kulastaja\/","title":{"rendered":"Olev Subbi isikun\u00e4itusel ERMis k\u00e4is \u00fcle 36 000 k\u00fclastaja"},"content":{"rendered":"<p><strong>Eesti Rahva Muuseumis ligi seitse kuud avatud olnud n\u00e4itust \u201eOlev Subbi. T\u00e4iuse poole p\u00fc\u00fceldes\u201c k\u00fclastas \u00fcle 36 000 kunstihuvilise. See on viimasel ajal ERMis toimunud kunstin\u00e4ituste rekord.<\/strong><\/p>\n<p>\u201eOn r\u00f5\u00f5mustav n\u00e4ha, et Olev Subbi looming on s\u00e4ilitanud publiku jaoks k\u00fctkestavuse ning tema teoste vastu on sedav\u00f5rd suur huvi,\u201c lausus n\u00e4ituse kaaskorraldaja Enn Kunila. \u201eN\u00e4ituse \u00f5nnestumisele aitas kindlasti kaasa kuraator Eero Epneri ja kujundaja Mari Kurismaa suurep\u00e4rane t\u00f6\u00f6, mis leidis rohkelt kiitust ka n\u00e4ituse k\u00fclalisteraamatus.\u201c<\/p>\n<p>ERMi direktor Laura Kipper t\u00f5i aga v\u00e4lja, et k\u00fclastajate seas oli palju noori. \u201eOlev Subbi looming toetub palju m\u00e4lule ning taaselustab kultuurilisi kihistusi,\u201c \u00fctles Kipper. \u201eUue publiku jaoks s\u00e4\u00e4raste kihistuste tutvustamine on \u00fcks ERMi \u00fclesandeid. See tohutu huvi, mis Subbi n\u00e4itusele osaks sai on kindlasti innustav.\u201c<\/p>\n<p>N\u00e4itust saatis mahukas kataloog ning publikuprogramm: toimus 35 kuraatorituuri ja 31 giidituuri, samuti kunstitunnid peredele ja filmiseansid. ERMi hariduskeskuse juhataja Kaari Siemeri s\u00f5nul kujunesid haridusprogrammid v\u00e4ga populaarseteks. \u201eSubbi maalid on erksad ja kireva v\u00e4rvim\u00e4nguga ning pakkusid sellisena osalejatele sundimatult huvi. V\u00e4ga r\u00f5\u00f5mustav oli n\u00e4ha koolilapsi keskendunult n\u00e4itusesaalis Subbi kunsti t\u00f5lgendamas,\u2019\u201c \u00fctleb Siemer.<\/p>\n<p>N\u00e4itus toimus Eesti Rahva Muuseumi ja Enn Kunila kunstikollektsiooni koost\u00f6\u00f6s.<\/p>\n<p>Olev Subbi (1930\u20132013) oli alates 1970ndate algusest Eesti juhtivaid maalikunstnikke. Tema looming l\u00e4htus 20. sajandi esimese poole maalikunsti p\u00f5him\u00f5tetest. Oma teostes taaselustas Subbi sageli lapsep\u00f5lvem\u00e4lestusi 1930ndatest ning enda s\u00f5nade kohaselt l\u00f5i m\u00e4lufragmentide abil oma teostele paralleelmaailma. Tema 95. s\u00fcnniaastap\u00e4evale p\u00fchendatud \u00fclevaaten\u00e4itus oli k\u00f5igi aegade mahukaim v\u00e4ljapanek Subbi loomingust: pea 80 maali riiklikest ja erakollektsioonidest puudutasid k\u00f5iki Subbi loomingu perioode ja \u017eanre.<\/p>\n<p><strong>N\u00e4itus numbrites<\/strong><\/p>\n<p>36 300 k\u00fclastust<br \/>\n95. s\u00fcnniaastap\u00e4evale p\u00fchendatud n\u00e4itus<br \/>\n80 maali riiklikest kogudest, Enn Kunila kollektsioonist ja teistest erakogudest<br \/>\n35 Eero Epneri kuraatorituuri<br \/>\n31 tuuri ERMi giididega<br \/>\n25 haridusprogrammi<br \/>\n4 perede kunstitundi<br \/>\n4 filmiseanssi &#8220;Olev Subbi. Elu kuues peat\u00fckis&#8221; (re\u017eiss\u00f6\u00f6r Marianne K\u00f5rver)<br \/>\n1 vestlus Jan kausiga sise- ja v\u00e4lispaguluse teemal<\/p>\n<p>&nbsp;<\/p>\n<p><em>Lisainfo: <a href=\"https:\/\/www.erm.ee\/et\/olev-subbi\" target=\"_blank\" rel=\"noopener\">Eesti Rahva Muuseum<\/a><\/em><\/p>\n","protected":false},"excerpt":{"rendered":"<p>Eesti Rahva Muuseumis ligi seitse kuud avatud olnud n\u00e4itust \u201eOlev Subbi. T\u00e4iuse poole p\u00fc\u00fceldes\u201c k\u00fclastas \u00fcle 36 000 kunstihuvilise. See on viimasel ajal ERMis toimunud kunstin\u00e4ituste rekord. \u201eOn r\u00f5\u00f5mustav n\u00e4ha, et Olev Subbi looming on s\u00e4ilitanud publiku jaoks k\u00fctkestavuse ning tema teoste vastu on sedav\u00f5rd suur huvi,\u201c lausus n\u00e4ituse kaaskorraldaja Enn Kunila. \u201eN\u00e4ituse \u00f5nnestumisele aitas [&hellip;]<\/p>\n","protected":false},"author":17,"featured_media":221075,"comment_status":"closed","ping_status":"closed","sticky":false,"template":"","format":"standard","meta":{"_acf_changed":false,"footnotes":""},"categories":[202],"tags":[260],"class_list":["post-221074","post","type-post","status-publish","format-standard","has-post-thumbnail","hentry","category-uudis","tag-naitus"],"acf":[],"_links":{"self":[{"href":"https:\/\/visittartu.com\/et\/wp-json\/wp\/v2\/posts\/221074","targetHints":{"allow":["GET"]}}],"collection":[{"href":"https:\/\/visittartu.com\/et\/wp-json\/wp\/v2\/posts"}],"about":[{"href":"https:\/\/visittartu.com\/et\/wp-json\/wp\/v2\/types\/post"}],"author":[{"embeddable":true,"href":"https:\/\/visittartu.com\/et\/wp-json\/wp\/v2\/users\/17"}],"replies":[{"embeddable":true,"href":"https:\/\/visittartu.com\/et\/wp-json\/wp\/v2\/comments?post=221074"}],"version-history":[{"count":3,"href":"https:\/\/visittartu.com\/et\/wp-json\/wp\/v2\/posts\/221074\/revisions"}],"predecessor-version":[{"id":233191,"href":"https:\/\/visittartu.com\/et\/wp-json\/wp\/v2\/posts\/221074\/revisions\/233191"}],"wp:featuredmedia":[{"embeddable":true,"href":"https:\/\/visittartu.com\/et\/wp-json\/wp\/v2\/media\/221075"}],"wp:attachment":[{"href":"https:\/\/visittartu.com\/et\/wp-json\/wp\/v2\/media?parent=221074"}],"wp:term":[{"taxonomy":"category","embeddable":true,"href":"https:\/\/visittartu.com\/et\/wp-json\/wp\/v2\/categories?post=221074"},{"taxonomy":"post_tag","embeddable":true,"href":"https:\/\/visittartu.com\/et\/wp-json\/wp\/v2\/tags?post=221074"}],"curies":[{"name":"wp","href":"https:\/\/api.w.org\/{rel}","templated":true}]}}