 {"id":208815,"date":"2025-10-06T05:58:15","date_gmt":"2025-10-06T05:58:15","guid":{"rendered":"https:\/\/visittartu.com\/?p=208815"},"modified":"2025-10-06T05:58:15","modified_gmt":"2025-10-06T05:58:15","slug":"astri-arena-liuvali-sai-pidulikult-avatud","status":"publish","type":"post","link":"https:\/\/visittartu.com\/et\/astri-arena-liuvali-sai-pidulikult-avatud\/","title":{"rendered":"Astri Arena liuv\u00e4li sai pidulikult avatud"},"content":{"rendered":"<p><strong>Laup\u00e4eva \u00f5htul taasavati Tartus pidulikult Astri Arena liuv\u00e4li. Uuenenud j\u00e4\u00e4v\u00e4ljak t\u00f5i kohale linnajuhid, sporditegelased ja koost\u00f6\u00f6partnerid.<\/strong><\/p>\n<p>\u00d5htut juhtis Margus Ader, kes tutvustas Astri Arena uuendusi ja v\u00f5imalusi, mis muudavad nii k\u00fclastajate kui ka sportlaste elu lihtsamaks ja mugavamaks. Astri Arena tegevjuht Triin H\u00fctt ja linnapea Urmas Klaas tervitasid k\u00fclalisi k\u00f5nega, ning traditsioonilise lindi l\u00f5ikamise asemel kingiti linnapeale s\u00fcmboolselt Astri Arena logoga hokilitter.<\/p>\n<p>J\u00e4rgnes Tartu Uisukooli noorte uisutajate s\u00e4rav etteaste, mis p\u00e4lvis publiku poolt sooja aplausi.<\/p>\n<p>\u00d5htu j\u00e4tkus Tartu hoki esindusmeeskonna V\u00e4lk 494 hooaja esimese hokim\u00e4nguga Narva PSK vastu. Avam\u00e4ngu tutvustus ja energiline hokilahing pakkusid publikule rohkelt emotsioone ning t\u00f5id trib\u00fc\u00fcnid t\u00e4is f\u00e4nne ja spordis\u00f5pru. M\u00e4ng algas traditsiooniliselt Eesti h\u00fcmniga, mille esitas lummavalt Lilian Sauvola.<\/p>\n<p>Kuidas meeleolukas \u00f5htu m\u00f6\u00f6dus ja kes olid kohal \u2013 vaata galeriist!<\/p>\n<p><strong>Galerii leiate <\/strong><a href=\"https:\/\/drive.google.com\/drive\/folders\/14XYiTJNFVlqFpQaXd0x-lbj71KpRgLBP?usp=sharing\" target=\"_blank\" rel=\"noopener\"><strong>SIIT<\/strong><\/a><strong>.<\/strong><\/p>\n<p><em>Lisainfo: Kairika Kullasaar-Kudu, Astri Arena turundusspetsialist, +372 5624 0491 | <a href=\"mailto:kairika@astri.ee\">kairika@astri.ee, <\/a><a href=\"http:\/\/www.astri.ee\/arena\" target=\"_blank\" rel=\"noopener\">www.astri.ee\/arena<\/a>\u00a0<\/em><\/p>\n","protected":false},"excerpt":{"rendered":"<p>Laup\u00e4eva \u00f5htul taasavati Tartus pidulikult Astri Arena liuv\u00e4li. Uuenenud j\u00e4\u00e4v\u00e4ljak t\u00f5i kohale linnajuhid, sporditegelased ja koost\u00f6\u00f6partnerid. \u00d5htut juhtis Margus Ader, kes tutvustas Astri Arena uuendusi ja v\u00f5imalusi, mis muudavad nii k\u00fclastajate kui ka sportlaste elu lihtsamaks ja mugavamaks. Astri Arena tegevjuht Triin H\u00fctt ja linnapea Urmas Klaas tervitasid k\u00fclalisi k\u00f5nega, ning traditsioonilise lindi l\u00f5ikamise asemel [&hellip;]<\/p>\n","protected":false},"author":9,"featured_media":208841,"comment_status":"closed","ping_status":"closed","sticky":false,"template":"","format":"standard","meta":{"_acf_changed":false,"footnotes":""},"categories":[202],"tags":[213],"class_list":["post-208815","post","type-post","status-publish","format-standard","has-post-thumbnail","hentry","category-uudis","tag-sundmused"],"acf":[],"_links":{"self":[{"href":"https:\/\/visittartu.com\/et\/wp-json\/wp\/v2\/posts\/208815","targetHints":{"allow":["GET"]}}],"collection":[{"href":"https:\/\/visittartu.com\/et\/wp-json\/wp\/v2\/posts"}],"about":[{"href":"https:\/\/visittartu.com\/et\/wp-json\/wp\/v2\/types\/post"}],"author":[{"embeddable":true,"href":"https:\/\/visittartu.com\/et\/wp-json\/wp\/v2\/users\/9"}],"replies":[{"embeddable":true,"href":"https:\/\/visittartu.com\/et\/wp-json\/wp\/v2\/comments?post=208815"}],"version-history":[{"count":2,"href":"https:\/\/visittartu.com\/et\/wp-json\/wp\/v2\/posts\/208815\/revisions"}],"predecessor-version":[{"id":208932,"href":"https:\/\/visittartu.com\/et\/wp-json\/wp\/v2\/posts\/208815\/revisions\/208932"}],"wp:featuredmedia":[{"embeddable":true,"href":"https:\/\/visittartu.com\/et\/wp-json\/wp\/v2\/media\/208841"}],"wp:attachment":[{"href":"https:\/\/visittartu.com\/et\/wp-json\/wp\/v2\/media?parent=208815"}],"wp:term":[{"taxonomy":"category","embeddable":true,"href":"https:\/\/visittartu.com\/et\/wp-json\/wp\/v2\/categories?post=208815"},{"taxonomy":"post_tag","embeddable":true,"href":"https:\/\/visittartu.com\/et\/wp-json\/wp\/v2\/tags?post=208815"}],"curies":[{"name":"wp","href":"https:\/\/api.w.org\/{rel}","templated":true}]}}