 {"id":187427,"date":"2025-10-03T06:50:39","date_gmt":"2025-10-03T06:50:39","guid":{"rendered":"https:\/\/visittartu.com\/?p=187427"},"modified":"2025-10-03T07:00:13","modified_gmt":"2025-10-03T07:00:13","slug":"eva-mustonen-ja-lilli-kroot-repnau-tartu-kunstimajas","status":"publish","type":"post","link":"https:\/\/visittartu.com\/et\/eva-mustonen-ja-lilli-kroot-repnau-tartu-kunstimajas\/","title":{"rendered":"Eva Mustonen ja Lilli-Kr\u00f5\u00f5t Repnau Tartu Kunstimajas"},"content":{"rendered":"<p><strong>Reedel, 10. oktoobril kell 17.00 avatakse Tartu Kunstimaja monumentaalgaleriis Eva Mustoneni ja Lilli-Kr\u00f5\u00f5t Repnau \u00fchisn\u00e4itus \u201eV\u00e4ikesed narratiivid\u201d.<\/strong><\/p>\n<p>Mis saab siis, kui s\u00f5nad on jalutud? Komberdavad m\u00f6\u00f6da n\u00e4ituseruumi ringi ning vahivad piltidelt vastu? Kuidas s\u00f5nasabadest kinni saada? Nad otsivad t\u00e4hendust ja k\u00f5nnivad esemeid m\u00f6\u00f6da \u00fchelt objektilt teisele. Vaikelus osalevad \u00f5mblusmasin, p\u00e4evik, sinine jalatsiriiul, kitsepea, j\u00e4\u00e4karu, sinised joonistused ja s\u00f5najalad. K\u00f5ik on omamoodi vohav ja looklev ning vahel on keeruline seoseid leida.<\/p>\n<p>N\u00e4ituseprojekt V\u00e4ikesed narratiivid keskendub igap\u00e4evastele hetkedele, kunstipraktikale ja koosloomisele. M\u00f5lemad kunstnikud on oma loomingus kasutanud erinevaid loo jutustamise vorme ning t\u00f6\u00f6tanud s\u00f5nadega. Kuidas toime tulla j\u00e4rskude muutustega elus? Lilli: \u201eKunagi lapsep\u00f5lves kokku kukkudes muutus maailma sini-valgeks. N\u00e4gin k\u00fcll k\u00f5ike, aga tajusin \u00fcmbritsevat sini-valgena. See kummaline seisund kestis mitu n\u00e4dalat. Olen t\u00e4hele pannud, et aeg-ajalt olen tulnud tagasi nende siniste joonistuste juurde.\u201c M\u00f5te teha \u00fchine n\u00e4itus algas Eva p\u00e4eviku katkendist, mis jutustab loo Lillist ja l\u00f5vist. Eva: \u201ePeale insulti ma ei saanud r\u00e4\u00e4kida, kirjutada ega lugeda. Hakkasin kirjutama v\u00e4ikeseid lugusid. Kuidas on nii, et alguses on s\u00f5na ja p\u00e4rast nad j\u00f5uavad lauseni v\u00e4lja? Ja lugedes oli sarnane tunne nagu loeks v\u00f5\u00f5rkeeles. S\u00f5nad on nagu tuttavad, aga ma ei tea nende t\u00e4hendust.\u201c<\/p>\n<p>Kuidas suhelda omavahel p\u00e4rast afaasiat? Mil viisil \u00fcletada samm-sammult igap\u00e4evased takistused ning leida r\u00f5\u00f5mu v\u00e4ikestest asjadest. See on n\u00e4itus kahe kunstniku \u00fchisest teekonnast, s\u00f5prusest, otsingutest ja segadusest.<\/p>\n<p><strong>Eva Mustonen<\/strong> (s 1986) on \u00f5ppinud Tartu K\u00f5rgemas Kunstikoolis tekstiili (BA, 2010), G\u00f6teborgi \u00dclikoolis (HDK) tekstiilikunsti (MA, 2012) ning Eesti Kunstiakadeemias skulptuuri ja installatsiooni erialal (MA, 2018). Lisaks on ta osalenud grupin\u00e4itustel Eestis, Rootsis ja Leedus. 2014. aasta loomingu eest omistati talle aasta noore tekstiilikunstniku preemia ning 2017. aastal Eduard Wiiralti stipendium.<\/p>\n<p><strong>Lilli-Kr\u00f5\u00f5t Repnau<\/strong> (s 1982) on l\u00f5petanud Eesti Kunstiakadeemia graafikaosakonna aastal 2005 ja magistri\u00f5pingud animatsiooni valdkonnas aastal 2015. Lisaks on ta end \u00f5pingute k\u00e4igus t\u00e4iendanud \u0160veitsis, Lutserni \u00dclikooli Kunsti- ja Disainikolled\u017ei videoosakonnas. Aastal 2010 tunnustati tema graafikaloomingut Edmund Valtmani stipendiumiga. Ta on Eesti Kunstnike Liidu ja Eesti Vabagraafikute \u00dchenduse liige.<\/p>\n<p>N\u00e4itust toetab Eesti Kultuurkapital.<\/p>\n<p><strong>N\u00e4itus j\u00e4\u00e4b avatuks 9. novembrini.<\/strong><\/p>\n<p>&nbsp;<\/p>\n<p><em>Lisainfo: Maret Tamme, Tartu Kunstimaja produtsent, produtsent@kunstimaja.ee, 5800 3882<\/em><\/p>\n<p><a href=\"http:\/\/www.kunstimaja.ee\" target=\"_blank\" rel=\"noopener\">www.kunstimaja.ee<\/a><br \/>\n<a href=\"http:\/\/facebook.com\/kunstimaja\" target=\"_blank\" rel=\"noopener\">facebook.com\/kunstimaja<\/a><\/p>\n<p><strong>Tartu Kunstimaja (Vanemuise 26) on avatud K\u2013E 12.00\u201318.00. N\u00e4itused on tasuta.<\/strong><br \/>\nTartu Kunstimaja n\u00e4itusetegevust toetavad Tartu Linnavalitsus ja Eesti Kultuurkapital.<\/p>\n","protected":false},"excerpt":{"rendered":"<p>Reedel, 10. oktoobril kell 17.00 avatakse Tartu Kunstimaja monumentaalgaleriis Eva Mustoneni ja Lilli-Kr\u00f5\u00f5t Repnau \u00fchisn\u00e4itus \u201eV\u00e4ikesed narratiivid\u201d. Mis saab siis, kui s\u00f5nad on jalutud? Komberdavad m\u00f6\u00f6da n\u00e4ituseruumi ringi ning vahivad piltidelt vastu? Kuidas s\u00f5nasabadest kinni saada? Nad otsivad t\u00e4hendust ja k\u00f5nnivad esemeid m\u00f6\u00f6da \u00fchelt objektilt teisele. Vaikelus osalevad \u00f5mblusmasin, p\u00e4evik, sinine jalatsiriiul, kitsepea, j\u00e4\u00e4karu, sinised [&hellip;]<\/p>\n","protected":false},"author":17,"featured_media":187463,"comment_status":"closed","ping_status":"closed","sticky":false,"template":"","format":"standard","meta":{"_acf_changed":false,"footnotes":""},"categories":[202],"tags":[260],"class_list":["post-187427","post","type-post","status-publish","format-standard","has-post-thumbnail","hentry","category-uudis","tag-naitus"],"acf":[],"_links":{"self":[{"href":"https:\/\/visittartu.com\/et\/wp-json\/wp\/v2\/posts\/187427","targetHints":{"allow":["GET"]}}],"collection":[{"href":"https:\/\/visittartu.com\/et\/wp-json\/wp\/v2\/posts"}],"about":[{"href":"https:\/\/visittartu.com\/et\/wp-json\/wp\/v2\/types\/post"}],"author":[{"embeddable":true,"href":"https:\/\/visittartu.com\/et\/wp-json\/wp\/v2\/users\/17"}],"replies":[{"embeddable":true,"href":"https:\/\/visittartu.com\/et\/wp-json\/wp\/v2\/comments?post=187427"}],"version-history":[{"count":3,"href":"https:\/\/visittartu.com\/et\/wp-json\/wp\/v2\/posts\/187427\/revisions"}],"predecessor-version":[{"id":187473,"href":"https:\/\/visittartu.com\/et\/wp-json\/wp\/v2\/posts\/187427\/revisions\/187473"}],"wp:featuredmedia":[{"embeddable":true,"href":"https:\/\/visittartu.com\/et\/wp-json\/wp\/v2\/media\/187463"}],"wp:attachment":[{"href":"https:\/\/visittartu.com\/et\/wp-json\/wp\/v2\/media?parent=187427"}],"wp:term":[{"taxonomy":"category","embeddable":true,"href":"https:\/\/visittartu.com\/et\/wp-json\/wp\/v2\/categories?post=187427"},{"taxonomy":"post_tag","embeddable":true,"href":"https:\/\/visittartu.com\/et\/wp-json\/wp\/v2\/tags?post=187427"}],"curies":[{"name":"wp","href":"https:\/\/api.w.org\/{rel}","templated":true}]}}