 {"id":186262,"date":"2025-09-23T09:45:55","date_gmt":"2025-09-23T09:45:55","guid":{"rendered":"https:\/\/visittartu.com\/?p=186262"},"modified":"2025-09-23T09:45:55","modified_gmt":"2025-09-23T09:45:55","slug":"tartu-joululinn-kutsub-kohvikupidajaid-kandideerima","status":"publish","type":"post","link":"https:\/\/visittartu.com\/et\/tartu-joululinn-kutsub-kohvikupidajaid-kandideerima\/","title":{"rendered":"Tartu j\u00f5ululinn kutsub kohvikupidajaid kandideerima"},"content":{"rendered":"<p><strong>Kuni 5. oktoobrini\u00a0on avatud kandideerimine toitlustajatele ja toidukaupade m\u00fc\u00fcjatele, kes soovivad tegutseda Tartu j\u00f5ululinna paviljonides. J\u00f5ululinn raekoja platsil avatakse 30. novembril.\u00a0<\/strong><\/p>\n<p>Kaubandustegevus algab paviljonides j\u00f5ululinna avap\u00e4eval. Kohvikuteks on sel korral ette n\u00e4htud kaks paviljoni, m\u00f5lemas tegutseb korraga \u00fcks kaupleja. J\u00f5ulukohvik on avatud 30.11.2025\u201304.01.2026 ning uisukohvik 30.11.2025\u201301.03.2026.<\/p>\n<p>Kandideerimine toimub Tartu linnaportaali kaudu kuni 5. oktoobrini. Taotluses peab olema esitatud pakutav men\u00fc\u00fc koos kirjelduse ja hindadega ning lisatud sisekujunduse ideed ja m\u00fc\u00fcjate t\u00f6\u00f6riietuse kirjeldus koos fotodega. Men\u00fc\u00fc sobivust hinnatakse arvestades j\u00f5ululinna tehnilisi v\u00f5imalusi, asukohta ja aastaaega. Taotlusi hindab viieliikmeline komisjon.<\/p>\n<p>Rohkem infot kandideerimise kohta leiab<a href=\"http:\/\/tartukorraldab.ee\/joululinn\/kohvikute-konkurss\/\" target=\"_blank\" rel=\"noopener\"> siit<\/a>.<\/p>\n<p>Kandideerimine toimub l\u00e4bi <a href=\"https:\/\/linnaportaal.tartu.ee\/tartujoululinn\/eelvaade_info\" target=\"_blank\" rel=\"noopener\">Tartu linnaportaali<\/a>.<\/p>\n<p>Konkursi tulemused tehakse teatavaks hiljemalt 15. oktoobril.<\/p>\n<p><em>Lisainfo: Tartu j\u00f5ululinna projektijuht Maarja Liba, maarja.liba@tartu.ee \u00a0<\/em><\/p>\n","protected":false},"excerpt":{"rendered":"<p>Kuni 5. oktoobrini\u00a0on avatud kandideerimine toitlustajatele ja toidukaupade m\u00fc\u00fcjatele, kes soovivad tegutseda Tartu j\u00f5ululinna paviljonides. J\u00f5ululinn raekoja platsil avatakse 30. novembril.\u00a0 Kaubandustegevus algab paviljonides j\u00f5ululinna avap\u00e4eval. Kohvikuteks on sel korral ette n\u00e4htud kaks paviljoni, m\u00f5lemas tegutseb korraga \u00fcks kaupleja. J\u00f5ulukohvik on avatud 30.11.2025\u201304.01.2026 ning uisukohvik 30.11.2025\u201301.03.2026. Kandideerimine toimub Tartu linnaportaali kaudu kuni 5. oktoobrini. Taotluses [&hellip;]<\/p>\n","protected":false},"author":9,"featured_media":186263,"comment_status":"closed","ping_status":"closed","sticky":false,"template":"","format":"standard","meta":{"_acf_changed":false,"footnotes":""},"categories":[1453,202],"tags":[],"class_list":["post-186262","post","type-post","status-publish","format-standard","has-post-thumbnail","hentry","category-toidupiirkond","category-uudis"],"acf":[],"_links":{"self":[{"href":"https:\/\/visittartu.com\/et\/wp-json\/wp\/v2\/posts\/186262","targetHints":{"allow":["GET"]}}],"collection":[{"href":"https:\/\/visittartu.com\/et\/wp-json\/wp\/v2\/posts"}],"about":[{"href":"https:\/\/visittartu.com\/et\/wp-json\/wp\/v2\/types\/post"}],"author":[{"embeddable":true,"href":"https:\/\/visittartu.com\/et\/wp-json\/wp\/v2\/users\/9"}],"replies":[{"embeddable":true,"href":"https:\/\/visittartu.com\/et\/wp-json\/wp\/v2\/comments?post=186262"}],"version-history":[{"count":2,"href":"https:\/\/visittartu.com\/et\/wp-json\/wp\/v2\/posts\/186262\/revisions"}],"predecessor-version":[{"id":186269,"href":"https:\/\/visittartu.com\/et\/wp-json\/wp\/v2\/posts\/186262\/revisions\/186269"}],"wp:featuredmedia":[{"embeddable":true,"href":"https:\/\/visittartu.com\/et\/wp-json\/wp\/v2\/media\/186263"}],"wp:attachment":[{"href":"https:\/\/visittartu.com\/et\/wp-json\/wp\/v2\/media?parent=186262"}],"wp:term":[{"taxonomy":"category","embeddable":true,"href":"https:\/\/visittartu.com\/et\/wp-json\/wp\/v2\/categories?post=186262"},{"taxonomy":"post_tag","embeddable":true,"href":"https:\/\/visittartu.com\/et\/wp-json\/wp\/v2\/tags?post=186262"}],"curies":[{"name":"wp","href":"https:\/\/api.w.org\/{rel}","templated":true}]}}