 {"id":185802,"date":"2025-09-15T06:05:38","date_gmt":"2025-09-15T06:05:38","guid":{"rendered":"https:\/\/visittartu.com\/?p=185802"},"modified":"2025-09-15T06:05:38","modified_gmt":"2025-09-15T06:05:38","slug":"tartu-kunstimuuseumis-selle-aasta-eelviimane-seenioride-reede-eriprogramm-2","status":"publish","type":"post","link":"https:\/\/visittartu.com\/et\/tartu-kunstimuuseumis-selle-aasta-eelviimane-seenioride-reede-eriprogramm-2\/","title":{"rendered":"Tartu Kunstimuuseumis selle aasta eelviimane \u201eSeenioride reede\u201c eriprogramm"},"content":{"rendered":"<p><strong>K\u00f5ik v\u00e4\u00e4rikas eas kunstinautijad on taas oodatud \u201eSeenioride reede\u201c eriprogrammile.<\/strong><\/p>\n<p>Selle aasta eelviimane \u201eSeenioride reede\u201c eriprogramm toimub\u00a0 26. septembril kell 13.00. Kuraatorid Kai Lobjakas ja Ketli Tiitsar tutvustavad v\u00e4ljapanekut \u201eKohalik ilu. Tallinna Juveelitehas\u201c, mis keskendub tehase p\u00e4randile 50ndate algusest kuni 90ndate aastate keskpaigani.<\/p>\n<p>N\u00e4itusetuur kestab 1 tund. Osalemiseks on vaja soetada \u00fche-eurone n\u00e4itusepilet, millega p\u00e4\u00e4seb soovi korral p\u00e4rast tuuri vaatama k\u00f5iki v\u00e4ljapanekuid.<\/p>\n<p>Lisaks saab uudistada muuseumi esimesel korrusel viimaseid p\u00e4evi avatud n\u00e4itust \u201eKarin Luts. Pildid reisidelt\u201d. V\u00e4ljapanekul on eksponeeritud hulgaliselt kunstniku varem n\u00e4gemata akvarelle ja joonistusi. Teisel korrusel avatud Terje Ojaveri isikun\u00e4itust \u201eUssipulm\u201c. Projektiruumis on k\u00fclastamiseks avatud Viktoria Berezina isikun\u00e4itus \u201eM\u00fcrast moodustuv n\u00e4gu\u201c.<\/p>\n<p>Eakatele m\u00f5eldud programmi tegevuse p\u00f5hisisuks on kuu viimasel reedel toimuvad n\u00e4itusek\u00fclastused koos giidiga, mille k\u00e4igus tutvustatakse erinevaid Tartu Kunstimuuseumi n\u00e4ituseid. P\u00e4rast v\u00e4ljapanekutega tutvumist saab haridusklassis m\u00f5nusas seltskonnas teed juues ja k\u00fcpsiseid s\u00fc\u00fces kunstimuljed vahetada ning muudel huvitavatel teemadel arutleda.<\/p>\n<p>Selle aasta viimane \u201eSeenioride reede\u201c ekskursioon Tartu Kunstimuuseumi viltuses majas (Raekoja plats 18) toimub 28. novembril.<\/p>\n<p><em>Lisainfo: Katrin L\u00f5oke, Kommunikatsiooni- ja turundusspetsialist, E-post:\u00a0<a href=\"mailto:katrin.looke@tartmus.ee\">katrin.looke@tartmus.ee, <\/a>Tel: +372 51980660<\/em><\/p>\n","protected":false},"excerpt":{"rendered":"<p>K\u00f5ik v\u00e4\u00e4rikas eas kunstinautijad on taas oodatud \u201eSeenioride reede\u201c eriprogrammile. Selle aasta eelviimane \u201eSeenioride reede\u201c eriprogramm toimub\u00a0 26. septembril kell 13.00. Kuraatorid Kai Lobjakas ja Ketli Tiitsar tutvustavad v\u00e4ljapanekut \u201eKohalik ilu. Tallinna Juveelitehas\u201c, mis keskendub tehase p\u00e4randile 50ndate algusest kuni 90ndate aastate keskpaigani. N\u00e4itusetuur kestab 1 tund. Osalemiseks on vaja soetada \u00fche-eurone n\u00e4itusepilet, millega p\u00e4\u00e4seb [&hellip;]<\/p>\n","protected":false},"author":9,"featured_media":185803,"comment_status":"closed","ping_status":"closed","sticky":false,"template":"","format":"standard","meta":{"_acf_changed":false,"footnotes":""},"categories":[202],"tags":[230,213],"class_list":["post-185802","post","type-post","status-publish","format-standard","has-post-thumbnail","hentry","category-uudis","tag-muuseum","tag-sundmused"],"acf":[],"_links":{"self":[{"href":"https:\/\/visittartu.com\/et\/wp-json\/wp\/v2\/posts\/185802","targetHints":{"allow":["GET"]}}],"collection":[{"href":"https:\/\/visittartu.com\/et\/wp-json\/wp\/v2\/posts"}],"about":[{"href":"https:\/\/visittartu.com\/et\/wp-json\/wp\/v2\/types\/post"}],"author":[{"embeddable":true,"href":"https:\/\/visittartu.com\/et\/wp-json\/wp\/v2\/users\/9"}],"replies":[{"embeddable":true,"href":"https:\/\/visittartu.com\/et\/wp-json\/wp\/v2\/comments?post=185802"}],"version-history":[{"count":2,"href":"https:\/\/visittartu.com\/et\/wp-json\/wp\/v2\/posts\/185802\/revisions"}],"predecessor-version":[{"id":185809,"href":"https:\/\/visittartu.com\/et\/wp-json\/wp\/v2\/posts\/185802\/revisions\/185809"}],"wp:featuredmedia":[{"embeddable":true,"href":"https:\/\/visittartu.com\/et\/wp-json\/wp\/v2\/media\/185803"}],"wp:attachment":[{"href":"https:\/\/visittartu.com\/et\/wp-json\/wp\/v2\/media?parent=185802"}],"wp:term":[{"taxonomy":"category","embeddable":true,"href":"https:\/\/visittartu.com\/et\/wp-json\/wp\/v2\/categories?post=185802"},{"taxonomy":"post_tag","embeddable":true,"href":"https:\/\/visittartu.com\/et\/wp-json\/wp\/v2\/tags?post=185802"}],"curies":[{"name":"wp","href":"https:\/\/api.w.org\/{rel}","templated":true}]}}