 {"id":185709,"date":"2025-09-11T12:51:01","date_gmt":"2025-09-11T12:51:01","guid":{"rendered":"https:\/\/visittartu.com\/?p=185709"},"modified":"2025-09-11T12:51:01","modified_gmt":"2025-09-11T12:51:01","slug":"esmakordselt-tartus-graafik-evi-tihemetsa-ja-fotograaf-kaupo-kikkase-uhisnaitus","status":"publish","type":"post","link":"https:\/\/visittartu.com\/et\/esmakordselt-tartus-graafik-evi-tihemetsa-ja-fotograaf-kaupo-kikkase-uhisnaitus\/","title":{"rendered":"Esmakordselt Tartus: graafik Evi Tihemetsa ja fotograaf Kaupo Kikkase \u00fchisn\u00e4itus"},"content":{"rendered":"<p><strong>Alates 19. septembrist on galeriis Pallas avatud \u00fchisn\u00e4itus \u201eKohtumine: Evi Tihemets ja Kaupo Kikkas\u201c, mis on j\u00e4tk aasta tagasi alguse saanud koost\u00f6\u00f6le.<\/strong><\/p>\n<p>Evi Tihemets (1932) on alates 1950ndatest j\u00e4\u00e4dvustanud Eesti maastikku ja selles peituvaid j\u00e4lgi inimese kohalolust. Ligi 60 aastat hiljem tegi samalaadseid r\u00e4nnakuid Kaupo Kikkas (1983), mille tulemusena valmis audiovisuaalne teos \u201eJ\u00e4ljed\u201c (koost\u00f6\u00f6s muusik Erki P\u00e4rnojaga). Tihemets oli \u00fcks esimesi, kes Kikkase loomingut n\u00e4hes tundis \u00e4ra sarnase maailma- ja kunstitunnetuse, mis kahte inimest v\u00f5ib siduda siin ja praegu, aga ka aegade \u00fcleselt. Alguse sai s\u00f5prus ja \u00fchine n\u00e4ituste teekond.<\/p>\n<ol start=\"2024\">\n<li>aasta s\u00fcgisel toimus Evi Tihemetsa ja Kaupo Kikkase esimene \u00fchisn\u00e4itus Tallinnas Krulli kvartalis, mille j\u00e4rgselt sai selgeks, et tegemist ei saa olla \u00fchekordse projektiga, vaid see on alles algus. N\u00fc\u00fcd ongi kunstnikud koos Tartus, kus galerii Pallase ruumid on v\u00f5imaldanud arendada n\u00e4itust edasi ning tulla publiku ette suurema teoste valikuga.<\/li>\n<\/ol>\n<p>\u201eKoost\u00f6\u00f6 Evi ja Kaupoga on andnud veelgi s\u00fcgavama arusaamise kunsti \u00fcleelusuurusest j\u00f5ust \u2013 p\u00f5lvkonnad vahetuvad, kuid inimestena naaseme ikka samade k\u00fcsimuste juurde ja oleme \u00fcksteisele l\u00e4hemal, kui arvata oskame,\u201c s\u00f5nas kuraator Kadri Asmer.<\/p>\n<p>Lisaks graafika- ja fotokunstile on galeriiruumidesse loodud ka heli- ja videoprojektsioone, mis p\u00f5hinevad nii Tihemetsa kui Kikkase loomingul.<\/p>\n<p>N\u00e4itus j\u00e4\u00e4b avatuks kuni 18. oktoobrini. Kunstniku- ja kuraatorituurid toimuvad 24. septembril kl 17 (Kaupo Kikkas) ja 11. oktoobril kl 15 (Kadri Asmer).<\/p>\n<p>Toetajad: Eesti Kultuurkapital, K\u00f5rgem Kunstikool Pallas.<\/p>\n<p><em>Lisainfo: Kadri Asmer, kuraator, <a href=\"mailto:kadri.asmer@gmail.com\">kadri.asmer@gmail.com<\/a>, 529 9994<\/em><\/p>\n<p>&nbsp;<\/p>\n","protected":false},"excerpt":{"rendered":"<p>Alates 19. septembrist on galeriis Pallas avatud \u00fchisn\u00e4itus \u201eKohtumine: Evi Tihemets ja Kaupo Kikkas\u201c, mis on j\u00e4tk aasta tagasi alguse saanud koost\u00f6\u00f6le. Evi Tihemets (1932) on alates 1950ndatest j\u00e4\u00e4dvustanud Eesti maastikku ja selles peituvaid j\u00e4lgi inimese kohalolust. Ligi 60 aastat hiljem tegi samalaadseid r\u00e4nnakuid Kaupo Kikkas (1983), mille tulemusena valmis audiovisuaalne teos \u201eJ\u00e4ljed\u201c (koost\u00f6\u00f6s muusik [&hellip;]<\/p>\n","protected":false},"author":9,"featured_media":185710,"comment_status":"closed","ping_status":"closed","sticky":false,"template":"","format":"standard","meta":{"_acf_changed":false,"footnotes":""},"categories":[202],"tags":[260],"class_list":["post-185709","post","type-post","status-publish","format-standard","has-post-thumbnail","hentry","category-uudis","tag-naitus"],"acf":[],"_links":{"self":[{"href":"https:\/\/visittartu.com\/et\/wp-json\/wp\/v2\/posts\/185709","targetHints":{"allow":["GET"]}}],"collection":[{"href":"https:\/\/visittartu.com\/et\/wp-json\/wp\/v2\/posts"}],"about":[{"href":"https:\/\/visittartu.com\/et\/wp-json\/wp\/v2\/types\/post"}],"author":[{"embeddable":true,"href":"https:\/\/visittartu.com\/et\/wp-json\/wp\/v2\/users\/9"}],"replies":[{"embeddable":true,"href":"https:\/\/visittartu.com\/et\/wp-json\/wp\/v2\/comments?post=185709"}],"version-history":[{"count":2,"href":"https:\/\/visittartu.com\/et\/wp-json\/wp\/v2\/posts\/185709\/revisions"}],"predecessor-version":[{"id":185716,"href":"https:\/\/visittartu.com\/et\/wp-json\/wp\/v2\/posts\/185709\/revisions\/185716"}],"wp:featuredmedia":[{"embeddable":true,"href":"https:\/\/visittartu.com\/et\/wp-json\/wp\/v2\/media\/185710"}],"wp:attachment":[{"href":"https:\/\/visittartu.com\/et\/wp-json\/wp\/v2\/media?parent=185709"}],"wp:term":[{"taxonomy":"category","embeddable":true,"href":"https:\/\/visittartu.com\/et\/wp-json\/wp\/v2\/categories?post=185709"},{"taxonomy":"post_tag","embeddable":true,"href":"https:\/\/visittartu.com\/et\/wp-json\/wp\/v2\/tags?post=185709"}],"curies":[{"name":"wp","href":"https:\/\/api.w.org\/{rel}","templated":true}]}}