 {"id":185592,"date":"2025-09-09T13:30:01","date_gmt":"2025-09-09T13:30:01","guid":{"rendered":"https:\/\/visittartu.com\/?p=185592"},"modified":"2025-09-09T13:30:01","modified_gmt":"2025-09-09T13:30:01","slug":"tartu-ulikool-toob-tartusse-kaitumisgeneetika-konverentsi","status":"publish","type":"post","link":"https:\/\/visittartu.com\/et\/tartu-ulikool-toob-tartusse-kaitumisgeneetika-konverentsi\/","title":{"rendered":"Tartu \u00dclikool toob Tartusse 2028. aastal k\u00e4itumisgeneetika assotsiatsiooni aastakonverentsi"},"content":{"rendered":"<p><strong>Eesti geeniteadus on suurel pildil! Tartu \u00dclikooi k\u00e4itumisgeneetika professori Uku Vainiku ning neurops\u00fchhiaatrilise geneetika kaasprofessori Kelli Lehto eestvedamisel v\u00f5ideti Tartusse 2028. aastaks The Annual Meeting of the Behavior Genetics Association. Konkureeriti Berliiniga, keda v\u00f5ideti 54% h\u00e4\u00e4lteenamusega.<\/strong><\/p>\n<p>Peale 2027. aasta konverentsi Minnesotas, USA-s, toimub BGA konverents 2028. aasta juuni l\u00f5pus Tartus. Toimumisaeg annab konverentsil osalejatele suurep\u00e4rase v\u00f5imaluse oma Eestis viibimist pikendada, kogedes Eesti jaanip\u00e4eva v\u00f5i saades osa \u00fcld- ja noorte tantsupeost Tallinnas juuli alguses.<\/p>\n<p>Konverentsile on oodata ligi 200 valdkonna spetsialisti \u00fcle maailma. Pakkumine konverentsi v\u00f5\u00f5rustamiseks esitati koost\u00f6\u00f6s Publicon PCO-ga <a href=\"https:\/\/www.ecb.ee\/et\/konverentsi-korraldusoiguse-taotlemise-programm\/\" target=\"_blank\" rel=\"noopener\">bidding programmi<\/a> toel.<\/p>\n","protected":false},"excerpt":{"rendered":"<p>Eesti geeniteadus on suurel pildil! Tartu \u00dclikooi k\u00e4itumisgeneetika professori Uku Vainiku ning neurops\u00fchhiaatrilise geneetika kaasprofessori Kelli Lehto eestvedamisel v\u00f5ideti Tartusse 2028. aastaks The Annual Meeting of the Behavior Genetics Association. Konkureeriti Berliiniga, keda v\u00f5ideti 54% h\u00e4\u00e4lteenamusega. Peale 2027. aasta konverentsi Minnesotas, USA-s, toimub BGA konverents 2028. aasta juuni l\u00f5pus Tartus. Toimumisaeg annab konverentsil osalejatele suurep\u00e4rase [&hellip;]<\/p>\n","protected":false},"author":22,"featured_media":184972,"comment_status":"closed","ping_status":"closed","sticky":false,"template":"","format":"standard","meta":{"_acf_changed":false,"footnotes":""},"categories":[202],"tags":[251],"class_list":["post-185592","post","type-post","status-publish","format-standard","has-post-thumbnail","hentry","category-uudis","tag-konverents"],"acf":[],"_links":{"self":[{"href":"https:\/\/visittartu.com\/et\/wp-json\/wp\/v2\/posts\/185592","targetHints":{"allow":["GET"]}}],"collection":[{"href":"https:\/\/visittartu.com\/et\/wp-json\/wp\/v2\/posts"}],"about":[{"href":"https:\/\/visittartu.com\/et\/wp-json\/wp\/v2\/types\/post"}],"author":[{"embeddable":true,"href":"https:\/\/visittartu.com\/et\/wp-json\/wp\/v2\/users\/22"}],"replies":[{"embeddable":true,"href":"https:\/\/visittartu.com\/et\/wp-json\/wp\/v2\/comments?post=185592"}],"version-history":[{"count":3,"href":"https:\/\/visittartu.com\/et\/wp-json\/wp\/v2\/posts\/185592\/revisions"}],"predecessor-version":[{"id":185606,"href":"https:\/\/visittartu.com\/et\/wp-json\/wp\/v2\/posts\/185592\/revisions\/185606"}],"wp:featuredmedia":[{"embeddable":true,"href":"https:\/\/visittartu.com\/et\/wp-json\/wp\/v2\/media\/184972"}],"wp:attachment":[{"href":"https:\/\/visittartu.com\/et\/wp-json\/wp\/v2\/media?parent=185592"}],"wp:term":[{"taxonomy":"category","embeddable":true,"href":"https:\/\/visittartu.com\/et\/wp-json\/wp\/v2\/categories?post=185592"},{"taxonomy":"post_tag","embeddable":true,"href":"https:\/\/visittartu.com\/et\/wp-json\/wp\/v2\/tags?post=185592"}],"curies":[{"name":"wp","href":"https:\/\/api.w.org\/{rel}","templated":true}]}}