 {"id":185310,"date":"2025-09-08T06:11:19","date_gmt":"2025-09-08T06:11:19","guid":{"rendered":"https:\/\/visittartu.com\/?p=185310"},"modified":"2025-09-08T06:11:19","modified_gmt":"2025-09-08T06:11:19","slug":"sugishooaja-esimene-tartu-kunstinadal-kutsub-kunstisopru-tartu-kunstimuuseumisse","status":"publish","type":"post","link":"https:\/\/visittartu.com\/et\/sugishooaja-esimene-tartu-kunstinadal-kutsub-kunstisopru-tartu-kunstimuuseumisse\/","title":{"rendered":"S\u00fcgishooaja esimene Tartu Kunstin\u00e4dal kutsub kunstis\u00f5pru Tartu Kunstimuuseumisse"},"content":{"rendered":"<p><strong>Iga kuu teisel n\u00e4dalal toimuv Tartu Kunstin\u00e4dal toob kunstis\u00f5pradeni eriilmelisi s\u00fcndmusi ja v\u00f5imaluse avastada Tartu kunstiasutute tagatubasid. 8.-14. septembrini on fookuse Tartu Kunstimuuseum, kes tutvustab oma asutuse tegemisi, t\u00f6\u00f6tajaid ja ajalugu.<\/strong><\/p>\n<p>Tartu Kunstimuuseumi n\u00e4itusemaja asub Tartu s\u00fcdalinnas, Raekoja platsi silmatorkavamas hoones Viltuses majas, mille kalle on 5,8-kraadi, \u00fcletades isegi Pisa torni kaldenurga. N\u00e4itused toimuvad Raekoja plats 18 majas juba alates 1988. aastast.<\/p>\n<p>Tartmusis on avatud veel viimaseid n\u00e4dalaid, 28. septembrini neli eriilmelist n\u00e4itust. Esimesel korrusel saab heita pilgu Karin Lutsu p\u00e4evikutele ja reisielamustele v\u00e4ljapanekul \u201eKarin Luts. Pildid reisidelt\u201c, kus on eksponeeritud hulgaliselt kunstniku varem n\u00e4gemata akvarelle ja joonistusi. Teisel korrusel saab avastada Eesti kaasaegse skulptuuri klassiku Terje Ojaveri isikun\u00e4itust \u201eUssipulm\u201c, kus on eksponeeritud veriv\u00e4rskeid teoseid k\u00f5rvuti valikuga varasemast loomingust. Kolmandal korrusel viib n\u00e4itus \u201eKohalik ilu. Tallinna Juveelitehas\u201c nostalgilisele r\u00e4nnakule, tuues fookusesse tehase loomingulise p\u00e4randi 50ndate algusest kuni 90ndate aastate keskpaigani. Projektiruumis saab n\u00e4ha Viktoria Berezina isikun\u00e4itust \u201eM\u00fcrast moodustuv n\u00e4gu\u201c, mis kuulub noori Tartu kunstnikke esile toovasse n\u00e4itusesarja.<\/p>\n<p>Kunstin\u00e4dala raames toimub neljap\u00e4eval surmauurija Karl K\u00e4snapuu loeng ning vanavanemate p\u00e4eval ootab muuseum lapsi koos (vana)vanematega ehete valmistamise t\u00f6\u00f6tuppa, mida viib l\u00e4bi ehtekunstnik Maarja Niinem\u00e4gi. Lisaks Tartu Kunstimuuseumi n\u00e4itustele ja seal toimuvatele \u00fcritusele on v\u00f5imalik osa v\u00f5tta ka n\u00e4iteks Tartu Kunstimaja laste kunstip\u00e4evast ja k\u00fclastada n\u00e4ituseid teistes kunstigaleriides.<\/p>\n<p>N\u00e4dala jooksul jagatakse Tartu Kunstimuuseumi ja Tartu Kunstin\u00e4dala sotsiaalmeedia kanalites erinevat sisu, mis tutvustab muuseumi ja selle tegevusi.<\/p>\n<p>K\u00f5ik Kunstin\u00e4dala \u00fcritused on tasuta v\u00f5i muuseumipiletiga. Kunstin\u00e4dalaga k\u00e4ib kaasas Tartu kunstikaart, mis on saadaval igas Tartu kunstiasutuses.<\/p>\n<p>T\u00e4psem programm on leitav <a href=\"https:\/\/fb.me\/e\/3DmXO3GxQ\" target=\"_blank\" rel=\"noopener\">siit<\/a>.<\/p>\n<p><em>Lisainfo: Stella M\u00f5ttus, Tel: +372 5599 9609, E-post: <a href=\"mailto:tartuartweek@gmail.com\">tartuartweek@gmail.com<\/a><\/em><\/p>\n","protected":false},"excerpt":{"rendered":"<p>Iga kuu teisel n\u00e4dalal toimuv Tartu Kunstin\u00e4dal toob kunstis\u00f5pradeni eriilmelisi s\u00fcndmusi ja v\u00f5imaluse avastada Tartu kunstiasutute tagatubasid. 8.-14. septembrini on fookuse Tartu Kunstimuuseum, kes tutvustab oma asutuse tegemisi, t\u00f6\u00f6tajaid ja ajalugu. Tartu Kunstimuuseumi n\u00e4itusemaja asub Tartu s\u00fcdalinnas, Raekoja platsi silmatorkavamas hoones Viltuses majas, mille kalle on 5,8-kraadi, \u00fcletades isegi Pisa torni kaldenurga. N\u00e4itused toimuvad Raekoja [&hellip;]<\/p>\n","protected":false},"author":9,"featured_media":185311,"comment_status":"closed","ping_status":"closed","sticky":false,"template":"","format":"standard","meta":{"_acf_changed":false,"footnotes":""},"categories":[202],"tags":[230,213],"class_list":["post-185310","post","type-post","status-publish","format-standard","has-post-thumbnail","hentry","category-uudis","tag-muuseum","tag-sundmused"],"acf":[],"_links":{"self":[{"href":"https:\/\/visittartu.com\/et\/wp-json\/wp\/v2\/posts\/185310","targetHints":{"allow":["GET"]}}],"collection":[{"href":"https:\/\/visittartu.com\/et\/wp-json\/wp\/v2\/posts"}],"about":[{"href":"https:\/\/visittartu.com\/et\/wp-json\/wp\/v2\/types\/post"}],"author":[{"embeddable":true,"href":"https:\/\/visittartu.com\/et\/wp-json\/wp\/v2\/users\/9"}],"replies":[{"embeddable":true,"href":"https:\/\/visittartu.com\/et\/wp-json\/wp\/v2\/comments?post=185310"}],"version-history":[{"count":2,"href":"https:\/\/visittartu.com\/et\/wp-json\/wp\/v2\/posts\/185310\/revisions"}],"predecessor-version":[{"id":185317,"href":"https:\/\/visittartu.com\/et\/wp-json\/wp\/v2\/posts\/185310\/revisions\/185317"}],"wp:featuredmedia":[{"embeddable":true,"href":"https:\/\/visittartu.com\/et\/wp-json\/wp\/v2\/media\/185311"}],"wp:attachment":[{"href":"https:\/\/visittartu.com\/et\/wp-json\/wp\/v2\/media?parent=185310"}],"wp:term":[{"taxonomy":"category","embeddable":true,"href":"https:\/\/visittartu.com\/et\/wp-json\/wp\/v2\/categories?post=185310"},{"taxonomy":"post_tag","embeddable":true,"href":"https:\/\/visittartu.com\/et\/wp-json\/wp\/v2\/tags?post=185310"}],"curies":[{"name":"wp","href":"https:\/\/api.w.org\/{rel}","templated":true}]}}