 {"id":184225,"date":"2025-08-19T08:31:24","date_gmt":"2025-08-19T08:31:24","guid":{"rendered":"https:\/\/visittartu.com\/?p=184225"},"modified":"2025-08-19T08:31:24","modified_gmt":"2025-08-19T08:31:24","slug":"tartu-tahistab-eesti-iseseisvuse-taastamise-paeva","status":"publish","type":"post","link":"https:\/\/visittartu.com\/et\/tartu-tahistab-eesti-iseseisvuse-taastamise-paeva\/","title":{"rendered":"Tartu t\u00e4histab Eesti iseseisvuse taastamise p\u00e4eva"},"content":{"rendered":"<p><strong>Homme, 20. augustil algavad iseseisvuse taastamise aastap\u00e4eva pidustused kell 11 Vabaduss\u00f5ja m\u00e4lestussamba juures ning j\u00e4tkuvad Koidula ja Jannseni platsil.\u00a0<\/strong><\/p>\n<p><strong>P\u00e4evakava:\u00a0<\/strong><\/p>\n<p>Kell 11-12 Vabaduss\u00f5ja m\u00e4lestussamba juures<\/p>\n<ul>\n<li>K\u00f5nelevad: Tartu linnapea Urmas Klaas, Tartu Linnamuuseumi direktor Risto Lehiste, Eesti Rahvusringh\u00e4\u00e4lingu reporter ja saatejuht Heleri All ja Eesti Nais\u00fcli\u00f5pilaste Seltsi vilistlane Kairi Kreegipuu<\/li>\n<li>Esinevad: Puhkpilliorkester Tartu, vokaalkammeransambel Vox pUNT, Laulupesa laulustuudio ja Eesti Maa\u00fclikooli Rahvatantsuansambel Tarbatu<\/li>\n<li>Tseremooniat juhib K\u00e4rt Kull<\/li>\n<\/ul>\n<p>Kell 12.15-13.15 Koidula ja Jannseni m\u00e4lestusv\u00e4ljakul<\/p>\n<ul>\n<li>Vabaduse simman\u00a0ansambliga Kargutajad (Rasmus Kadaja, Ott-Mait P\u00f5ldsepp ja John Silver Mitt)<\/li>\n<\/ul>\n<p>Kell 12.15-14 Koidula ja Jannseni m\u00e4lestusv\u00e4ljakul<\/p>\n<ul>\n<li>Meisterdamine koos Eesti Rahva Muuseumiga<\/li>\n<\/ul>\n<p>Ka raekoja kelladel k\u00f5lab 20. augustil eriprogramm.<\/p>\n<p><em>Lisainfo: Tartu s\u00fcndmuste korralduskeskuse produtsent Ave Rosenberg, ave.rosenberg@tartu.ee\u00a0<\/em><\/p>\n<p>&nbsp;<\/p>\n","protected":false},"excerpt":{"rendered":"<p>Homme, 20. augustil algavad iseseisvuse taastamise aastap\u00e4eva pidustused kell 11 Vabaduss\u00f5ja m\u00e4lestussamba juures ning j\u00e4tkuvad Koidula ja Jannseni platsil.\u00a0 P\u00e4evakava:\u00a0 Kell 11-12 Vabaduss\u00f5ja m\u00e4lestussamba juures K\u00f5nelevad: Tartu linnapea Urmas Klaas, Tartu Linnamuuseumi direktor Risto Lehiste, Eesti Rahvusringh\u00e4\u00e4lingu reporter ja saatejuht Heleri All ja Eesti Nais\u00fcli\u00f5pilaste Seltsi vilistlane Kairi Kreegipuu Esinevad: Puhkpilliorkester Tartu, vokaalkammeransambel Vox pUNT, [&hellip;]<\/p>\n","protected":false},"author":9,"featured_media":184226,"comment_status":"closed","ping_status":"closed","sticky":false,"template":"","format":"standard","meta":{"_acf_changed":false,"footnotes":""},"categories":[202],"tags":[],"class_list":["post-184225","post","type-post","status-publish","format-standard","has-post-thumbnail","hentry","category-uudis"],"acf":[],"_links":{"self":[{"href":"https:\/\/visittartu.com\/et\/wp-json\/wp\/v2\/posts\/184225","targetHints":{"allow":["GET"]}}],"collection":[{"href":"https:\/\/visittartu.com\/et\/wp-json\/wp\/v2\/posts"}],"about":[{"href":"https:\/\/visittartu.com\/et\/wp-json\/wp\/v2\/types\/post"}],"author":[{"embeddable":true,"href":"https:\/\/visittartu.com\/et\/wp-json\/wp\/v2\/users\/9"}],"replies":[{"embeddable":true,"href":"https:\/\/visittartu.com\/et\/wp-json\/wp\/v2\/comments?post=184225"}],"version-history":[{"count":2,"href":"https:\/\/visittartu.com\/et\/wp-json\/wp\/v2\/posts\/184225\/revisions"}],"predecessor-version":[{"id":184232,"href":"https:\/\/visittartu.com\/et\/wp-json\/wp\/v2\/posts\/184225\/revisions\/184232"}],"wp:featuredmedia":[{"embeddable":true,"href":"https:\/\/visittartu.com\/et\/wp-json\/wp\/v2\/media\/184226"}],"wp:attachment":[{"href":"https:\/\/visittartu.com\/et\/wp-json\/wp\/v2\/media?parent=184225"}],"wp:term":[{"taxonomy":"category","embeddable":true,"href":"https:\/\/visittartu.com\/et\/wp-json\/wp\/v2\/categories?post=184225"},{"taxonomy":"post_tag","embeddable":true,"href":"https:\/\/visittartu.com\/et\/wp-json\/wp\/v2\/tags?post=184225"}],"curies":[{"name":"wp","href":"https:\/\/api.w.org\/{rel}","templated":true}]}}