 {"id":184194,"date":"2025-08-18T11:39:29","date_gmt":"2025-08-18T11:39:29","guid":{"rendered":"https:\/\/visittartu.com\/?p=184194"},"modified":"2025-08-18T11:39:29","modified_gmt":"2025-08-18T11:39:29","slug":"esmakordselt-peipsi-jarve-kaldal-toimuva-filmifestivali-peaosaliseks-on-biwa-jarve-8-nagu","status":"publish","type":"post","link":"https:\/\/visittartu.com\/et\/esmakordselt-peipsi-jarve-kaldal-toimuva-filmifestivali-peaosaliseks-on-biwa-jarve-8-nagu\/","title":{"rendered":"Esmakordselt Peipsi j\u00e4rve kaldal toimuva filmifestivali peaosaliseks on \u201eBiwa j\u00e4rve 8 n\u00e4gu\u201c"},"content":{"rendered":"<p><strong>Laup\u00e4eval, 23. augustil toimuv festival \u201ePeipsi Filmiradadel\u201c kutsub filmi loomise t\u00f6\u00f6tubadesse, bussituurile m\u00f6\u00f6da peaosas oleva filmi v\u00f5ttepaiku ning filmide \u00f5htustele vaba\u00f5huseanssidele. Festivali k\u00f5ik tegevused toimuvad Peipsi kaldal ning on saanud inspiratsiooni just nimelt sellest Euroopa suuruselt neljandast j\u00e4rvest.<\/strong><\/p>\n<p><strong>P\u00e4evane programm<\/strong> on suunatud noortele ja t\u00e4iskasvanutele, kellel huvi ise minifilm luua. P\u00e4evast programmi viivad l\u00e4bi BFMi tudengid, kes \u00f5petavad t\u00f6\u00f6tubades noortele ja teistele huvilistele filmi loomise alustalasid, stsenaariumi kirjutamist, butafooria ettevalmistamist ja kaadri filmimist. Lisaks aitab kaasa m\u00f5elda ja r\u00e4\u00e4gib oma t\u00f6\u00f6st filmikunstnik <strong>Kristina L\u00f5uk<\/strong> (\u201eBiwa j\u00e4rve 8 n\u00e4gu\u201c).<\/p>\n<p>P\u00e4rastl\u00f5unal viib <strong>bussituur<\/strong> filmihuvilised Peipsi veerel nendesse k\u00fcladesse ja paikadesse, kus filmiti \u201cBiwa j\u00e4rve 8 n\u00e4gu\u201c. Bussituuril on giidiks ning filmimise kaadritaguseid tegemisi avamas filmikunstnik Kristina L\u00f5uk.<\/p>\n<p><strong>\u00d5htune vaba\u00f5hu filmiprogramm <\/strong>n\u00e4itab kolme filmi, millel k\u00f5igil on seos Peipsiga ja Peipsi kandiga. Esmalt saab vaadata koolit\u00f6\u00f6na valminud tudengifilmi <strong>\u201cMaailma \u00e4\u00e4rel\u201c<\/strong>, seej\u00e4rel muusikalist l\u00fchifilmi <strong>\u201eUni\u201c<\/strong>. Kohtumisel re\u017eiss\u00f6\u00f6r <strong>Marko Raadiga<\/strong> uurib <strong>Mari Niitra<\/strong> Biwa ja Peipsi j\u00e4rve seoste kohta ning kuidas vastasid siinsed v\u00f5ttepaigad re\u017eiss\u00f6\u00f6ri peas olevale kujutluspildile. Samuti saavad k\u00fclalised oma k\u00fcsimusi esitada. J\u00e4rgneb Marko Raadi eestvedamisel valminud menufilmi <strong>\u201eBiwa j\u00e4rve 8 n\u00e4gu\u201d <\/strong>nautimine. Seekordse filmivaatamise teeb eriliseks teadmine, et vaatajad on end sisse seadnud kohas, kus oli\u00a0 filmi peategelaste kodu (Elina Masing ja Hendrik Toompere). Tegu on kolme erineva teosega, kuid midagi neis k\u00f5igis on sarnast ja \u00e4ra tuntavat. Kas see on Peipsi v\u00f5i see tuntav j\u00e4rve lummus, selle otsustajaks saab olla iga\u00fcks ise!<\/p>\n<p>\u00d5htu l\u00f5ppeb filmimuusika, l\u00f5kketule ja m\u00f5nusa olemisega Peipsi kaldal.<\/p>\n<p>S\u00fcndmust korraldavad <strong>Peipsi Ranna, Juhan Liivi muuseum, Alatskivi loss<\/strong> ja <strong>MT\u00dc Sibulatee<\/strong>. Peipsi Ranna perenaine <strong>Triin Aru<\/strong>: \u201eNii minul, lossi juhatajal Laural kui Juhan Liivi muuseumi eestvedajal Maril tuli pea korraga idee filmifestivaliks. On ju meie kandis kuhjaga filme \u00fcles v\u00f5etud! Soovime filme just nende s\u00fcnnipaikades vaadata ja sinna \u00fcmber asjaliku kaasprogrammi p\u00f5imida. Panime pead kokku ja esimene \u00fchep\u00e4evane festival on n\u00fc\u00fcd kohe s\u00fcndimas. J\u00e4rgmisel aastal tahame festivalil tuua peaosasse m\u00f5ne muu meie kandis tehtud filmi. Samuti pikemas perspektiivis luua aasta l\u00e4bi k\u00fclastatava Peipsi filmiraja.\u201c<\/p>\n<p><strong>Praktiline info k\u00fclastajatele<\/strong><\/p>\n<p>Filmifestivali tootoad (kell 11-18) ja \u00f5htune programm algusega kell 18 toimuvad Peipsi Ranna keskuses Ranna k\u00fclas, Peipsi\u00e4\u00e4re vallas. Bussituur v\u00f5ttepaikadesse stardib kell 15 Peipsi Ranna hoovist.<\/p>\n<p>Soovi korral saab j\u00e4\u00e4da \u00f6\u00f6bima Peipsi \u00e4\u00e4rde kas karavaniga v\u00f5i telkidesse. Piirkonnas on ka mitmeid \u00f6\u00f6bimiskohti.<\/p>\n<p>Taskukohased piletid on saadaval Sibulatee kodulehel ja Fienta keskkonnas.<\/p>\n<p><em>Kaasas oleval fotol stseen filmist \u201cBiwa j\u00e4rve 8 n\u00e4gu\u201d, Allfilm.<\/em><\/p>\n<p><em>Lisainfo ja pressikontakt: Triin Aru, info@peipsiranna, +372 522 4660<\/em><\/p>\n<p>FB s\u00fcndmus:<a href=\"https:\/\/fb.me\/e\/2RC4kE7dn\" target=\"_blank\" rel=\"noopener\"> https:\/\/fb.me\/e\/2RC4kE7dn<br \/>\n<\/a><\/p>\n<p>Piletid:<a href=\"https:\/\/www.sibulatee.ee\/e-pood\/\" target=\"_blank\" rel=\"noopener\"> https:\/\/www.sibulatee.ee\/e-pood\/<\/a><\/p>\n","protected":false},"excerpt":{"rendered":"<p>Laup\u00e4eval, 23. augustil toimuv festival \u201ePeipsi Filmiradadel\u201c kutsub filmi loomise t\u00f6\u00f6tubadesse, bussituurile m\u00f6\u00f6da peaosas oleva filmi v\u00f5ttepaiku ning filmide \u00f5htustele vaba\u00f5huseanssidele. Festivali k\u00f5ik tegevused toimuvad Peipsi kaldal ning on saanud inspiratsiooni just nimelt sellest Euroopa suuruselt neljandast j\u00e4rvest. P\u00e4evane programm on suunatud noortele ja t\u00e4iskasvanutele, kellel huvi ise minifilm luua. P\u00e4evast programmi viivad l\u00e4bi BFMi [&hellip;]<\/p>\n","protected":false},"author":9,"featured_media":184195,"comment_status":"closed","ping_status":"closed","sticky":false,"template":"","format":"standard","meta":{"_acf_changed":false,"footnotes":""},"categories":[202],"tags":[213],"class_list":["post-184194","post","type-post","status-publish","format-standard","has-post-thumbnail","hentry","category-uudis","tag-sundmused"],"acf":[],"_links":{"self":[{"href":"https:\/\/visittartu.com\/et\/wp-json\/wp\/v2\/posts\/184194","targetHints":{"allow":["GET"]}}],"collection":[{"href":"https:\/\/visittartu.com\/et\/wp-json\/wp\/v2\/posts"}],"about":[{"href":"https:\/\/visittartu.com\/et\/wp-json\/wp\/v2\/types\/post"}],"author":[{"embeddable":true,"href":"https:\/\/visittartu.com\/et\/wp-json\/wp\/v2\/users\/9"}],"replies":[{"embeddable":true,"href":"https:\/\/visittartu.com\/et\/wp-json\/wp\/v2\/comments?post=184194"}],"version-history":[{"count":2,"href":"https:\/\/visittartu.com\/et\/wp-json\/wp\/v2\/posts\/184194\/revisions"}],"predecessor-version":[{"id":184201,"href":"https:\/\/visittartu.com\/et\/wp-json\/wp\/v2\/posts\/184194\/revisions\/184201"}],"wp:featuredmedia":[{"embeddable":true,"href":"https:\/\/visittartu.com\/et\/wp-json\/wp\/v2\/media\/184195"}],"wp:attachment":[{"href":"https:\/\/visittartu.com\/et\/wp-json\/wp\/v2\/media?parent=184194"}],"wp:term":[{"taxonomy":"category","embeddable":true,"href":"https:\/\/visittartu.com\/et\/wp-json\/wp\/v2\/categories?post=184194"},{"taxonomy":"post_tag","embeddable":true,"href":"https:\/\/visittartu.com\/et\/wp-json\/wp\/v2\/tags?post=184194"}],"curies":[{"name":"wp","href":"https:\/\/api.w.org\/{rel}","templated":true}]}}