 {"id":184071,"date":"2025-08-13T12:42:34","date_gmt":"2025-08-13T12:42:34","guid":{"rendered":"https:\/\/visittartu.com\/?p=184071"},"modified":"2025-08-13T12:42:34","modified_gmt":"2025-08-13T12:42:34","slug":"astri-arena-avab-taas-eesti-moodsaim-siseuisuvaljak-on-valmis","status":"publish","type":"post","link":"https:\/\/visittartu.com\/et\/astri-arena-avab-taas-eesti-moodsaim-siseuisuvaljak-on-valmis\/","title":{"rendered":"Astri Arena avab taas \u2013 Eesti moodsaim siseuisuv\u00e4ljak on valmis"},"content":{"rendered":"<p><strong>L\u00f5una-Eesti suurim siseuisuv\u00e4ljak, L\u00f5unakeskuses asuv Astri Arena, avas t\u00e4na p\u00e4rast seitsmen\u00e4dalast uuenduskuuri taas uksed ning j\u00e4tkab oma 20. tegevusaastal t\u00e4iesti uues kuues.\u00a0<\/strong><\/p>\n<p>Rekonstrueerimist\u00f6\u00f6d olid ulatuslikud ning kujunesid suurimaks arendusprojektiks Astri Arena ajaloos. T\u00e4ielikult uuendati kogu j\u00e4\u00e4v\u00e4ljaku piirdes\u00fcsteem. \u201eK\u00f5ige t\u00e4htsam osa remondist olid loomulikult poordid \u2013 need on n\u00fc\u00fcd k\u00f5rgklassilised ja k\u00f5igile rahvusvahelistele standarditele vastavad, painduvad ja sportlastele ohutumad. Tegemist on hetkel Eesti k\u00f5ige kaasaegsemate j\u00e4\u00e4poordidega,\u201d r\u00f5\u00f5mustas Astri Arena juht Triin H\u00fctt. Paigaldust\u00f6\u00f6d teostas Euroopas tuntud j\u00e4\u00e4v\u00e4ljakute ja -hallide ehitaja Ice Professional s.r.o. T\u0161ehhist. Uuenenud uisuv\u00e4ljak loob suurep\u00e4rased v\u00f5imalused kohalike sportlaste treenimiseks ning rahvusvaheliste treeninglaagrite, s\u00f5prusm\u00e4ngude ja v\u00f5istluste korraldamiseks Tartus.<\/p>\n<p>Lisaks j\u00e4\u00e4le uuendati p\u00f5hjalikult kogu k\u00fclastajate ala: uue v\u00e4limuse sai sissep\u00e4\u00e4s, t\u00e4ielikult kujundati \u00fcmber kassa-ala ja uisulaenutus, kuhu lisandusid moodsad riiulid ja praktilised hoiukapid. Arenale p\u00e4\u00e4seb n\u00fc\u00fcd l\u00e4bi nutika sissep\u00e4\u00e4suv\u00e4rava, kasutusel on iseteeninduskassa ning uuenduse l\u00e4bis kliendi- ja teavitusprogramm. K\u00fclastusalale valati kummip\u00f5rand, mis v\u00f5imaldab uiskudel mugavalt liikuda ka v\u00e4ljaspool j\u00e4\u00e4d. \u201eSee ei olnud lihtsalt kosmeetiline uuendus \u2013 kogu ala sai kapitaalse v\u00e4rskenduse,\u201d lisas H\u00fctt. \u201eHooldasime ka k\u00fclmaseadmed, et uuele hooajale saaks t\u00e4ie kindlusega vastu minna.\u201d<\/p>\n<p>T\u00f6\u00f6dega oli seotud kokku 15 ettev\u00f5tet, kes pidid oma t\u00f6\u00f6d \u00e4ra mahutama vaid 50 p\u00e4eva sisse. Renoveerimise kogumaksumus \u00fcletas 300 000 eurot, millest suurema osa moodustasid uued poordid.<\/p>\n<p>Astri Arena on olnud koduks mitmetele noortele sportlastele. Viimase viie aasta jooksul on Astri Arena j\u00e4\u00e4le j\u00f5udnud ligi 180 000 k\u00fclastajat, neist pea 50 000 kooli- ja lasteaialast. Astri Arena suureks eeliseks on selle ligip\u00e4\u00e4setavus, sealhulgas juhuslikele m\u00f6\u00f6dujatele.T\u00e4ism\u00f5\u00f5tmetes j\u00e4\u00e4hall otse kaubanduskeskuses on maailmas ainulaadne lahendus ning sarnaseid uisuv\u00e4ljakuid leidub vaid \u00fcksikuid.<\/p>\n<p>Rohkem pilte avamisp\u00e4evast on n\u00e4htavad\u00a0<strong><u><a href=\"https:\/\/drive.google.com\/drive\/folders\/1qrKto995tZ95Bg4m8CygKLSv-kmdM9_D?usp=sharing\" target=\"_blank\" rel=\"noopener\">siin<\/a><\/u><\/strong>. Autor: Astri Arena<\/p>\n<p><em>Lisainfo: Triin H\u00fctt, Astri Arena tegevjuht, +372 5397 2766 | <a href=\"mailto:triin@astri.ee\">triin@astri.ee, <\/a><a href=\"http:\/\/www.astri.ee\/arena\" target=\"_blank\" rel=\"noopener\">www.astri.ee\/arena<\/a><\/em><\/p>\n","protected":false},"excerpt":{"rendered":"<p>L\u00f5una-Eesti suurim siseuisuv\u00e4ljak, L\u00f5unakeskuses asuv Astri Arena, avas t\u00e4na p\u00e4rast seitsmen\u00e4dalast uuenduskuuri taas uksed ning j\u00e4tkab oma 20. tegevusaastal t\u00e4iesti uues kuues.\u00a0 Rekonstrueerimist\u00f6\u00f6d olid ulatuslikud ning kujunesid suurimaks arendusprojektiks Astri Arena ajaloos. T\u00e4ielikult uuendati kogu j\u00e4\u00e4v\u00e4ljaku piirdes\u00fcsteem. \u201eK\u00f5ige t\u00e4htsam osa remondist olid loomulikult poordid \u2013 need on n\u00fc\u00fcd k\u00f5rgklassilised ja k\u00f5igile rahvusvahelistele standarditele vastavad, painduvad [&hellip;]<\/p>\n","protected":false},"author":9,"featured_media":184072,"comment_status":"closed","ping_status":"closed","sticky":false,"template":"","format":"standard","meta":{"_acf_changed":false,"footnotes":""},"categories":[202],"tags":[235],"class_list":["post-184071","post","type-post","status-publish","format-standard","has-post-thumbnail","hentry","category-uudis","tag-sport"],"acf":[],"_links":{"self":[{"href":"https:\/\/visittartu.com\/et\/wp-json\/wp\/v2\/posts\/184071","targetHints":{"allow":["GET"]}}],"collection":[{"href":"https:\/\/visittartu.com\/et\/wp-json\/wp\/v2\/posts"}],"about":[{"href":"https:\/\/visittartu.com\/et\/wp-json\/wp\/v2\/types\/post"}],"author":[{"embeddable":true,"href":"https:\/\/visittartu.com\/et\/wp-json\/wp\/v2\/users\/9"}],"replies":[{"embeddable":true,"href":"https:\/\/visittartu.com\/et\/wp-json\/wp\/v2\/comments?post=184071"}],"version-history":[{"count":2,"href":"https:\/\/visittartu.com\/et\/wp-json\/wp\/v2\/posts\/184071\/revisions"}],"predecessor-version":[{"id":184078,"href":"https:\/\/visittartu.com\/et\/wp-json\/wp\/v2\/posts\/184071\/revisions\/184078"}],"wp:featuredmedia":[{"embeddable":true,"href":"https:\/\/visittartu.com\/et\/wp-json\/wp\/v2\/media\/184072"}],"wp:attachment":[{"href":"https:\/\/visittartu.com\/et\/wp-json\/wp\/v2\/media?parent=184071"}],"wp:term":[{"taxonomy":"category","embeddable":true,"href":"https:\/\/visittartu.com\/et\/wp-json\/wp\/v2\/categories?post=184071"},{"taxonomy":"post_tag","embeddable":true,"href":"https:\/\/visittartu.com\/et\/wp-json\/wp\/v2\/tags?post=184071"}],"curies":[{"name":"wp","href":"https:\/\/api.w.org\/{rel}","templated":true}]}}