 {"id":183439,"date":"2025-08-12T06:49:40","date_gmt":"2025-08-12T06:49:40","guid":{"rendered":"https:\/\/visittartu.com\/?p=183439"},"modified":"2025-08-14T10:06:46","modified_gmt":"2025-08-14T10:06:46","slug":"mobispace-uhiskontor-kus-ideed-leiavad-kodu","status":"publish","type":"post","link":"https:\/\/visittartu.com\/et\/mobispace-uhiskontor-kus-ideed-leiavad-kodu\/","title":{"rendered":"Mobispace \u2013 \u00fchiskontor, kus ideed leiavad kodu"},"content":{"rendered":"\t\t<div data-elementor-type=\"wp-post\" data-elementor-id=\"183439\" class=\"elementor elementor-183439\" data-elementor-post-type=\"post\">\n\t\t\t\t<div class=\"elementor-element elementor-element-c976e30 e-flex e-con-boxed e-con e-parent\" data-id=\"c976e30\" data-element_type=\"container\">\n\t\t\t\t\t<div class=\"e-con-inner\">\n\t\t\t\t<div class=\"elementor-element elementor-element-2000b29 elementor-widget elementor-widget-text-editor\" data-id=\"2000b29\" data-element_type=\"widget\" data-widget_type=\"text-editor.default\">\n\t\t\t\t<div class=\"elementor-widget-container\">\n\t\t\t\t\t\t\t\t\t<p><strong>Tartu ideaalsest elukeskkonnast on v\u00f5imalik kaugt\u00f6\u00f6d tehes osa saada igal huvilisel.\u00a0 Siin leidub mitmeid \u00fchiskontorid, mis pakuvad t\u00f6\u00f6ks mugavaid, inspireerivaid ja kaasaegseid t\u00f6\u00f6tingimusi.\u00a0<\/strong><\/p>\t\t\t\t\t\t\t\t<\/div>\n\t\t\t\t<\/div>\n\t\t\t\t\t<\/div>\n\t\t\t\t<\/div>\n\t\t<div class=\"elementor-element elementor-element-450af6fe con-2col-imgtxt cont e-flex e-con-boxed e-con e-parent\" data-id=\"450af6fe\" data-element_type=\"container\" data-settings=\"{&quot;background_background&quot;:&quot;classic&quot;}\">\n\t\t\t\t\t<div class=\"e-con-inner\">\n\t\t<div class=\"elementor-element elementor-element-3a917fe5 e-flex e-con-boxed e-con e-child\" data-id=\"3a917fe5\" data-element_type=\"container\">\n\t\t\t\t\t<div class=\"e-con-inner\">\n\t\t<div class=\"elementor-element elementor-element-42e78ad1 e-con-full e-flex e-con e-child\" data-id=\"42e78ad1\" data-element_type=\"container\">\n\t\t\t\t<div class=\"elementor-element elementor-element-1439473a elementor-widget elementor-widget-spacer\" data-id=\"1439473a\" data-element_type=\"widget\" data-widget_type=\"spacer.default\">\n\t\t\t\t<div class=\"elementor-widget-container\">\n\t\t\t\t\t\t\t<div class=\"elementor-spacer\">\n\t\t\t<div class=\"elementor-spacer-inner\"><\/div>\n\t\t<\/div>\n\t\t\t\t\t\t<\/div>\n\t\t\t\t<\/div>\n\t\t\t\t<div class=\"elementor-element elementor-element-2d2b9d9c elementor-widget elementor-widget-text-editor\" data-id=\"2d2b9d9c\" data-element_type=\"widget\" data-widget_type=\"text-editor.default\">\n\t\t\t\t<div class=\"elementor-widget-container\">\n\t\t\t\t\t\t\t\t\t<p>Tartu kui suurim v\u00e4ikelinn maailmas loob t\u00f6\u00f6 ja vaba aja vahele tasakaalu, pakkudes kompaktset elukeskkonda, t\u00e4is rohelust ja v\u00e4rvik\u00fcllast kultuurielu ning melu. Kaugt\u00f6\u00f6ks loodud ideaalse keskkonnaga \u00fchiskontorid<i>\u00a0<\/i>ning inspireeriv ja s\u00f5bralik kogukond pakuvad ideaalseid tingimusi kaugt\u00f6\u00f6ks ning koost\u00f6\u00f6ks.<\/p><p>\u00dcks selliseid \u00fchiskontoreid on Mobispace \u2013 koht, kus t\u00f6\u00f6 ei tundu t\u00f6\u00f6na ja ideed leiavad endale kodu. Mobispace inspireeriv ning kasutajas\u00f5bralik <em>coworking-<\/em>kontor asub Tartu s\u00fcdalinna vahetus l\u00e4heduses, Akadeemia tn 3.<\/p><p>See on ideaalne t\u00f6\u00f6keskkond neile, kes hindavad paindlikkust, mugavust ja professionaalsust.<\/p><p>Tegemist ei ole pelgalt kontoriga &#8211; see on kasvav kogukond, kus asukad saavad omavahel m\u00f5tteid p\u00f5rgatada, ideid jagada ning alustada edukat koost\u00f6\u00f6d juhuslikest vestlustest.<\/p>\t\t\t\t\t\t\t\t<\/div>\n\t\t\t\t<\/div>\n\t\t\t\t<\/div>\n\t\t<div class=\"elementor-element elementor-element-4d021c1e e-con-full e-flex e-con e-child\" data-id=\"4d021c1e\" data-element_type=\"container\">\n\t\t\t\t<div class=\"elementor-element elementor-element-70e598b3 elementor-widget elementor-widget-image\" data-id=\"70e598b3\" data-element_type=\"widget\" data-widget_type=\"image.default\">\n\t\t\t\t<div class=\"elementor-widget-container\">\n\t\t\t\t\t\t\t\t\t\t\t\t<figure class=\"wp-caption\">\n\t\t\t\t\t\t\t\t\t\t<img fetchpriority=\"high\" decoding=\"async\" width=\"768\" height=\"576\" src=\"https:\/\/visittartu.com\/wp-content\/uploads\/2025\/08\/61C92D13-70C1-48DA-83D9-ECF57D145C2D_1_105_c-768x576.jpg\" class=\"attachment-medium_large size-medium_large wp-image-182889\" alt=\"Visit-estonia_visit_Tartu_tartu_coworking_Kristiina_auli\" srcset=\"https:\/\/visittartu.com\/wp-content\/uploads\/2025\/08\/61C92D13-70C1-48DA-83D9-ECF57D145C2D_1_105_c-768x576.jpg 768w, https:\/\/visittartu.com\/wp-content\/uploads\/2025\/08\/61C92D13-70C1-48DA-83D9-ECF57D145C2D_1_105_c-300x225.jpg 300w, https:\/\/visittartu.com\/wp-content\/uploads\/2025\/08\/61C92D13-70C1-48DA-83D9-ECF57D145C2D_1_105_c.jpg 1024w\" sizes=\"(max-width: 768px) 100vw, 768px\" \/>\t\t\t\t\t\t\t\t\t\t\t<figcaption class=\"widget-image-caption wp-caption-text\">Mobispace kontor, Kristiina Auli<\/figcaption>\n\t\t\t\t\t\t\t\t\t\t<\/figure>\n\t\t\t\t\t\t\t\t\t<\/div>\n\t\t\t\t<\/div>\n\t\t\t\t<\/div>\n\t\t\t\t\t<\/div>\n\t\t\t\t<\/div>\n\t\t\t\t\t<\/div>\n\t\t\t\t<\/div>\n\t\t<div class=\"elementor-element elementor-element-7b28dad con-2col-imgtxt cont e-flex e-con-boxed e-con e-parent\" data-id=\"7b28dad\" data-element_type=\"container\" data-settings=\"{&quot;background_background&quot;:&quot;classic&quot;}\">\n\t\t\t\t\t<div class=\"e-con-inner\">\n\t\t<div class=\"elementor-element elementor-element-7a3588d4 e-con-full e-flex e-con e-child\" data-id=\"7a3588d4\" data-element_type=\"container\">\n\t\t\t\t<div class=\"elementor-element elementor-element-37811bcb elementor-widget elementor-widget-image\" data-id=\"37811bcb\" data-element_type=\"widget\" data-widget_type=\"image.default\">\n\t\t\t\t<div class=\"elementor-widget-container\">\n\t\t\t\t\t\t\t\t\t\t\t\t<figure class=\"wp-caption\">\n\t\t\t\t\t\t\t\t\t\t<img decoding=\"async\" width=\"768\" height=\"576\" src=\"https:\/\/visittartu.com\/wp-content\/uploads\/2025\/08\/F6D3079D-212F-4DDB-920B-35001387F93D_1_105_c-768x576.jpg\" class=\"attachment-medium_large size-medium_large wp-image-182925\" alt=\"Visit-estonia_visit_Tartu_tartu_coworking_Kristiina_auli\" srcset=\"https:\/\/visittartu.com\/wp-content\/uploads\/2025\/08\/F6D3079D-212F-4DDB-920B-35001387F93D_1_105_c-768x576.jpg 768w, https:\/\/visittartu.com\/wp-content\/uploads\/2025\/08\/F6D3079D-212F-4DDB-920B-35001387F93D_1_105_c-300x225.jpg 300w, https:\/\/visittartu.com\/wp-content\/uploads\/2025\/08\/F6D3079D-212F-4DDB-920B-35001387F93D_1_105_c.jpg 1024w\" sizes=\"(max-width: 768px) 100vw, 768px\" \/>\t\t\t\t\t\t\t\t\t\t\t<figcaption class=\"widget-image-caption wp-caption-text\">Mobispace terrass, Kristiina Auli<\/figcaption>\n\t\t\t\t\t\t\t\t\t\t<\/figure>\n\t\t\t\t\t\t\t\t\t<\/div>\n\t\t\t\t<\/div>\n\t\t\t\t<\/div>\n\t\t<div class=\"elementor-element elementor-element-94fdc86 e-con-full e-flex e-con e-child\" data-id=\"94fdc86\" data-element_type=\"container\">\n\t\t\t\t<div class=\"elementor-element elementor-element-74ab6450 elementor-widget elementor-widget-text-editor\" data-id=\"74ab6450\" data-element_type=\"widget\" data-widget_type=\"text-editor.default\">\n\t\t\t\t<div class=\"elementor-widget-container\">\n\t\t\t\t\t\t\t\t\t<p>Mobispace\u2019i tiim usub, et head ideed vajavad \u00f5iget ruumi. Seet\u00f5ttu on kontoriruumid loodud toetama keskendumist, loovust ja sujuvat koost\u00f6\u00f6d hubases ning inspireerivas atmosf\u00e4\u00e4ris.<\/p><p>Valikus on paindlikud paketid nii l\u00fchi- kui pikaajaliseks kasutamiseks, tiimitoad ja erinevad koosolekuruumid klientide vastuv\u00f5tuks, intervjuudeks v\u00f5i t\u00f6\u00f6tubadeks. Privaatsete k\u00f5nede ja videokohtumiste jaoks on kasutajate k\u00e4sutuses mitmed mugavad <em>phone-booth\u2019id<\/em> ning ruumikas \u00fcldala sobib suurep\u00e4raselt \u00fcritusteks ja vabaformaadilisteks kohtumisteks ka v\u00e4ljaspool traditsioonilist t\u00f6\u00f6aega.<\/p><p>Lisav\u00e4\u00e4rtust pakuvad veel m\u00f5nus saun ja avar katuseterrass. Mobispace on ideaalne valik neile, kes otsivad <em>coworking-<\/em>keskkonda, kus t\u00f6\u00f6, meeskonnat\u00f6\u00f6 ja hea enesetunne moodustavad loomuliku terviku.<\/p><p>Sageli piisab vaid \u00fchest p\u00e4evast, et kogeda, kui palju v\u00f5ib h\u00e4sti valitud t\u00f6\u00f6keskkond igap\u00e4evast t\u00f6\u00f6elamust m\u00f5jutada. Et endale selleks v\u00f5imalus anda, saab minna proovip\u00e4evale.<\/p>\t\t\t\t\t\t\t\t<\/div>\n\t\t\t\t<\/div>\n\t\t\t\t<\/div>\n\t\t\t\t\t<\/div>\n\t\t\t\t<\/div>\n\t\t<div class=\"elementor-element elementor-element-a8d2e6c e-flex e-con-boxed e-con e-parent\" data-id=\"a8d2e6c\" data-element_type=\"container\">\n\t\t\t\t\t<div class=\"e-con-inner\">\n\t\t\t\t<div class=\"elementor-element elementor-element-05fe514 elementor-widget elementor-widget-text-editor\" data-id=\"05fe514\" data-element_type=\"widget\" data-widget_type=\"text-editor.default\">\n\t\t\t\t<div class=\"elementor-widget-container\">\n\t\t\t\t\t\t\t\t\t<p><em><br><\/em><\/p><p><em>Lisainfo:<\/em><em> www.mobispace.co, <\/em><em>Helen Reinsoo, Mobispace Office Manager, tel +372 522 1546, e-post: <\/em><em>info@mobispace.co.<\/em><\/p>\t\t\t\t\t\t\t\t<\/div>\n\t\t\t\t<\/div>\n\t\t\t\t\t<\/div>\n\t\t\t\t<\/div>\n\t\t\t\t<\/div>\n\t\t","protected":false},"excerpt":{"rendered":"<p>Tartu ideaalsest elukeskkonnast on v\u00f5imalik kaugt\u00f6\u00f6d tehes osa saada igal huvilisel.\u00a0 Siin leidub mitmeid \u00fchiskontorid, mis pakuvad t\u00f6\u00f6ks mugavaid, inspireerivaid ja kaasaegseid t\u00f6\u00f6tingimusi.\u00a0 Tartu kui suurim v\u00e4ikelinn maailmas loob t\u00f6\u00f6 ja vaba aja vahele tasakaalu, pakkudes kompaktset elukeskkonda, t\u00e4is rohelust ja v\u00e4rvik\u00fcllast kultuurielu ning melu. Kaugt\u00f6\u00f6ks loodud ideaalse keskkonnaga \u00fchiskontorid\u00a0ning inspireeriv ja s\u00f5bralik kogukond pakuvad [&hellip;]<\/p>\n","protected":false},"author":22,"featured_media":182920,"comment_status":"closed","ping_status":"closed","sticky":false,"template":"","format":"standard","meta":{"_acf_changed":false,"footnotes":""},"categories":[202],"tags":[251],"class_list":["post-183439","post","type-post","status-publish","format-standard","has-post-thumbnail","hentry","category-uudis","tag-konverents"],"acf":[],"_links":{"self":[{"href":"https:\/\/visittartu.com\/et\/wp-json\/wp\/v2\/posts\/183439","targetHints":{"allow":["GET"]}}],"collection":[{"href":"https:\/\/visittartu.com\/et\/wp-json\/wp\/v2\/posts"}],"about":[{"href":"https:\/\/visittartu.com\/et\/wp-json\/wp\/v2\/types\/post"}],"author":[{"embeddable":true,"href":"https:\/\/visittartu.com\/et\/wp-json\/wp\/v2\/users\/22"}],"replies":[{"embeddable":true,"href":"https:\/\/visittartu.com\/et\/wp-json\/wp\/v2\/comments?post=183439"}],"version-history":[{"count":5,"href":"https:\/\/visittartu.com\/et\/wp-json\/wp\/v2\/posts\/183439\/revisions"}],"predecessor-version":[{"id":184112,"href":"https:\/\/visittartu.com\/et\/wp-json\/wp\/v2\/posts\/183439\/revisions\/184112"}],"wp:featuredmedia":[{"embeddable":true,"href":"https:\/\/visittartu.com\/et\/wp-json\/wp\/v2\/media\/182920"}],"wp:attachment":[{"href":"https:\/\/visittartu.com\/et\/wp-json\/wp\/v2\/media?parent=183439"}],"wp:term":[{"taxonomy":"category","embeddable":true,"href":"https:\/\/visittartu.com\/et\/wp-json\/wp\/v2\/categories?post=183439"},{"taxonomy":"post_tag","embeddable":true,"href":"https:\/\/visittartu.com\/et\/wp-json\/wp\/v2\/tags?post=183439"}],"curies":[{"name":"wp","href":"https:\/\/api.w.org\/{rel}","templated":true}]}}