 {"id":182946,"date":"2025-08-05T08:12:19","date_gmt":"2025-08-05T08:12:19","guid":{"rendered":"https:\/\/visittartu.com\/?p=182946"},"modified":"2026-01-23T08:35:29","modified_gmt":"2026-01-23T08:35:29","slug":"festival-eesti-kirjanik-2025-annab-naistele-voli","status":"publish","type":"post","link":"https:\/\/visittartu.com\/et\/festival-eesti-kirjanik-2025-annab-naistele-voli\/","title":{"rendered":"Festival Eesti Kirjanik 2025 annab naistele voli"},"content":{"rendered":"<p><strong>Laup\u00e4eval, 9. augustil toimub Alatskivil Juhan Liivi Muuseumis festival \u201eEesti Kirjanik 2025\u201d. Juba 15. korda aset leidva eesti n\u00fc\u00fcdisautoritele keskendunud kirjanduss\u00fcndmuse teemaks on t\u00e4navu \u201eNaiste voli\u201d.<\/strong><\/p>\n<p>S\u00f5napaar p\u00e4rineb <strong>Kristiina Ehini<\/strong> magistrit\u00f6\u00f6st, kelle s\u00f5nul ongi meil praegu k\u00e4es naiste voli aeg, kuid kas selle l\u00f5pp v\u00f5i algus, n\u00e4itab ajalugu. Viimasel ajal on eesti kirjanduses ilmunud ridamisi tugevaid ja oman\u00e4olisi teoseid just naisautoritelt. P\u00f5nevaid naistegelasi keeruliste eluvalikutega kujutavad hiljutised ajaloolised romaanid nagu n\u00e4iteks <strong>Lilli Luugi<\/strong> \u201e\u00d6\u00f6ema\u201d ja <strong>Eva Koffi<\/strong> \u201e\u00d5husk\u00f5ndija\u201d. <strong>Kairi Look <\/strong>vaatleb deb\u00fc\u00fctromaanis \u201eTantsi tolm p\u00f5randast\u201d \u00fche t\u00fcdruku sirgumise lugu, eksperimenteerides napi v\u00e4ljenduslaadiga. Omap\u00e4rast naiseks ja emaks olemise ning loodusega koos kulgemise kogemust v\u00e4ljendab luuletaja <strong>Berit Petolai<\/strong>, kel ilmus kevadel luulekogu \u201eHele, tuisklev ja nimetu\u201d. Autoritega vestleb <strong>Mari Niitra<\/strong>.<\/p>\n<p>S\u00f5na saavad mehedki. <strong>Kaur Riismaa<\/strong> tutvustab oma hiljuti romaaniv\u00f5istluse v\u00f5itnud k\u00e4sikirja \u201eV\u00e4sinud valguse teooria\u201d. K\u00fcllap tuleb juttu ka Riismaa auhinnatud alter egost Nora Maria Londonist.<\/p>\n<p>Vestlusringis arutlevad naisk\u00fcsimuse \u00fcle kirjanduses ja elus kirjandusteadlane <strong>Johanna Ross<\/strong>, ajakirjanik <strong>Valner Valme<\/strong> ja Juhan Liivi muuseumi juhataja Mari Niitra. Muuhulgas vaadeldakse, millised on naiste poolt loodava kirjanduse erijooned, millise m\u00f5\u00f5dupuuga naiste loodud kirjandust hinnata ning kuidas on lood naisk\u00fcsimusega t\u00e4nases Eestis.<\/p>\n<p>L\u00fchikavaga esinevad <strong>Eesti Kirjanike Liidu noored<\/strong>. Muusikalisi kommentaare k\u00e4sitletavatele autoritele ja teemadele annab <strong>Sensatsiooniline Tartu Kevadb\u00e4nd<\/strong>.<\/p>\n<p><strong>V\u00e4lja antakse aasta kirjaniku tiitel.<\/strong><\/p>\n<p>Lisaks vestlustele ja etteastetele saab t\u00f6\u00f6toas meisterdada m\u00e4rkmikku nahakunstnik <strong>Iris J\u00e4rgi<\/strong> juhendamisel, lastele pakub p\u00e4eva jooksul tegevust Peipsi\u00e4\u00e4re valla keskraamatukogu. Osta saab ka raamatuid.<\/p>\n<p><strong>MT\u00dc Satu Dialoog<\/strong>\u00a0pakub puhvetis t\u00fcrgip\u00e4raseid h\u00f5rgutisi l\u00e4\u00e4tsesupist, salatitest ja pirukatest baklavani. Puhvetis saab tasuda annetusega, mis aitab kaasa n\u00e4itleja Henessi Schmidti algatatud heategevuskampaaniale lastekodulaste olukorra parandamiseks Ugandas.<\/p>\n<p>Hilis\u00f5htul ootab festivalil osalejaid suitsusaun. Soovi korral on v\u00f5imalik muuseumi territooriumil telkida v\u00f5i \u00f6\u00f6bida oma magamisvarustusega muuseumi peamajas. T\u00e4psem info ja varsti ka p\u00e4evakava vaatamiseks <a href=\"https:\/\/muusa.ee\/festival-eesti-kirjanik-2025-naiste-voli\/\" target=\"_blank\" rel=\"noopener\">Juhan Liivi muuseumi kodulehel.<\/a> Tartust \u00fchistranspordiga liikumiseks valige Alatskivi-Kallaste s\u00f5idusuund ja peatuseks Rupsi.<\/p>\n<p>Festival on publikule tasuta ja seda toetab kultuurkapital.<\/p>\n<p><em>Lisainfot annab Juhan Liivi muuseumi juhataja\u00a0Mari Niitra (telefon: 514 4851).<\/em><\/p>\n<p>&nbsp;<\/p>\n","protected":false},"excerpt":{"rendered":"<p>Laup\u00e4eval, 9. augustil toimub Alatskivil Juhan Liivi Muuseumis festival \u201eEesti Kirjanik 2025\u201d. Juba 15. korda aset leidva eesti n\u00fc\u00fcdisautoritele keskendunud kirjanduss\u00fcndmuse teemaks on t\u00e4navu \u201eNaiste voli\u201d. S\u00f5napaar p\u00e4rineb Kristiina Ehini magistrit\u00f6\u00f6st, kelle s\u00f5nul ongi meil praegu k\u00e4es naiste voli aeg, kuid kas selle l\u00f5pp v\u00f5i algus, n\u00e4itab ajalugu. Viimasel ajal on eesti kirjanduses ilmunud ridamisi [&hellip;]<\/p>\n","protected":false},"author":9,"featured_media":182947,"comment_status":"closed","ping_status":"closed","sticky":false,"template":"","format":"standard","meta":{"_acf_changed":false,"footnotes":""},"categories":[202],"tags":[213],"class_list":["post-182946","post","type-post","status-publish","format-standard","has-post-thumbnail","hentry","category-uudis","tag-sundmused"],"acf":[],"_links":{"self":[{"href":"https:\/\/visittartu.com\/et\/wp-json\/wp\/v2\/posts\/182946","targetHints":{"allow":["GET"]}}],"collection":[{"href":"https:\/\/visittartu.com\/et\/wp-json\/wp\/v2\/posts"}],"about":[{"href":"https:\/\/visittartu.com\/et\/wp-json\/wp\/v2\/types\/post"}],"author":[{"embeddable":true,"href":"https:\/\/visittartu.com\/et\/wp-json\/wp\/v2\/users\/9"}],"replies":[{"embeddable":true,"href":"https:\/\/visittartu.com\/et\/wp-json\/wp\/v2\/comments?post=182946"}],"version-history":[{"count":2,"href":"https:\/\/visittartu.com\/et\/wp-json\/wp\/v2\/posts\/182946\/revisions"}],"predecessor-version":[{"id":182953,"href":"https:\/\/visittartu.com\/et\/wp-json\/wp\/v2\/posts\/182946\/revisions\/182953"}],"wp:featuredmedia":[{"embeddable":true,"href":"https:\/\/visittartu.com\/et\/wp-json\/wp\/v2\/media\/182947"}],"wp:attachment":[{"href":"https:\/\/visittartu.com\/et\/wp-json\/wp\/v2\/media?parent=182946"}],"wp:term":[{"taxonomy":"category","embeddable":true,"href":"https:\/\/visittartu.com\/et\/wp-json\/wp\/v2\/categories?post=182946"},{"taxonomy":"post_tag","embeddable":true,"href":"https:\/\/visittartu.com\/et\/wp-json\/wp\/v2\/tags?post=182946"}],"curies":[{"name":"wp","href":"https:\/\/api.w.org\/{rel}","templated":true}]}}