 {"id":182461,"date":"2025-07-28T08:57:05","date_gmt":"2025-07-28T08:57:05","guid":{"rendered":"https:\/\/visittartu.com\/?p=182461"},"modified":"2025-07-28T08:57:05","modified_gmt":"2025-07-28T08:57:05","slug":"algavad-tartu-sumin-teemaohtud-vanalinnas","status":"publish","type":"post","link":"https:\/\/visittartu.com\/et\/algavad-tartu-sumin-teemaohtud-vanalinnas\/","title":{"rendered":"Algavad \u201cTartu sumin\u201d teema\u00f5htud vanalinnas"},"content":{"rendered":"<p><strong>T\u00e4nasest, 28. juulist kuni 2. augustini, toimuvad festivali \u201cTartu sumin\u201d s\u00fcdames vanalinna teemalised vestlus\u00f5htud, mida saadab mitmekesine kultuurikava. N\u00e4dala jooksul astuvad lavale armastatud Anett ja Fredi, n\u00e4ha saab teadusteatrit, improlavastust ja palju muud.\u00a0<\/strong><\/p>\n<p>Sumina teema\u00f5htud viivad avastusretkele l\u00e4bi vanalinna \u2013 igal \u00f5htul veidi uue nurga alt ja uue looga. \u00d5htune programm algab kell 19 ning toimub festivali pealaval Jaani kiriku haljasalal.<\/p>\n<p>Esmasp\u00e4evane \u00f5htusumin keskendub vanalinna ajaloole ja arhitektuurile. Kontsertvestlusel \u201cKaua tehtud, &#8230;\u201d jagavad m\u00f5tteid arhitektuuriajaloolane Egle Tamm ja kultuurip\u00e4randi s\u00f5ber Risto Lehiste. \u00d5htusse loovad meeleolu Rene Laur saksofonil ja Henri Zimbo akordionil.<\/p>\n<p>Teisip\u00e4eval, 29. juulil, on fookuses vanalinn kui elukeskkond. \u00d5htu algab kell 19 Tartu \u00dclikooli loodusmuuseumi ja botaanikaaia taskuh\u00e4\u00e4lingu \u201cRukkir\u00e4\u00e4k\u201d avaliku salvestusega, mida viivad l\u00e4bi Marko M\u00e4gi ja Kaarin Hein. Kell 20 astuvad lavale tartlased Kristiina Ehin ja Silver Sepp.<\/p>\n<p>Kolmap\u00e4eval, 30. juulil kell 19 arutlevad kulinaarse vanalinna teemadel toidukultuuri edendaja ja YliCooli looja ning peakokk Urpo Reinthal ning N58 grupi restoranide peakokk Ken Trahv, vestlust modereerib Priit Kuusk. Kell 20 astuvad vanalinna festivalil akustiliseks kontserdiks lavale Anett ja Fredi.<\/p>\n<p>Neljap\u00e4eval, 31. juulil on \u00f5htusumina keskmes vanalinna kultuurne \u00f6\u00f6elu. Kell 19 r\u00e4\u00e4givad Tartu vanalinna \u00f6ise kultuurielu korraldamisest kultuuribaari Kivi baari omanik Karin Kiplok, s\u00fcndmuste promootor Martin S\u00f5gel ja MT\u00dc \u00d6\u00f6haldjad tegevjuht Marit Oja. \u00d5htu j\u00e4tkub kell 20 improteatri Ruutu10 etteastega.<\/p>\n<p>Reedel, 1. augustil kell 19 kutsub Tartu linna noortevolikogu arutlema teemal, kas noortele on vanalinnas kohta. Vestlusele j\u00e4rgneb Ps\u00fchhobussi hariduslik teadusetendus kell 20.<\/p>\n<p>Viimane teema\u00f5htu laup\u00e4eval, 2. augustil, keskendub tuleviku vanalinnale. Tartu vanalinna tuleviku ja arengusuundade \u00fcle arutlevad Tartu linnavalitsuse ruumiloome osakonna juhataja Kertu Vuks ja linnaarhitekt Jiri Tintera. \u00d5htuse kontserdi kell 20 annavad muusikud Jon Hazel ja Robert Vaigla.<\/p>\n<p>Teema\u00f5htute eel viib Tartu Linnamuuseum ajaloo- ja kultuuriretkedele p\u00f5nevate asjatundjatega, kellel on vanalinnaga isiklik side ja oma lood. Retkede teemad ning lingi piletite ostmiseks leiab <a href=\"http:\/\/tartukorraldab.ee\/tartu-sumin\/programm\/\" target=\"_blank\" rel=\"noopener\">siit<\/a>.<\/p>\n<p>Kuni p\u00fchap\u00e4evani ootab iga p\u00e4ev kell 15-18 noori Tartu Noorsoot\u00f6\u00f6 Keskuse ja partnerite suvine programm eriilmeliste tegevustega. Osaleda saab El Chapo tacode t\u00f6\u00f6toas, harjutada festivalimeiki, meisterdada kollaa\u017ee ja rinnam\u00e4rke ning teha palju muud.<\/p>\n<p>Festival kestab 10. augustini. Festivalis\u00fcda R\u00fc\u00fctli t\u00e4nava l\u00f5igul Munga ja Laia t\u00e4nava vahel elavdab vanalinna seni vaiksemat osa.<\/p>\n<p>Tutvu festivaliala ja programmiga <a href=\"http:\/\/www.tartukorraldab.ee\/tartu-sumin\/uldinfo\" target=\"_blank\" rel=\"noopener\">siit<\/a>.<\/p>\n<p><em>Lisainfo: Ragnar Konson, Tartu s\u00fcndmuste korralduskeskuse produtsent, +372 5824 0301, ragnar.konson@tartu.ee\u00a0\u00a0<\/em><\/p>\n","protected":false},"excerpt":{"rendered":"<p>T\u00e4nasest, 28. juulist kuni 2. augustini, toimuvad festivali \u201cTartu sumin\u201d s\u00fcdames vanalinna teemalised vestlus\u00f5htud, mida saadab mitmekesine kultuurikava. N\u00e4dala jooksul astuvad lavale armastatud Anett ja Fredi, n\u00e4ha saab teadusteatrit, improlavastust ja palju muud.\u00a0 Sumina teema\u00f5htud viivad avastusretkele l\u00e4bi vanalinna \u2013 igal \u00f5htul veidi uue nurga alt ja uue looga. \u00d5htune programm algab kell 19 ning [&hellip;]<\/p>\n","protected":false},"author":9,"featured_media":182462,"comment_status":"closed","ping_status":"closed","sticky":false,"template":"","format":"standard","meta":{"_acf_changed":false,"footnotes":""},"categories":[202],"tags":[213],"class_list":["post-182461","post","type-post","status-publish","format-standard","has-post-thumbnail","hentry","category-uudis","tag-sundmused"],"acf":[],"_links":{"self":[{"href":"https:\/\/visittartu.com\/et\/wp-json\/wp\/v2\/posts\/182461","targetHints":{"allow":["GET"]}}],"collection":[{"href":"https:\/\/visittartu.com\/et\/wp-json\/wp\/v2\/posts"}],"about":[{"href":"https:\/\/visittartu.com\/et\/wp-json\/wp\/v2\/types\/post"}],"author":[{"embeddable":true,"href":"https:\/\/visittartu.com\/et\/wp-json\/wp\/v2\/users\/9"}],"replies":[{"embeddable":true,"href":"https:\/\/visittartu.com\/et\/wp-json\/wp\/v2\/comments?post=182461"}],"version-history":[{"count":2,"href":"https:\/\/visittartu.com\/et\/wp-json\/wp\/v2\/posts\/182461\/revisions"}],"predecessor-version":[{"id":182468,"href":"https:\/\/visittartu.com\/et\/wp-json\/wp\/v2\/posts\/182461\/revisions\/182468"}],"wp:featuredmedia":[{"embeddable":true,"href":"https:\/\/visittartu.com\/et\/wp-json\/wp\/v2\/media\/182462"}],"wp:attachment":[{"href":"https:\/\/visittartu.com\/et\/wp-json\/wp\/v2\/media?parent=182461"}],"wp:term":[{"taxonomy":"category","embeddable":true,"href":"https:\/\/visittartu.com\/et\/wp-json\/wp\/v2\/categories?post=182461"},{"taxonomy":"post_tag","embeddable":true,"href":"https:\/\/visittartu.com\/et\/wp-json\/wp\/v2\/tags?post=182461"}],"curies":[{"name":"wp","href":"https:\/\/api.w.org\/{rel}","templated":true}]}}