 {"id":182373,"date":"2025-07-25T08:15:38","date_gmt":"2025-07-25T08:15:38","guid":{"rendered":"https:\/\/visittartu.com\/?p=182373"},"modified":"2025-07-25T08:15:38","modified_gmt":"2025-07-25T08:15:38","slug":"maamark-tartu-aken-sai-uue-ilme","status":"publish","type":"post","link":"https:\/\/visittartu.com\/et\/maamark-tartu-aken-sai-uue-ilme\/","title":{"rendered":"Maam\u00e4rk Tartu aken sai uue ilme"},"content":{"rendered":"<p><strong>Raekoja platsi \u00e4\u00e4res asuv v\u00e4rviline Tartu aken l\u00e4bis p\u00f5hjaliku uuenduskuuri ja sai uue v\u00e4limuse. Varem kollast ja roosat v\u00e4rvi aken on \u00fcmber kujundatud Tartu punaseks, kasutades linna visuaalse identiteedi p\u00f5hitoone ja mustrielemente.\u00a0<\/strong><\/p>\n<p>Juuni l\u00f5pus viidi maam\u00e4rk p\u00f5hjalikule uuenduskuurile. Muuhulgas kontrolliti\u00a0ja remonditi keevis\u00f5mblusi ning pinnapragusid. Osaliselt vahetati v\u00e4lja kulunud\u00a0h\u00fclss ehk metallist toruelement, mis \u00fchendub maa sees oleva sambaga.<\/p>\n<p>Kogu tehnilise kontrolli ja parandust\u00f6\u00f6d tegi Aleksander Jakubelovits ettev\u00f5ttest Blueflame Solutions O\u00dc, kes omab vastavat rahvusvahelist sertifikaati. V\u00e4rvit\u00f6\u00f6d ning projekti \u00fcldkoordineerimise v\u00f5ttis enda kanda Cristofer Jostov ettev\u00f5ttest HMM Paintwork O\u00dc. Disainielementide valmistamise eest vastutas Reklaamikompanii. Akna transporti ja logistikat aitas korraldada Vestenmix O\u00dc.<\/p>\n<p>3 meetrit lai ja 4,3 meetrit k\u00f5rge aken on Tartu raekoja platsil olnud 2013. aastast alates. Algselt kollane aken paigaldati projekti \u201cElu kahe maailma piiril\u201d k\u00e4igus, mille eesm\u00e4rk oli koost\u00f6\u00f6s National Geo\u00adgraphicuga tutvustada L\u00f5una-Eesti vaatamisv\u00e4\u00e4rsusi. Tulevikus saavad ka teised L\u00f5una-Eestis asuvad aknad uue kontseptsiooni, millega kaasneb nende \u00fcmberpaigutamine ja v\u00e4rvimine.<\/p>\n<p><em>Lisainfo: Annika Ojasaar, Tartu turismivaldkonna juht, SA Tartumaa Turism, 5886 7883, annika.ojasaar@visittartu.com.<\/em><\/p>\n<p>&nbsp;<\/p>\n","protected":false},"excerpt":{"rendered":"<p>Raekoja platsi \u00e4\u00e4res asuv v\u00e4rviline Tartu aken l\u00e4bis p\u00f5hjaliku uuenduskuuri ja sai uue v\u00e4limuse. Varem kollast ja roosat v\u00e4rvi aken on \u00fcmber kujundatud Tartu punaseks, kasutades linna visuaalse identiteedi p\u00f5hitoone ja mustrielemente.\u00a0 Juuni l\u00f5pus viidi maam\u00e4rk p\u00f5hjalikule uuenduskuurile. Muuhulgas kontrolliti\u00a0ja remonditi keevis\u00f5mblusi ning pinnapragusid. Osaliselt vahetati v\u00e4lja kulunud\u00a0h\u00fclss ehk metallist toruelement, mis \u00fchendub maa sees [&hellip;]<\/p>\n","protected":false},"author":9,"featured_media":182374,"comment_status":"closed","ping_status":"closed","sticky":false,"template":"","format":"standard","meta":{"_acf_changed":false,"footnotes":""},"categories":[202],"tags":[277],"class_list":["post-182373","post","type-post","status-publish","format-standard","has-post-thumbnail","hentry","category-uudis","tag-tartu-linn"],"acf":[],"_links":{"self":[{"href":"https:\/\/visittartu.com\/et\/wp-json\/wp\/v2\/posts\/182373","targetHints":{"allow":["GET"]}}],"collection":[{"href":"https:\/\/visittartu.com\/et\/wp-json\/wp\/v2\/posts"}],"about":[{"href":"https:\/\/visittartu.com\/et\/wp-json\/wp\/v2\/types\/post"}],"author":[{"embeddable":true,"href":"https:\/\/visittartu.com\/et\/wp-json\/wp\/v2\/users\/9"}],"replies":[{"embeddable":true,"href":"https:\/\/visittartu.com\/et\/wp-json\/wp\/v2\/comments?post=182373"}],"version-history":[{"count":2,"href":"https:\/\/visittartu.com\/et\/wp-json\/wp\/v2\/posts\/182373\/revisions"}],"predecessor-version":[{"id":182380,"href":"https:\/\/visittartu.com\/et\/wp-json\/wp\/v2\/posts\/182373\/revisions\/182380"}],"wp:featuredmedia":[{"embeddable":true,"href":"https:\/\/visittartu.com\/et\/wp-json\/wp\/v2\/media\/182374"}],"wp:attachment":[{"href":"https:\/\/visittartu.com\/et\/wp-json\/wp\/v2\/media?parent=182373"}],"wp:term":[{"taxonomy":"category","embeddable":true,"href":"https:\/\/visittartu.com\/et\/wp-json\/wp\/v2\/categories?post=182373"},{"taxonomy":"post_tag","embeddable":true,"href":"https:\/\/visittartu.com\/et\/wp-json\/wp\/v2\/tags?post=182373"}],"curies":[{"name":"wp","href":"https:\/\/api.w.org\/{rel}","templated":true}]}}