 {"id":182202,"date":"2025-07-23T07:58:48","date_gmt":"2025-07-23T07:58:48","guid":{"rendered":"https:\/\/visittartu.com\/?p=182202"},"modified":"2025-07-23T07:58:48","modified_gmt":"2025-07-23T07:58:48","slug":"avatud-vanalinna-paev-toob-laupaeval-tartusse-taikamelu","status":"publish","type":"post","link":"https:\/\/visittartu.com\/et\/avatud-vanalinna-paev-toob-laupaeval-tartusse-taikamelu\/","title":{"rendered":"Avatud vanalinna p\u00e4ev toob laup\u00e4eval Tartusse t\u00e4ikamelu"},"content":{"rendered":"<p>S<strong>el laup\u00e4eval, 26. juulil stardib kahe n\u00e4dala pikkune festival \u201cTartu sumin\u201d. Avatud vanalinna p\u00e4ev toob esimesel p\u00e4eval linnaruumi t\u00e4ikad, kontserdid, t\u00f6\u00f6toad ja kogukondliku melu.\u00a0<\/strong><\/p>\n<p>Kell 10 alustab p\u00e4eva Abakhani laadasumin R\u00fc\u00fctli 11 hoovis, kust leiab vajalikke k\u00e4sit\u00f6\u00f6tarbeid nii uue suvekleidi kui ka kinnaste jaoks. Samal ajal avab uksed ka Jaani kirik, mis ootab huvilisi hommikukohvile ja koogile.<\/p>\n<p>Kell 11 kutsub moes\u00f5pru Antoniuse \u00f5u, sest just seal l\u00e4heb lahti suur loovuslaat, mille keskmes on kunst, muusika ja film. P\u00e4eva jooksul saab luua plakatikollaa\u017ee, uudistada ja soetada kohalikku disaini, unikaalset kunsti ja esemeid ning palju muud.<\/p>\n<p>Kell 12-16 toimub R\u00fc\u00fctli t\u00e4naval suur avatud vanalinna p\u00e4eva t\u00e4ika, kus ootab ligi 50 kauplejat, kellel on kaasas p\u00f5nev teise ringi kaup riietest ja jalan\u00f5udest kuni kodusisustuseni.<\/p>\n<p>Keskp\u00e4eval l\u00f6\u00f6vad sumisema ka mitmed teised vanalinna hoovid. Hotell SOHO sisehoovis saab uudistada esemeid, mis on aastaid hotellitubades lugusid kogunud, ning aardeid, mille on sinna unustanud hotellik\u00fclalised. Paper Tigeri hoovis seab end sisse Saiko pood, kelle s\u00e4ravad leiud v\u00fcrtsitavad iga garderoobi. Aega On kutsub uudistama, mida p\u00f5nevat leidub n\u00fc\u00fcdseks Toome poe endistes ruumides. Sl\u00f5u hoovis saab nautida suvist men\u00fc\u00fcd ja muusikat.<\/p>\n<p>Lapsi ootab alates l\u00f5unast M\u00e4nguasjamuuseumi nostalgiline retrop\u00e4ev, kus m\u00e4ngitakse vanu \u00f5uem\u00e4nge, keerleb loosiratas ja maiustada saab erinevate kookidega. Eriliselt noortele suunatud programm algab samuti kell 12, kui Tartu linna noortevolikogu avab Genialistide Klubi hoovis noortekohviku koduste sn\u00e4kkide, bingo ja m\u00e4lum\u00e4nguga. Kell 15-18 ootab festivali pealaval noori suvine viktoriin ja kell 16 saab osa v\u00f5tta seebimullide t\u00f6\u00f6toast.<\/p>\n<p>Kell 17 kutsub muusika, t\u00f6\u00f6toa ja \u00f5htuse programmiga sumisema \u00dclikooli kohviku terrass. Genialistide Klubis ja Magasini Suvila hoovis saab alates kella 18st\u00a0koos teistega kududa ning hiljem end DJ-de saatel sumedasse suve\u00f5htusse tantsida.<\/p>\n<p>Avatud vanalinna p\u00e4ev kulmineerub kell 19 Tartu sumina pealaval toimuva Daniel Levi kontserdiga.<\/p>\n<p>Festival kestab 10. augustini. R\u00fc\u00fctli t\u00e4nava l\u00f5igule Munga ja Laia t\u00e4nava vahel kerkib festivalis\u00fcda, mis elavdab vanalinna seni vaiksemat osa. Tutvu festivaliala ja programmiga <a href=\"http:\/\/www.tartukorraldab.ee\/tartu-sumin\/uldinfo\" target=\"_blank\" rel=\"noopener\">siin<\/a>.<\/p>\n<p>Festivali korraldamisel l\u00e4htutakse Tartu linna keskkonnahoidlike s\u00fcndmuste juhendist, et v\u00e4hendada festivali keskkonnam\u00f5ju. Korraldajad julgustavad s\u00fcndmusele liikuma keskkonnas\u00f5bralikult: rattaga, \u00fchistranspordiga v\u00f5i jalgsi. Alal kogutakse j\u00e4\u00e4tmeid liigiti. Vajaliku elekter tuleb linna p\u00fcsiv\u00f5rgust, mis p\u00e4rineb taastuvatest energiaallikatest.<\/p>\n<p><em>Lisainfo:\u00a0Ragnar Konson, Tartu s\u00fcndmuste korralduskeskuse produtsent, +372 5824 0301,\u00a0ragnar.konson@tartu.ee \u00a0<\/em><\/p>\n","protected":false},"excerpt":{"rendered":"<p>Sel laup\u00e4eval, 26. juulil stardib kahe n\u00e4dala pikkune festival \u201cTartu sumin\u201d. Avatud vanalinna p\u00e4ev toob esimesel p\u00e4eval linnaruumi t\u00e4ikad, kontserdid, t\u00f6\u00f6toad ja kogukondliku melu.\u00a0 Kell 10 alustab p\u00e4eva Abakhani laadasumin R\u00fc\u00fctli 11 hoovis, kust leiab vajalikke k\u00e4sit\u00f6\u00f6tarbeid nii uue suvekleidi kui ka kinnaste jaoks. Samal ajal avab uksed ka Jaani kirik, mis ootab huvilisi hommikukohvile [&hellip;]<\/p>\n","protected":false},"author":9,"featured_media":182203,"comment_status":"closed","ping_status":"closed","sticky":false,"template":"","format":"standard","meta":{"_acf_changed":false,"footnotes":""},"categories":[202],"tags":[213],"class_list":["post-182202","post","type-post","status-publish","format-standard","has-post-thumbnail","hentry","category-uudis","tag-sundmused"],"acf":[],"_links":{"self":[{"href":"https:\/\/visittartu.com\/et\/wp-json\/wp\/v2\/posts\/182202","targetHints":{"allow":["GET"]}}],"collection":[{"href":"https:\/\/visittartu.com\/et\/wp-json\/wp\/v2\/posts"}],"about":[{"href":"https:\/\/visittartu.com\/et\/wp-json\/wp\/v2\/types\/post"}],"author":[{"embeddable":true,"href":"https:\/\/visittartu.com\/et\/wp-json\/wp\/v2\/users\/9"}],"replies":[{"embeddable":true,"href":"https:\/\/visittartu.com\/et\/wp-json\/wp\/v2\/comments?post=182202"}],"version-history":[{"count":2,"href":"https:\/\/visittartu.com\/et\/wp-json\/wp\/v2\/posts\/182202\/revisions"}],"predecessor-version":[{"id":182209,"href":"https:\/\/visittartu.com\/et\/wp-json\/wp\/v2\/posts\/182202\/revisions\/182209"}],"wp:featuredmedia":[{"embeddable":true,"href":"https:\/\/visittartu.com\/et\/wp-json\/wp\/v2\/media\/182203"}],"wp:attachment":[{"href":"https:\/\/visittartu.com\/et\/wp-json\/wp\/v2\/media?parent=182202"}],"wp:term":[{"taxonomy":"category","embeddable":true,"href":"https:\/\/visittartu.com\/et\/wp-json\/wp\/v2\/categories?post=182202"},{"taxonomy":"post_tag","embeddable":true,"href":"https:\/\/visittartu.com\/et\/wp-json\/wp\/v2\/tags?post=182202"}],"curies":[{"name":"wp","href":"https:\/\/api.w.org\/{rel}","templated":true}]}}