 {"id":175039,"date":"2025-07-01T13:53:23","date_gmt":"2025-07-01T13:53:23","guid":{"rendered":"https:\/\/visittartu.com\/?p=175039"},"modified":"2026-01-26T12:41:41","modified_gmt":"2026-01-26T12:41:41","slug":"juuli-tuurid-tartus","status":"publish","type":"post","link":"https:\/\/visittartu.com\/et\/juuli-tuurid-tartus\/","title":{"rendered":"Juulikuu laup\u00e4evadel toimuvad eesti ja inglise keeles giidituurid"},"content":{"rendered":"<p><strong>Igal juulikuu laup\u00e4eval kell 12 viivad Tartu Giidide \u00dchingu kaks giidi teid tunniajasele jalutusk\u00e4igule Tartu kesklinnas. \u00dcks tuur on eesti, teine inglise keeles. Osalejad v\u00f5ivad sattuda vanalinna, j\u00f5e \u00e4\u00e4rde, Toomem\u00e4ele&#8230; Oled linnas kohalik v\u00f5i k\u00fclaline, tule tutvuma!<\/strong><\/p>\n<p>K\u00f5ik tuurid algavad Tartu raekoja k\u00f5rvalt infopunkti juurest.<\/p>\n<p>Eestikeelsetel jalutusk\u00e4ikudel on giidideks:<\/p>\n<ul>\n<li>5. juulil Reet Volmer &#8211; saab kuulda, mida soomlased Tartus huvitavaks peavad;<\/li>\n<li>12. juulil Krista T\u00f5nnov &#8211; juttu tuleb hansaaegsest Tartust;<\/li>\n<li>19. juulil Estra T\u00f5nisson &#8211; see tuur viib Toomem\u00e4ele;<\/li>\n<li>26. juulil Katrin Alekand &#8211; satub sinna, kus Tartus sumiseb v\u00f5i sumises.<\/li>\n<\/ul>\n<p>Pileti saad soetada Fienta keskkonnast: <a href=\"https:\/\/fienta.com\/et\/s\/tartu-linnatuur\" target=\"_blank\" rel=\"noopener\">eestikeelne tuur<\/a>, <a href=\"https:\/\/fienta.com\/et\/s\/summer-walk-in-tartu\" target=\"_blank\" rel=\"noopener\">ingliskeelne tuur<\/a>. Pileti hind on 8 eurot. Igale tuurile mahub kuni 25 inimest.<\/p>\n<p><em>Giidide kohta loe l\u00e4hemalt Tartu Giidide \u00dchingu kodulehelt <a href=\"http:\/\/tartugiid.ee\" target=\"_blank\" rel=\"noopener\">tartugiid.ee<\/a>.<\/em><\/p>\n","protected":false},"excerpt":{"rendered":"<p>Igal juulikuu laup\u00e4eval kell 12 viivad Tartu Giidide \u00dchingu kaks giidi teid tunniajasele jalutusk\u00e4igule Tartu kesklinnas. \u00dcks tuur on eesti, teine inglise keeles. Osalejad v\u00f5ivad sattuda vanalinna, j\u00f5e \u00e4\u00e4rde, Toomem\u00e4ele&#8230; Oled linnas kohalik v\u00f5i k\u00fclaline, tule tutvuma! K\u00f5ik tuurid algavad Tartu raekoja k\u00f5rvalt infopunkti juurest. Eestikeelsetel jalutusk\u00e4ikudel on giidideks: 5. juulil Reet Volmer &#8211; saab [&hellip;]<\/p>\n","protected":false},"author":3,"featured_media":175040,"comment_status":"closed","ping_status":"closed","sticky":false,"template":"","format":"standard","meta":{"_acf_changed":false,"footnotes":""},"categories":[202],"tags":[744,213],"class_list":["post-175039","post","type-post","status-publish","format-standard","has-post-thumbnail","hentry","category-uudis","tag-giidid","tag-sundmused"],"acf":[],"_links":{"self":[{"href":"https:\/\/visittartu.com\/et\/wp-json\/wp\/v2\/posts\/175039","targetHints":{"allow":["GET"]}}],"collection":[{"href":"https:\/\/visittartu.com\/et\/wp-json\/wp\/v2\/posts"}],"about":[{"href":"https:\/\/visittartu.com\/et\/wp-json\/wp\/v2\/types\/post"}],"author":[{"embeddable":true,"href":"https:\/\/visittartu.com\/et\/wp-json\/wp\/v2\/users\/3"}],"replies":[{"embeddable":true,"href":"https:\/\/visittartu.com\/et\/wp-json\/wp\/v2\/comments?post=175039"}],"version-history":[{"count":4,"href":"https:\/\/visittartu.com\/et\/wp-json\/wp\/v2\/posts\/175039\/revisions"}],"predecessor-version":[{"id":182097,"href":"https:\/\/visittartu.com\/et\/wp-json\/wp\/v2\/posts\/175039\/revisions\/182097"}],"wp:featuredmedia":[{"embeddable":true,"href":"https:\/\/visittartu.com\/et\/wp-json\/wp\/v2\/media\/175040"}],"wp:attachment":[{"href":"https:\/\/visittartu.com\/et\/wp-json\/wp\/v2\/media?parent=175039"}],"wp:term":[{"taxonomy":"category","embeddable":true,"href":"https:\/\/visittartu.com\/et\/wp-json\/wp\/v2\/categories?post=175039"},{"taxonomy":"post_tag","embeddable":true,"href":"https:\/\/visittartu.com\/et\/wp-json\/wp\/v2\/tags?post=175039"}],"curies":[{"name":"wp","href":"https:\/\/api.w.org\/{rel}","templated":true}]}}