 {"id":174901,"date":"2025-06-27T08:59:50","date_gmt":"2025-06-27T08:59:50","guid":{"rendered":"https:\/\/visittartu.com\/?p=174901"},"modified":"2026-01-26T10:01:27","modified_gmt":"2026-01-26T10:01:27","slug":"tartu-linna-paeva-sundmused","status":"publish","type":"post","link":"https:\/\/visittartu.com\/et\/tartu-linna-paeva-sundmused\/","title":{"rendered":"Tartu linna p\u00e4eva s\u00fcndmused"},"content":{"rendered":"<p><strong>Sel p\u00fchap\u00e4eval, 29. juunil t\u00e4histatakse Tartu linna p\u00e4eva tiheda kultuuriprogrammiga. P\u00e4eva jooksul astuvad linna eri paigus lavale Jaan Pehk, EiK, Maris Pihlap, Jarek Kasar, Maria Listra ja Mari Kalkun. \u00d5htust galakontserti kannavad \u00fcle Delfi ja Tartu Postimees.<\/strong><\/p>\n<p>Tartu linna p\u00e4ev algab kell 9 linnaklaveri ilmumisega Tartu avaturu juures. P\u00e4eva jooksul saab linnaklaveril musitseerida kell 11-12.30 Raatuse t\u00e4nava pikendusel kaarsilla l\u00e4histel, kell 13-14.30 Pirogovi pargis ja kell 15-19 R\u00fc\u00fctli t\u00e4naval.<\/p>\n<p>Kell 10 pakub linnapea Urmas Klaas teatrikohviku Aplaus 1870 (endine Shakespeare) terrassil tartlastele kohvi ja kooki. Hommikuse jutuajamise l\u00f5petab Jaan Pehki kontsert.<\/p>\n<p>Ennel\u00f5unal kell 11 ootab Eesti k\u00f5ige \u00e4gedam siga Limpa k\u00f5iki lapsi K\u00fc\u00fcni t\u00e4navale, kus toimub teist aastat j\u00e4rjest suur lastepidu. Lisaks Limpale tuleb eesti raamatu aastat t\u00e4histama Vana Raamatukoi ning lugusid Emaj\u00f5est jutustab lastekirjanik Juhani P\u00fcttsepp.<\/p>\n<p>K\u00fc\u00fcni t\u00e4navale kerkib Tartu loomet\u00e4nav, mis pakub eriilmelist programmi kell 12-18. Kogu p\u00e4eva jooksul saab tutvuda \u00fcle 30 Eesti disaineri loominguga. K\u00fclla tulevad galakontserdi muusikaline juht Mihhail Gerts, EiK, Jaan Pehk, Tartu Noorsoot\u00f6\u00f6 Keskus, TYPA, Seto Kuninglik Teater, Bertram Studios tantsukool, Biblioteek raamatupood, Biit Me plaadipood ja Pisila lasteala. P\u00e4eva juhib kirjanik Lauri R\u00e4pp.<\/p>\n<p>Kell 16 viib Tartu Rattaliiklejate Selts huvilised \u00fchiss\u00f5idule l\u00e4bi Tartu linna. S\u00f5idu jooksul k\u00fclastatakse nii p\u00e4ris raamatukogusid kui ka linnaruumi paigutatud t\u00e4navaraamatukogusid. Algus on kell 16 raekoja platsil oleva Tartu akna juurest ning s\u00f5it kestab veidi \u00fcle tunni aja.<\/p>\n<p>Kell 17.00-17.40 annab laulja ja luuletaja EiK koos Maris Pihlapiga K\u00fc\u00fcni t\u00e4naval m\u00f5nusa kontserdi.<\/p>\n<p>P\u00e4eva l\u00f5petab galakontsert \u201cKirjanduslinna k\u00f5la\u201d, mis algab kell 19 raekoja platsil. Galakontsert viib muusikalisele retkele l\u00e4bi Tartuga seotud kirjanduslike t\u00e4hts\u00fcndmuste. Lavale astuvad muusik, laulja ja helilooja Jarek Kasar, sopran Maria Listra, laulja ja looja Mari Kalkun, S\u00e4de Vatalin (Laulustuudio T\u00e4he Viis), Loviise M\u00e4esalu (Tartu Karlova Kool), vokaalkammeransambel Vox pUNT ning dirigent Mihhail Gerts koos P\u00e4rnu Linnaorkestriga. Kontserdi l\u00f5ppedes valib DJ-puldis muusikat Maris Pihlap.<\/p>\n<p><strong>Galakontsert ja Tartu linna p\u00e4eva p\u00f5hiprogramm on k\u00f5igile tasuta.<\/strong><\/p>\n<p>Lisaks pakuvad p\u00e4eva jooksul k\u00f5rvalprogrammi Tartu m\u00e4nguasjamuusuem, Eesti spordi- ja ol\u00fcmpiamuuseum, Tartu kunstimuuseum, Tartu \u00fclikooli muuseum ja Tartu t\u00e4hetorn ning j\u00f5elaev Pegasus.<\/p>\n<p><a href=\"https:\/\/tartukorraldab.ee\/linna-paev\/programm\/\" target=\"_blank\" rel=\"noopener\">Tutvu kogu programmiga l\u00e4hemalt<\/a>.<\/p>\n<p><em>Lisainfo: Tartu linna p\u00e4eva produtsent Ragnar Konson, ragnar.konson@tartu.ee, +372 5825 0301<\/em><\/p>\n","protected":false},"excerpt":{"rendered":"<p>Sel p\u00fchap\u00e4eval, 29. juunil t\u00e4histatakse Tartu linna p\u00e4eva tiheda kultuuriprogrammiga. P\u00e4eva jooksul astuvad linna eri paigus lavale Jaan Pehk, EiK, Maris Pihlap, Jarek Kasar, Maria Listra ja Mari Kalkun. \u00d5htust galakontserti kannavad \u00fcle Delfi ja Tartu Postimees. Tartu linna p\u00e4ev algab kell 9 linnaklaveri ilmumisega Tartu avaturu juures. P\u00e4eva jooksul saab linnaklaveril musitseerida kell 11-12.30 [&hellip;]<\/p>\n","protected":false},"author":17,"featured_media":174904,"comment_status":"closed","ping_status":"closed","sticky":false,"template":"","format":"standard","meta":{"_acf_changed":false,"footnotes":""},"categories":[202],"tags":[213],"class_list":["post-174901","post","type-post","status-publish","format-standard","has-post-thumbnail","hentry","category-uudis","tag-sundmused"],"acf":[],"_links":{"self":[{"href":"https:\/\/visittartu.com\/et\/wp-json\/wp\/v2\/posts\/174901","targetHints":{"allow":["GET"]}}],"collection":[{"href":"https:\/\/visittartu.com\/et\/wp-json\/wp\/v2\/posts"}],"about":[{"href":"https:\/\/visittartu.com\/et\/wp-json\/wp\/v2\/types\/post"}],"author":[{"embeddable":true,"href":"https:\/\/visittartu.com\/et\/wp-json\/wp\/v2\/users\/17"}],"replies":[{"embeddable":true,"href":"https:\/\/visittartu.com\/et\/wp-json\/wp\/v2\/comments?post=174901"}],"version-history":[{"count":5,"href":"https:\/\/visittartu.com\/et\/wp-json\/wp\/v2\/posts\/174901\/revisions"}],"predecessor-version":[{"id":174931,"href":"https:\/\/visittartu.com\/et\/wp-json\/wp\/v2\/posts\/174901\/revisions\/174931"}],"wp:featuredmedia":[{"embeddable":true,"href":"https:\/\/visittartu.com\/et\/wp-json\/wp\/v2\/media\/174904"}],"wp:attachment":[{"href":"https:\/\/visittartu.com\/et\/wp-json\/wp\/v2\/media?parent=174901"}],"wp:term":[{"taxonomy":"category","embeddable":true,"href":"https:\/\/visittartu.com\/et\/wp-json\/wp\/v2\/categories?post=174901"},{"taxonomy":"post_tag","embeddable":true,"href":"https:\/\/visittartu.com\/et\/wp-json\/wp\/v2\/tags?post=174901"}],"curies":[{"name":"wp","href":"https:\/\/api.w.org\/{rel}","templated":true}]}}