 {"id":173944,"date":"2025-06-12T11:37:23","date_gmt":"2025-06-12T11:37:23","guid":{"rendered":"https:\/\/visittartu.com\/?p=173944"},"modified":"2025-06-12T11:37:23","modified_gmt":"2025-06-12T11:37:23","slug":"laulu-ja-tantsupeo-tuli-liigub-esmaspaeval-labi-ta","status":"publish","type":"post","link":"https:\/\/visittartu.com\/et\/laulu-ja-tantsupeo-tuli-liigub-esmaspaeval-labi-ta\/","title":{"rendered":"Laulu- ja tantsupeo tuli liigub esmasp\u00e4eval l\u00e4bi Tartu"},"content":{"rendered":"<p><strong>Esmasp\u00e4eval, 16. juunil r\u00e4ndab XXVIII laulu- ja tantsupeo &#8220;Iseoma&#8221; tuli Tartus. Tuleteekond algab hommikul laulupeomuuseumi pargis ja l\u00f5peb meeleoluka simmaniga Antoniuse \u00f5uel.<\/strong><\/p>\n<p>P\u00e4eva jooksul on tartlastel v\u00f5imalus peotuld tervitada ja etteasteid nautida linna eri paigus.<\/p>\n<p>Kell 10 tervitab laulupeomuuseumis tuld papa Jannsen.<br \/>\nKell 11 esineb laulupeo h\u00e4llis Maarja kiriku juures V\u00e4\u00e4gvere Pasunakoor.<br \/>\nKell 12 toimub tule suudlus raekoja platsil ning esinevad Politseikoor Chorus Menticum, Tartu \u00dclikooli akadeemiline puhkpilliorkester Popsid ja Tartu \u00dclikooli rahvakunstiansambel.<br \/>\nKell 15.30 liigub tuli kesklinnast puitpaadiga lodjakotta, tuld kannavad laulupeo segakooride liigijuht Triin Koch, tantsupeo Tartu-Voore liigijuht Aveli Asber ja rahvamuusikapeo loominguline juht Helin Pihlap.<br \/>\nKell 16 v\u00f5tab tule lodjakoja juures vastu muusik Silver Sepp.<br \/>\nKell 17 tervitavad tuld Tartu kesklinna pargis Laulupesa lapsed.<br \/>\nKell 18 j\u00f5uab tuli Tartu \u00dclikooli peahoone ette, kus esineb \u00fclikoolipere.<br \/>\nKell 19 toimub Antoniuse \u00f5uel meeleolukas simman folklooriklubiga Maatasa, tantsuks m\u00e4ngib etnomuusikat DJ Liis Rull.<br \/>\nLaulu- ja tantsupeo \u00fcritused j\u00e4tkuvad Tartus ka juulis, mil Pirogovi pargis toimub suur peon\u00e4dala otse\u00fclekannete \u00fchisvaatamine. 4. juulil n\u00e4idatakse rahvamuusika kontserti ja tantsupeo III etendust. 5. juulil saab kaasa elada pidulikule rongk\u00e4igule ja laulupeo avakontserdile. 6. juulil vaadatakse \u00fchiselt laulupeo suurkontserti.<\/p>\n<p><em>Lisainfo tuletulemise kohta Tartus: <a href=\"https:\/\/www.facebook.com\/events\/1149945850495887\" target=\"_blank\" rel=\"noopener\">https:\/\/www.facebook.com\/events\/1149945850495887<\/a><\/em><br \/>\n<em>Lisainfo \u00fchisvaatamiste kohta: <a href=\"https:\/\/www.facebook.com\/events\/656559920690130\" target=\"_blank\" rel=\"noopener\">https:\/\/www.facebook.com\/events\/656559920690130<\/a><\/em><\/p>\n","protected":false},"excerpt":{"rendered":"<p>Esmasp\u00e4eval, 16. juunil r\u00e4ndab XXVIII laulu- ja tantsupeo &#8220;Iseoma&#8221; tuli Tartus. Tuleteekond algab hommikul laulupeomuuseumi pargis ja l\u00f5peb meeleoluka simmaniga Antoniuse \u00f5uel. P\u00e4eva jooksul on tartlastel v\u00f5imalus peotuld tervitada ja etteasteid nautida linna eri paigus. Kell 10 tervitab laulupeomuuseumis tuld papa Jannsen. Kell 11 esineb laulupeo h\u00e4llis Maarja kiriku juures V\u00e4\u00e4gvere Pasunakoor. Kell 12 toimub [&hellip;]<\/p>\n","protected":false},"author":22,"featured_media":173945,"comment_status":"closed","ping_status":"closed","sticky":false,"template":"","format":"standard","meta":{"_acf_changed":false,"footnotes":""},"categories":[202],"tags":[213],"class_list":["post-173944","post","type-post","status-publish","format-standard","has-post-thumbnail","hentry","category-uudis","tag-sundmused"],"acf":[],"_links":{"self":[{"href":"https:\/\/visittartu.com\/et\/wp-json\/wp\/v2\/posts\/173944","targetHints":{"allow":["GET"]}}],"collection":[{"href":"https:\/\/visittartu.com\/et\/wp-json\/wp\/v2\/posts"}],"about":[{"href":"https:\/\/visittartu.com\/et\/wp-json\/wp\/v2\/types\/post"}],"author":[{"embeddable":true,"href":"https:\/\/visittartu.com\/et\/wp-json\/wp\/v2\/users\/22"}],"replies":[{"embeddable":true,"href":"https:\/\/visittartu.com\/et\/wp-json\/wp\/v2\/comments?post=173944"}],"version-history":[{"count":2,"href":"https:\/\/visittartu.com\/et\/wp-json\/wp\/v2\/posts\/173944\/revisions"}],"predecessor-version":[{"id":173952,"href":"https:\/\/visittartu.com\/et\/wp-json\/wp\/v2\/posts\/173944\/revisions\/173952"}],"wp:featuredmedia":[{"embeddable":true,"href":"https:\/\/visittartu.com\/et\/wp-json\/wp\/v2\/media\/173945"}],"wp:attachment":[{"href":"https:\/\/visittartu.com\/et\/wp-json\/wp\/v2\/media?parent=173944"}],"wp:term":[{"taxonomy":"category","embeddable":true,"href":"https:\/\/visittartu.com\/et\/wp-json\/wp\/v2\/categories?post=173944"},{"taxonomy":"post_tag","embeddable":true,"href":"https:\/\/visittartu.com\/et\/wp-json\/wp\/v2\/tags?post=173944"}],"curies":[{"name":"wp","href":"https:\/\/api.w.org\/{rel}","templated":true}]}}