 {"id":173310,"date":"2025-06-03T06:56:17","date_gmt":"2025-06-03T06:56:17","guid":{"rendered":"https:\/\/visittartu.com\/?p=173310"},"modified":"2026-01-26T10:00:56","modified_gmt":"2026-01-26T10:00:56","slug":"riidekollektsioon-minu-tartu","status":"publish","type":"post","link":"https:\/\/visittartu.com\/et\/riidekollektsioon-minu-tartu\/","title":{"rendered":"Laste joonistustest valmis riidekollektsioon \u201cMinu Tartu\u201d"},"content":{"rendered":"<p><strong>Lastekaitsep\u00e4eval avalikustati Tartu linna ja ettev\u00f5tte Black Giraffe korraldatud laste joonistuskonkursi \u201cV\u00e4ikeste kunstnike Tartu\u201d v\u00f5itjate t\u00f6\u00f6dest valminud riidekollektsioon \u201cMinu Tartu\u201d.<\/strong><\/p>\n<p>Joonistuskonkursile saadeti ligi 650 t\u00f6\u00f6d, millest kuus p\u00e4\u00e4sesid T-s\u00e4rkidest ja pusadest koosnevasse r\u00f5ivakollektsiooni \u201cMinu Tartu\u201d. Viis v\u00f5idut\u00f6\u00f6d valis v\u00e4lja \u017e\u00fcrii ning kuues selgus rahvah\u00e4\u00e4letusel.<\/p>\n<p>Konkursi v\u00f5idut\u00f6\u00f6de autoriteks olid Kermo Jantra, Freia Krull, Saara Suun, Uku Veenpere ja Mia-Anastasia Romanova, publiku lemmiku tiitli p\u00e4lvis Tetiana Dubyk. T\u00e4nukirjad \u00fches auhindadega \u2013 s\u00e4rgid ja pusad enda joonistustega \u2013 andis v\u00f5itjatele 1. juunil \u00fcle Tartu abilinnapea Elo Kiivet. &#8220;Laste ja noorte n\u00e4gemus Tartust on nii p\u00f5nev ja v\u00e4rske, et raputab v\u00e4lja argip\u00e4eva t\u00f5sidusest. See aitab k\u00f5igil ka oma fantaasia ellu \u00e4ratada ja m\u00e4rgata kodulinna harjumusp\u00e4rasest hoopis teistmoodi nurga alt,&#8221; kommenteeris Kiivet.<\/p>\n<p>Black Giraffe Brandi looja Kairi T\u00e4he s\u00f5nul on riidekollektsiooni loomise eesm\u00e4rgil asukohap\u00f5hist joonistuskonkurssi korraldatud ka P\u00e4rnus, kuid Tartus oli osalemishuvi laste ja noorte seas uskumatult suur. \u201cMeile laekus rekordarv esitatud t\u00f6id ja finalistide valimine osutus arvatust palju keerulisemaks. \u00dcks on aga kindel \u2013 Tartus kasvavad \u00fcle m\u00f5istuse loovad, nutikad ja r\u00f5\u00f5msad lapsed,\u201d s\u00f5nas T\u00e4he.<\/p>\n<p>Riidekollektsiooni \u201cMinu Tartu\u201d riided on m\u00fc\u00fcgil Black Giraffe\u2019i veebipoes ning j\u00f5uavad l\u00e4hin\u00e4dalatel m\u00fc\u00fcgile ka Tartu linna infokeskusesse, kingipoodi Kiiks ja Knihv ning disainipoodi HOPP. Ostetud toodete m\u00fc\u00fcgihinnast 10% annetatakse m\u00fc\u00fcgiperioodi l\u00f5pus tagasi laste ja noorte huvitegevusse.<\/p>\n<p><a href=\"https:\/\/www.tartu.ee\/et\/laste-joonistustest-riidekollektsioon-minu-tartu\" target=\"_blank\" rel=\"noopener\">Uudista vahvat galeriid<\/a>.<\/p>\n<p><em>Lisainfo: Kairi T\u00e4he, +372 5199 6320, kairi@blackgiraffe.ee.<\/em><\/p>\n","protected":false},"excerpt":{"rendered":"<p>Lastekaitsep\u00e4eval avalikustati Tartu linna ja ettev\u00f5tte Black Giraffe korraldatud laste joonistuskonkursi \u201cV\u00e4ikeste kunstnike Tartu\u201d v\u00f5itjate t\u00f6\u00f6dest valminud riidekollektsioon \u201cMinu Tartu\u201d. Joonistuskonkursile saadeti ligi 650 t\u00f6\u00f6d, millest kuus p\u00e4\u00e4sesid T-s\u00e4rkidest ja pusadest koosnevasse r\u00f5ivakollektsiooni \u201cMinu Tartu\u201d. Viis v\u00f5idut\u00f6\u00f6d valis v\u00e4lja \u017e\u00fcrii ning kuues selgus rahvah\u00e4\u00e4letusel. Konkursi v\u00f5idut\u00f6\u00f6de autoriteks olid Kermo Jantra, Freia Krull, Saara Suun, Uku [&hellip;]<\/p>\n","protected":false},"author":22,"featured_media":173325,"comment_status":"closed","ping_status":"closed","sticky":false,"template":"","format":"standard","meta":{"_acf_changed":false,"footnotes":""},"categories":[202],"tags":[1581,277],"class_list":["post-173310","post","type-post","status-publish","format-standard","has-post-thumbnail","hentry","category-uudis","tag-professionaal","tag-tartu-linn"],"acf":[],"_links":{"self":[{"href":"https:\/\/visittartu.com\/et\/wp-json\/wp\/v2\/posts\/173310","targetHints":{"allow":["GET"]}}],"collection":[{"href":"https:\/\/visittartu.com\/et\/wp-json\/wp\/v2\/posts"}],"about":[{"href":"https:\/\/visittartu.com\/et\/wp-json\/wp\/v2\/types\/post"}],"author":[{"embeddable":true,"href":"https:\/\/visittartu.com\/et\/wp-json\/wp\/v2\/users\/22"}],"replies":[{"embeddable":true,"href":"https:\/\/visittartu.com\/et\/wp-json\/wp\/v2\/comments?post=173310"}],"version-history":[{"count":5,"href":"https:\/\/visittartu.com\/et\/wp-json\/wp\/v2\/posts\/173310\/revisions"}],"predecessor-version":[{"id":173493,"href":"https:\/\/visittartu.com\/et\/wp-json\/wp\/v2\/posts\/173310\/revisions\/173493"}],"wp:featuredmedia":[{"embeddable":true,"href":"https:\/\/visittartu.com\/et\/wp-json\/wp\/v2\/media\/173325"}],"wp:attachment":[{"href":"https:\/\/visittartu.com\/et\/wp-json\/wp\/v2\/media?parent=173310"}],"wp:term":[{"taxonomy":"category","embeddable":true,"href":"https:\/\/visittartu.com\/et\/wp-json\/wp\/v2\/categories?post=173310"},{"taxonomy":"post_tag","embeddable":true,"href":"https:\/\/visittartu.com\/et\/wp-json\/wp\/v2\/tags?post=173310"}],"curies":[{"name":"wp","href":"https:\/\/api.w.org\/{rel}","templated":true}]}}