 {"id":172371,"date":"2025-05-27T06:24:14","date_gmt":"2025-05-27T06:24:14","guid":{"rendered":"https:\/\/visittartu.com\/?p=172371"},"modified":"2025-05-27T06:25:06","modified_gmt":"2025-05-27T06:25:06","slug":"manguasjamuuseum-avas-teatri-kodus-aknanaituse","status":"publish","type":"post","link":"https:\/\/visittartu.com\/et\/manguasjamuuseum-avas-teatri-kodus-aknanaituse\/","title":{"rendered":"M\u00e4nguasjamuuseum avas Teatri Kodus aknan\u00e4ituse"},"content":{"rendered":"<p><strong>Tartu M\u00e4nguasjamuuseum avas Tartus Lutsu ja Jakobi t\u00e4navate nurgal asuva Teatri Kodu akendel v\u00e4ljapaneku &#8220;Vana maja mitu elu\u201d. N\u00e4itus kutsub m\u00f6\u00f6dajalutajat m\u00f5tlema aastasadadele, mida v\u00e4\u00e4rikas maja n\u00e4inud on.<\/strong><\/p>\n<p>Tartu M\u00e4nguasjamuuseumi direktori Triin Vaaro s\u00f5nutsi on tore, et n\u00e4itus valmis 2010. aastal avatud Teatri Kodu 15. s\u00fcnnip\u00e4evaks. \u201eK\u00f5ik Eesti inimesed ei pruugigi teada, et m\u00e4nguasjamuuseum ei tegele ainult m\u00e4nguasjadega, vaid muuseumi juurde kuulub ka laste teatrimaja, kus suured ja v\u00e4ikesed saavad osa toredatest teatrietendustest ja haridusprogrammidest.\u201d<\/p>\n<p>Teatri Kodu hoone pakub nii seest kui v\u00e4ljast silmailu ning on t\u00f5eliselt v\u00e4\u00e4rika ajalooga. \u201eTahame sel suvel Tartu linnas jalutajaile ja Lutsu 2 hoonest m\u00f6\u00f6dujaile teha \u00fcllatuse ning nendega jagada, mida k\u00f5ike on see vana maja sajandite jooksul n\u00e4inud,\u201c selgitas Vaaro n\u00e4ituse s\u00fcnni tagamaid.<\/p>\n<p>Aknan\u00e4ituse k\u00fclastaja saab teada, et Toomem\u00e4e n\u00f5lva all on juba keskajal elatud ja siia on aegade jooksul korduvalt hooneid p\u00fcstitatud. Praegune puidust elumaja ehitati Jaani kiriku pastorile Tobias Plaschnigile aastatel 1755\u20131758. Tartut laastanud 1775. aasta tulekahjust j\u00e4id krundil paiknenud ehitised \u00f5nnekombel puutumata ning t\u00e4nu sellele on v\u00e4ike osa m\u00f6\u00f6dunud aegade ilust meile vaadata j\u00e4\u00e4nud. K\u00fcllap satuvad n\u00e4itust vaatama nii need, kel meenutada Genialistide Klubi p\u00e4evad, kui ka need, kes m\u00e4letavad spordikooli aegu. Lisaks saab akende ees seisatades teada, kuidas elasid selles majas omaaegsed linnasaksad, milline oli vabariigiaegne vaikelu ja kuidas maja s\u00f5jad \u00fcle elas.<\/p>\n<p>N\u00e4itus j\u00e4\u00e4b Teatri Kodu akendel avatuks kuni 2025. aasta septembri l\u00f5puni ning seda saab priilt vaadata nii varahommikul, s\u00fcdap\u00e4eval kui ka hilis\u00f5htul.<\/p>\n<p><em>N\u00e4itus on s\u00fcndinud t\u00e4nu Eesti Kultuurkapitali rahvakultuuri sihtkapitali toetusele. V\u00e4ljapanek on valminud Tartu M\u00e4nguasjamuuseumi 31. ja Teatri Kodu 15. s\u00fcnnip\u00e4evaks.<\/em><br \/>\n<em>Lisainfot Tartu M\u00e4nguasjamuuseumis ja Teatri Kodus toimuvate n\u00e4ituste, etenduste ja \u00f5pitubade kohta leiab aadressilt <a href=\"https:\/\/www.mm.ee\/\" target=\"_blank\" rel=\"noopener\">www.mm.ee<\/a>.<\/em><\/p>\n<p><em>Lisainfo: Marge P\u00e4rnits, Tartu M\u00e4nguasjamuuseumi arendusjuht, 5136716, marge@mm.ee, <a href=\"https:\/\/www.mm.ee\/\" target=\"_blank\" rel=\"noopener\">www.mm.ee<\/a><\/em><\/p>\n","protected":false},"excerpt":{"rendered":"<p>Tartu M\u00e4nguasjamuuseum avas Tartus Lutsu ja Jakobi t\u00e4navate nurgal asuva Teatri Kodu akendel v\u00e4ljapaneku &#8220;Vana maja mitu elu\u201d. N\u00e4itus kutsub m\u00f6\u00f6dajalutajat m\u00f5tlema aastasadadele, mida v\u00e4\u00e4rikas maja n\u00e4inud on. Tartu M\u00e4nguasjamuuseumi direktori Triin Vaaro s\u00f5nutsi on tore, et n\u00e4itus valmis 2010. aastal avatud Teatri Kodu 15. s\u00fcnnip\u00e4evaks. \u201eK\u00f5ik Eesti inimesed ei pruugigi teada, et m\u00e4nguasjamuuseum ei [&hellip;]<\/p>\n","protected":false},"author":17,"featured_media":172372,"comment_status":"closed","ping_status":"closed","sticky":false,"template":"","format":"standard","meta":{"_acf_changed":false,"footnotes":""},"categories":[202],"tags":[260],"class_list":["post-172371","post","type-post","status-publish","format-standard","has-post-thumbnail","hentry","category-uudis","tag-naitus"],"acf":[],"_links":{"self":[{"href":"https:\/\/visittartu.com\/et\/wp-json\/wp\/v2\/posts\/172371","targetHints":{"allow":["GET"]}}],"collection":[{"href":"https:\/\/visittartu.com\/et\/wp-json\/wp\/v2\/posts"}],"about":[{"href":"https:\/\/visittartu.com\/et\/wp-json\/wp\/v2\/types\/post"}],"author":[{"embeddable":true,"href":"https:\/\/visittartu.com\/et\/wp-json\/wp\/v2\/users\/17"}],"replies":[{"embeddable":true,"href":"https:\/\/visittartu.com\/et\/wp-json\/wp\/v2\/comments?post=172371"}],"version-history":[{"count":2,"href":"https:\/\/visittartu.com\/et\/wp-json\/wp\/v2\/posts\/172371\/revisions"}],"predecessor-version":[{"id":172378,"href":"https:\/\/visittartu.com\/et\/wp-json\/wp\/v2\/posts\/172371\/revisions\/172378"}],"wp:featuredmedia":[{"embeddable":true,"href":"https:\/\/visittartu.com\/et\/wp-json\/wp\/v2\/media\/172372"}],"wp:attachment":[{"href":"https:\/\/visittartu.com\/et\/wp-json\/wp\/v2\/media?parent=172371"}],"wp:term":[{"taxonomy":"category","embeddable":true,"href":"https:\/\/visittartu.com\/et\/wp-json\/wp\/v2\/categories?post=172371"},{"taxonomy":"post_tag","embeddable":true,"href":"https:\/\/visittartu.com\/et\/wp-json\/wp\/v2\/tags?post=172371"}],"curies":[{"name":"wp","href":"https:\/\/api.w.org\/{rel}","templated":true}]}}