 {"id":171997,"date":"2025-05-22T06:04:25","date_gmt":"2025-05-22T06:04:25","guid":{"rendered":"https:\/\/visittartu.com\/?p=171997"},"modified":"2025-05-22T06:04:25","modified_gmt":"2025-05-22T06:04:25","slug":"tahtvere-ounaoiepaev-toimub-sellel-puhapaeval","status":"publish","type":"post","link":"https:\/\/visittartu.com\/et\/tahtvere-ounaoiepaev-toimub-sellel-puhapaeval\/","title":{"rendered":"T\u00e4htvere \u00d5una\u00f5iep\u00e4ev toimub sellel p\u00fchap\u00e4eval"},"content":{"rendered":"<div class=\"intro\">\n<p><strong>5. mail kutsub k\u00f5iki 95-aastase T\u00e4htvere linnaosa traditsiooniline \u00d5una\u00f5iep\u00e4ev.<\/strong><\/p>\n<\/div>\n<p>Kogukonda ja k\u00fclalisi oodatakse T\u00e4htvere P\u00e4evakeskuse \u00f5uel Veski tn 35 alates kella 12st. Avatud on Ingeri Kohvik, korraldatakse tegevusi v\u00e4ikestele t\u00e4htverelastele, kaaslinlastega saab vahetada erinevaid taimi, tegutsevad taluturg ja kirbuturg ning \u00fcles astuvad p\u00e4evakeskuse tantsijad ja lauljad. Siin-seal linnaosas v\u00f5ivad jalutajad astuda sisse ka kodukohviku v\u00e4ravatest.<\/p>\n<p>Kell 13 k\u00f5neleb p\u00e4evakeskuse saalis keerulisteks aegadeks valmisolekust ja annab n\u00f5u Tartu\u00a0kriisikoordinaator Kristjan Kostabi. 14.00 esitleb mult\u0161ide ja kivide raamatut autor Aino M\u00f6lder, kell 15 tutvustab p\u00e4evakeskuse maja Tartu Ingerisoomlaste Selts ja samal ajal n\u00e4idatakse \u00f5uel, kuidas k\u00f5ige t\u00f5husamalt ja \u00f5igemini j\u00e4\u00e4tmeid taaskasutada.<\/p>\n<p>Saksa Kultuuri Instituudis Kastani tn 1 esineb kell 15 Vanemuise Seltsi meesansambel, kell 16 toovad Karlovast muusikalise tervituse Inga ja Toomas Lunge ning kell 17 toimub minikonverents linnaosa ajaloost, kus Karin Leivategija,\u00a0Mart Siilivask, Ants Siim ja Ants Johanson kutsuvad kaasa m\u00f5tlema kaugematest aegadest T\u00e4htvere m\u00f5isa v\u00e4ljadel, m\u00f5isast, Veski t\u00e4navast, aga ka II maailmas\u00f5ja j\u00e4lgedest T\u00e4htveres.<\/p>\n<p>S\u00fcndmuse info <a href=\"https:\/\/fb.me\/e\/7wFpsEZYe\" target=\"_blank\" rel=\"noopener\">Facebookis<\/a>.<\/p>\n","protected":false},"excerpt":{"rendered":"<p>5. mail kutsub k\u00f5iki 95-aastase T\u00e4htvere linnaosa traditsiooniline \u00d5una\u00f5iep\u00e4ev. Kogukonda ja k\u00fclalisi oodatakse T\u00e4htvere P\u00e4evakeskuse \u00f5uel Veski tn 35 alates kella 12st. Avatud on Ingeri Kohvik, korraldatakse tegevusi v\u00e4ikestele t\u00e4htverelastele, kaaslinlastega saab vahetada erinevaid taimi, tegutsevad taluturg ja kirbuturg ning \u00fcles astuvad p\u00e4evakeskuse tantsijad ja lauljad. Siin-seal linnaosas v\u00f5ivad jalutajad astuda sisse ka kodukohviku v\u00e4ravatest. [&hellip;]<\/p>\n","protected":false},"author":9,"featured_media":171998,"comment_status":"closed","ping_status":"closed","sticky":false,"template":"","format":"standard","meta":{"_acf_changed":false,"footnotes":""},"categories":[202],"tags":[213],"class_list":["post-171997","post","type-post","status-publish","format-standard","has-post-thumbnail","hentry","category-uudis","tag-sundmused"],"acf":[],"_links":{"self":[{"href":"https:\/\/visittartu.com\/et\/wp-json\/wp\/v2\/posts\/171997","targetHints":{"allow":["GET"]}}],"collection":[{"href":"https:\/\/visittartu.com\/et\/wp-json\/wp\/v2\/posts"}],"about":[{"href":"https:\/\/visittartu.com\/et\/wp-json\/wp\/v2\/types\/post"}],"author":[{"embeddable":true,"href":"https:\/\/visittartu.com\/et\/wp-json\/wp\/v2\/users\/9"}],"replies":[{"embeddable":true,"href":"https:\/\/visittartu.com\/et\/wp-json\/wp\/v2\/comments?post=171997"}],"version-history":[{"count":2,"href":"https:\/\/visittartu.com\/et\/wp-json\/wp\/v2\/posts\/171997\/revisions"}],"predecessor-version":[{"id":172004,"href":"https:\/\/visittartu.com\/et\/wp-json\/wp\/v2\/posts\/171997\/revisions\/172004"}],"wp:featuredmedia":[{"embeddable":true,"href":"https:\/\/visittartu.com\/et\/wp-json\/wp\/v2\/media\/171998"}],"wp:attachment":[{"href":"https:\/\/visittartu.com\/et\/wp-json\/wp\/v2\/media?parent=171997"}],"wp:term":[{"taxonomy":"category","embeddable":true,"href":"https:\/\/visittartu.com\/et\/wp-json\/wp\/v2\/categories?post=171997"},{"taxonomy":"post_tag","embeddable":true,"href":"https:\/\/visittartu.com\/et\/wp-json\/wp\/v2\/tags?post=171997"}],"curies":[{"name":"wp","href":"https:\/\/api.w.org\/{rel}","templated":true}]}}