 {"id":171538,"date":"2025-05-13T09:11:29","date_gmt":"2025-05-13T09:11:29","guid":{"rendered":"https:\/\/visittartu.com\/?p=171538"},"modified":"2025-05-13T09:18:25","modified_gmt":"2025-05-13T09:18:25","slug":"sirje-peterseni-naitus-tartu-kunstimajas","status":"publish","type":"post","link":"https:\/\/visittartu.com\/et\/sirje-peterseni-naitus-tartu-kunstimajas\/","title":{"rendered":"Sirje Peterseni n\u00e4itus Tartu Kunstimajas"},"content":{"rendered":"<p>Reedel, 16. mail kell 17.30 avatakse Tartu Kunstimaja suures saalis Sirje Peterseni isikun\u00e4itus \u201eTormid ja tungid\u201c. N\u00e4ituse kuraator on Kadri Asmer.<\/p>\n<p>&nbsp;<\/p>\n<p>N\u00e4itus teeb sissevaate kunstniku maaliloomingusse alates 1983. aastast kuni t\u00e4naseni. Sirje Peterseni kunstnikuks saamise ja olemise teekond algas aga t\u00e4pselt 50 aastat tagasi \u2013 1975. aastal asus ta \u00f5ppima Tartu Kunstikooli.<\/p>\n<p>N\u00e4ituse varasem osa keskendub 1980.\u20131990. aastatele, mis m\u00f5tteliselt koosneb kahest poolest: enne ja p\u00e4rast 1992. aastal toimunud ateljeep\u00f5lengut. P\u00e4rast k\u00f5ige kaotamist tuli sisuliselt alustada algusest \u2013 s\u00fcndis s\u00fcrreaalsuse ja kontseptuaalsusega eksperimenteeriv sari \u201eJalgratta leiutamine\u201c. Oluline on aga m\u00f5ista, et Sirje Peterseni maaliloomingu keskmes on alati inimene, isegi juhul, kui me \u00e4ratuntavat inimfiguuri ei n\u00e4e. N\u00e4ituse teist osa, 2002.\u20132025. aastaid, v\u00f5ibki kokku v\u00f5tta kui inimhinge peegeldusi k\u00f5igi oma pingete, igatsuste ja otsingutega. Lisaks varasematele teostele on eksponeeritud ka k\u00f5ige uuem maalilooming, mh suurteos \u201eTormid ja tungid\u201c (2024\/2025, 3 \u00d7 12 m).<\/p>\n<p>\u201eVaadates \u00fchtaegu nii Sirje Peterseni k\u00f5ige varasemasse kui hilisemasse loomingusse, siis v\u00f5ib tuua v\u00e4lja kolm l\u00e4bivat joont: abstraktsus ja v\u00e4rv kui k\u00f5iksus; inimest vaatlev pilk ning kindel arusaamine, et kunstita elada ei saa,\u201c on m\u00e4rkinud kuraator Kadri Asmer.<\/p>\n<p><strong>N\u00e4itusega paralleelselt ilmub mahukas kogumik \u201eSirje Petersen. Tormid ja tungid\u201c<\/strong>, kus erinevate valdkondade spetsialistid m\u00f5testavad loovust ja Sirje Peterseni loomingut l\u00e4bi oma eriala, nt ps\u00fchholoogia, loodus, muusika, teater ja kunstiajalugu. Lisaks eelnevale on raamatus reprodutseeritud 225 kunstiteost.<\/p>\n<p><strong>Sirje Petersen<\/strong>\u00a0(end Pannel, Protsin; s 1959) on Eesti maalikunstnik ja K\u00f5rgema Kunstikooli Pallas maalikunsti kaasprofessor. Alates 1981. aastast on ta osalenud enam kui 200 isiku- ja grupin\u00e4itusel Eestis ja v\u00e4lismaal, tema t\u00f6id leidub arvukalt nii ametlikes kunstikogudes kui ka erakollektsioonides. Sirje Petersen on ka Eesti Kunstnike Liidu, Eesti Maalikunstnike Liidu ja Tartu Kunstnike Liidu liige.<\/p>\n<p><strong>Kuraator:<\/strong>\u00a0Kadri Asmer<br \/>\n<strong>Graafiline disain:<\/strong>\u00a0Maarja Roosi<\/p>\n<p><strong>T\u00e4name:<\/strong>\u00a0Siim Asmer, Karin Hango, Liis Neemre, Sven Pertens, Per William Petersen, Margus Punab, perekond Semilarski, Andrei S\u00f5ritsa, Mihkel S\u00e4re, Kaamos Group O\u00dc, SA Postimehe Fond<\/p>\n<p><strong>Toetajad:<\/strong>\u00a0Art Protsin, AkzoNobel, Eesti Kultuurkapital, Eesti Rahvuskultuuri Fond, K\u00f5rgem Kunstikool Pallas, Skizze, Tartu Kultuurkapital<\/p>\n<p>N\u00e4itus j\u00e4\u00e4b avatuks 15. juunini.<\/p>\n<p>Tartu Kunstimaja (Vanemuise 26) on avatud K\u2013E 12.00\u201318.00. N\u00e4itused on tasuta.<\/p>\n<p>Tartu Kunstimaja n\u00e4itusetegevust toetavad Tartu Linnavalitsus ja Eesti Kultuurkapital.<\/p>\n<p>&nbsp;<\/p>\n<p><em>Lisainfo: Maret Tamme, Tartu Kunstimaja produtsent, <a title=\"mailto:produtsent@kunstimaja.ee\" href=\"mailto:produtsent@kunstimaja.ee\" data-linkindex=\"0\">produtsent@kunstimaja.ee, <\/a>5800 3882, <a title=\"http:\/\/www.kunstimaja.ee\" href=\"http:\/\/www.kunstimaja.ee\/\" data-auth=\"NotApplicable\" data-linkindex=\"1\" target=\"_blank\" rel=\"noopener\">www.kunstimaja.ee, <\/a>facebook.com\/kunstimaja<\/em><\/p>\n","protected":false},"excerpt":{"rendered":"<p>Reedel, 16. mail kell 17.30 avatakse Tartu Kunstimaja suures saalis Sirje Peterseni isikun\u00e4itus \u201eTormid ja tungid\u201c. N\u00e4ituse kuraator on Kadri Asmer. &nbsp; N\u00e4itus teeb sissevaate kunstniku maaliloomingusse alates 1983. aastast kuni t\u00e4naseni. Sirje Peterseni kunstnikuks saamise ja olemise teekond algas aga t\u00e4pselt 50 aastat tagasi \u2013 1975. aastal asus ta \u00f5ppima Tartu Kunstikooli. N\u00e4ituse varasem [&hellip;]<\/p>\n","protected":false},"author":22,"featured_media":171531,"comment_status":"closed","ping_status":"closed","sticky":false,"template":"","format":"standard","meta":{"_acf_changed":false,"footnotes":""},"categories":[202],"tags":[260],"class_list":["post-171538","post","type-post","status-publish","format-standard","has-post-thumbnail","hentry","category-uudis","tag-naitus"],"acf":[],"_links":{"self":[{"href":"https:\/\/visittartu.com\/et\/wp-json\/wp\/v2\/posts\/171538","targetHints":{"allow":["GET"]}}],"collection":[{"href":"https:\/\/visittartu.com\/et\/wp-json\/wp\/v2\/posts"}],"about":[{"href":"https:\/\/visittartu.com\/et\/wp-json\/wp\/v2\/types\/post"}],"author":[{"embeddable":true,"href":"https:\/\/visittartu.com\/et\/wp-json\/wp\/v2\/users\/22"}],"replies":[{"embeddable":true,"href":"https:\/\/visittartu.com\/et\/wp-json\/wp\/v2\/comments?post=171538"}],"version-history":[{"count":2,"href":"https:\/\/visittartu.com\/et\/wp-json\/wp\/v2\/posts\/171538\/revisions"}],"predecessor-version":[{"id":171540,"href":"https:\/\/visittartu.com\/et\/wp-json\/wp\/v2\/posts\/171538\/revisions\/171540"}],"wp:featuredmedia":[{"embeddable":true,"href":"https:\/\/visittartu.com\/et\/wp-json\/wp\/v2\/media\/171531"}],"wp:attachment":[{"href":"https:\/\/visittartu.com\/et\/wp-json\/wp\/v2\/media?parent=171538"}],"wp:term":[{"taxonomy":"category","embeddable":true,"href":"https:\/\/visittartu.com\/et\/wp-json\/wp\/v2\/categories?post=171538"},{"taxonomy":"post_tag","embeddable":true,"href":"https:\/\/visittartu.com\/et\/wp-json\/wp\/v2\/tags?post=171538"}],"curies":[{"name":"wp","href":"https:\/\/api.w.org\/{rel}","templated":true}]}}