 {"id":167460,"date":"2025-04-06T12:05:04","date_gmt":"2025-04-06T12:05:04","guid":{"rendered":"https:\/\/visittartu.com\/?p=167460"},"modified":"2025-04-07T08:23:22","modified_gmt":"2025-04-07T08:23:22","slug":"programm-tourest-hosted-buyers-toi-tartusse-kaugeid-kulalisi","status":"publish","type":"post","link":"https:\/\/visittartu.com\/et\/programm-tourest-hosted-buyers-toi-tartusse-kaugeid-kulalisi\/","title":{"rendered":"Programm Tourest Hosted Buyers t\u00f5i Tartusse kaugeid k\u00fclalisi"},"content":{"rendered":"<p><strong>Eesti turismiaasta suurim kohalik B2B-\u00fcritus Tourest Hosted Buyers programm t\u00f5i jaanuari l\u00f5pus Eestisse 47 Euroopa edasim\u00fc\u00fcjat \u00fcheteistk\u00fcmnest erinevast riigist. Programmi \u00fcheks oluliseks osaks oli ka Tartu ja L\u00f5una-Eesti k\u00fclastamine.<\/strong><\/p>\n<p>Visit Estonia, Eesti Turismi- ja Reisifirmade Liidu, airBalticu, Tallinna linna ning kogu Eesti DMOde \u00fchise pingutusena toimuvast viiep\u00e4evasest programmist v\u00f5tsid seekord osa \u00fcheteistk\u00fcmne riigi edasim\u00fc\u00fcjad: Soomest 9, Saksamaalt 16, Norrast 3, Taanist 5, \u00dchendkuningriigist 2, Hispaaniast 3, Itaaliast 4 ning Rootsist, Belgiast, Prantsusmaalt ja \u0160veitsist iga\u00fchest \u00fcks esindaja.<\/p>\n<p>Olgugi et Tourest Hosted Buyers (THB) toimub igal aastal s\u00fcdatalvel, teisis\u00f5nu ajal, mil kohalik vabatahtlikult nina v\u00e4lja ei pista, ei ole programmi eesm\u00e4rk n\u00e4idata v\u00e4lism\u00fc\u00fcjatele madalhooaja v\u00f5imalusi Eestis, vaid ka seda, mida siin saab teha kevadel, suvel ja s\u00fcgisel. Eesti kui mitmek\u00fclgsete turismiv\u00f5imalustega maa potentsiaalist saavad k\u00fclalised k\u00f5ige vahetumalt aimu THB j\u00e4reltuuridel.<\/p>\n<p>Tartule p\u00fchendatud programmi aitas kokku panna Visit Tartu \u00e4ri- ja konverentsiturismi spetsialist Merje Laimets. Tartu reisikavas olid <a href=\"https:\/\/visittartu.com\/et\/objekt\/eesti-rahva-muuseum-erm\/\" target=\"_blank\" rel=\"noopener\">Eesti Rahva Muuseum<\/a>, restoranid <a href=\"https:\/\/visittartu.com\/et\/objekt\/restoran-humal\/\" target=\"_blank\" rel=\"noopener\">Humal<\/a>, <a href=\"https:\/\/visittartu.com\/et\/objekt\/toko-restoran\/\" target=\"_blank\" rel=\"noopener\">TOKO<\/a> ja <a href=\"https:\/\/visittartu.com\/et\/objekt\/restoran-pompei\/\" target=\"_blank\" rel=\"noopener\">Pompei<\/a>, <a href=\"https:\/\/visittartu.com\/et\/objekt\/typa-truki-ja-paberikunstikeskus\/\" target=\"_blank\" rel=\"noopener\">TYPA tr\u00fcki- ja paberikunstikeskus<\/a>, hotellid <a href=\"https:\/\/visittartu.com\/et\/objekt\/v-spaa-ja-konverentsihotell\/\" target=\"_blank\" rel=\"noopener\">V Spa<\/a>, <a href=\"https:\/\/visittartu.com\/et\/objekt\/hotell-sophia-by-tartuhotels\/\" target=\"_blank\" rel=\"noopener\">Sophia<\/a>, <a href=\"https:\/\/visittartu.com\/et\/objekt\/hotell-lydia\/\" target=\"_blank\" rel=\"noopener\">Lydia<\/a> ja <a href=\"https:\/\/visittartu.com\/et\/objekt\/art-hotell-pallas-by-tartuhotels\/\" target=\"_blank\" rel=\"noopener\">Pallas<\/a>, lisaks r\u00f5\u00f5mustas k\u00fclalisi linnaekskursioon.<\/p>\n<p>Lisaks j\u00f5e\u00e4\u00e4rse kultuuri- ja \u00fclikoolilinna v\u00e4isamisele saadi osa Baltikumi suurima \u00e4rifestivali Startup Day m\u00f5nusast melust, mis Tartu t\u00e4navad ja kohvikud k\u00fclastajatega t\u00e4itis.<\/p>\n<p>Visit Estonia j\u00e4relkajaga kogu programmi ulatuses saab tutvuda <a href=\"https:\/\/puhkaeestis.ee\/et\/traveltrade\/tourest-hosted-buyers-2025-jarelkaja\" target=\"_blank\" rel=\"noopener\">siin<\/a>. Tourest Hosted Buyersi Tartu k\u00fclastuse kava on n\u00e4htav <a href=\"https:\/\/visitestonia.com\/en\/traveltrade\/tourest-hosted-buyer-programme-south-estonia-tartu?_gl=1*yi1pqi*_gcl_au*MjEyNjEwNjk2Ni4xNzM4NTY0ODk2*_ga*MTI5OTk1MTI3MS4xNzA0MjAxMjEy*_ga_VMRH9ZCRN3*MTc0MzkzNzE1My4yNzMuMS4xNzQzOTM4Mzc5LjAuMC4yMjI1MjgyMjU.*_ga_JYNC1K5786*MTc0MzkzNzE1My4yOTcuMS4xNzQzOTM4Mzc5LjQ5LjAuMA..\" target=\"_blank\" rel=\"noopener\">siin<\/a>.<\/p>\n<p><em>Lisainfo: Merje Laimets, \u00e4ri- ja konverentsiturismi spetsialist, merje.laimets@visittartu.com.<\/em><\/p>\n","protected":false},"excerpt":{"rendered":"<p>Eesti turismiaasta suurim kohalik B2B-\u00fcritus Tourest Hosted Buyers programm t\u00f5i jaanuari l\u00f5pus Eestisse 47 Euroopa edasim\u00fc\u00fcjat \u00fcheteistk\u00fcmnest erinevast riigist. Programmi \u00fcheks oluliseks osaks oli ka Tartu ja L\u00f5una-Eesti k\u00fclastamine. Visit Estonia, Eesti Turismi- ja Reisifirmade Liidu, airBalticu, Tallinna linna ning kogu Eesti DMOde \u00fchise pingutusena toimuvast viiep\u00e4evasest programmist v\u00f5tsid seekord osa \u00fcheteistk\u00fcmne riigi edasim\u00fc\u00fcjad: Soomest [&hellip;]<\/p>\n","protected":false},"author":3,"featured_media":167461,"comment_status":"closed","ping_status":"closed","sticky":false,"template":"","format":"standard","meta":{"_acf_changed":false,"footnotes":""},"categories":[202],"tags":[251],"class_list":["post-167460","post","type-post","status-publish","format-standard","has-post-thumbnail","hentry","category-uudis","tag-konverents"],"acf":[],"_links":{"self":[{"href":"https:\/\/visittartu.com\/et\/wp-json\/wp\/v2\/posts\/167460","targetHints":{"allow":["GET"]}}],"collection":[{"href":"https:\/\/visittartu.com\/et\/wp-json\/wp\/v2\/posts"}],"about":[{"href":"https:\/\/visittartu.com\/et\/wp-json\/wp\/v2\/types\/post"}],"author":[{"embeddable":true,"href":"https:\/\/visittartu.com\/et\/wp-json\/wp\/v2\/users\/3"}],"replies":[{"embeddable":true,"href":"https:\/\/visittartu.com\/et\/wp-json\/wp\/v2\/comments?post=167460"}],"version-history":[{"count":5,"href":"https:\/\/visittartu.com\/et\/wp-json\/wp\/v2\/posts\/167460\/revisions"}],"predecessor-version":[{"id":167488,"href":"https:\/\/visittartu.com\/et\/wp-json\/wp\/v2\/posts\/167460\/revisions\/167488"}],"wp:featuredmedia":[{"embeddable":true,"href":"https:\/\/visittartu.com\/et\/wp-json\/wp\/v2\/media\/167461"}],"wp:attachment":[{"href":"https:\/\/visittartu.com\/et\/wp-json\/wp\/v2\/media?parent=167460"}],"wp:term":[{"taxonomy":"category","embeddable":true,"href":"https:\/\/visittartu.com\/et\/wp-json\/wp\/v2\/categories?post=167460"},{"taxonomy":"post_tag","embeddable":true,"href":"https:\/\/visittartu.com\/et\/wp-json\/wp\/v2\/tags?post=167460"}],"curies":[{"name":"wp","href":"https:\/\/api.w.org\/{rel}","templated":true}]}}