 {"id":167419,"date":"2025-04-04T10:03:14","date_gmt":"2025-04-04T10:03:14","guid":{"rendered":"https:\/\/visittartu.com\/?p=167419"},"modified":"2025-04-04T10:03:14","modified_gmt":"2025-04-04T10:03:14","slug":"kunstiruhmitus-vedelik-tartu-kunstimajas","status":"publish","type":"post","link":"https:\/\/visittartu.com\/et\/kunstiruhmitus-vedelik-tartu-kunstimajas\/","title":{"rendered":"Kunstir\u00fchmitus VEDELIK Tartu Kunstimajas"},"content":{"rendered":"<p><strong>Reedel, 11. aprillil kell 17.00 avatakse Tartu Kunstimaja v\u00e4ikeses saalis kunstir\u00fchmituse VEDELIK grupin\u00e4itus \u201eVedeliku kiiluvees\u201d.<\/strong><\/p>\n<p>R\u00fchmitus VEDELIK tekkis 1995.aastal. Nimevalimise koosolek toimus kohvikus Pegasus, kus osalejaid oli neli. Algusest peale on VEDELIKU tegevused peaaegu etteaimamatud ja liikmeskond voolav.<\/p>\n<p>VEDELIK on varjatud m\u00f5\u00f5de, sest ta pole otseselt defineeritav: tihti tuleb j\u00e4reldada v\u00f5i tuletada, v\u00f5ttes aluseks elemendid, mida ta korrastab v\u00f5i organiseerib. VEDELIK k\u00f6idab erinevaid isikup\u00e4rase stiiliga kunstnikke, koondades nad \u00fchtseks tugevavooluliseks koosluseks. Liikmeks olemine on midagi loodusj\u00f5u sarnast, mis kihutab sind hetkega l\u00e4bi ebarealistlike maailmade m\u00f5tete ja tegude virrvarri. Palju on tegemist tasakaalu leidmisega, iga uue n\u00e4ituse ja etteastega ollakse juba j\u00e4rgmises m\u00f5tteruumis. Voolu hetkeks peatudes ollakse kohal, siin ja praegu, hetk hiljem v\u00f5i \u00fclehomme v\u00f5ib olla juba t\u00e4iesti uutmoodi VEDELIKU kogemus.<\/p>\n<p>K\u00e4esoleva n\u00e4ituse inspiratsiooniks on vool, voolamine, voolavus.<\/p>\n<p>\u201eTavam\u00f5ttes on lihtsam keskenduda tasastele, \u00e4raproovitud lahendustele. Riskantsem ning n\u00fcansirikkam on lasta end vahutaval, isep\u00e4isel voolul kanda. Vedeliku vahuses kiiluvees v\u00f5id teha, mida soovid ja suudad sellest, mis sul (m\u00f5tteis) olemas ning &#8230; heureka! \u2013 rohkem polegi \u00f5nneks vaja,\u201c selgitavad osalejad.<\/p>\n<p>N\u00e4itusel osalevad: Mauri Gross, Eero Ijavoinen, Kristjan Juusu, Jane Kaas, Kristjan Kalde, Liis Karu, Erki Kasemets, Vilen K\u00fcnnapu, Eneli Luiga, Luulur, Raija Meril\u00e4, Ulla M\u00f6lder, Evar Ritsaar, Meelis Saluj\u00e4rv, Argo Soodla, Sven Erik Stamberg, Martti Suurorg, Santa Zukker, Margus Tiitsmaa, Pille Vassar, Marge Viirg, Eva Vint, David Wilkinson<\/p>\n<p>N\u00e4itus j\u00e4\u00e4b avatuks 11. maini.<\/p>\n<p><em>Lisainfo: Maret Tamme, Tartu Kunstimaja produtsent, <a href=\"mailto:produtsent@kunstimaja.ee\">produtsent@kunstimaja.ee, <\/a>5800 3882<\/em><\/p>\n","protected":false},"excerpt":{"rendered":"<p>Reedel, 11. aprillil kell 17.00 avatakse Tartu Kunstimaja v\u00e4ikeses saalis kunstir\u00fchmituse VEDELIK grupin\u00e4itus \u201eVedeliku kiiluvees\u201d. R\u00fchmitus VEDELIK tekkis 1995.aastal. Nimevalimise koosolek toimus kohvikus Pegasus, kus osalejaid oli neli. Algusest peale on VEDELIKU tegevused peaaegu etteaimamatud ja liikmeskond voolav. VEDELIK on varjatud m\u00f5\u00f5de, sest ta pole otseselt defineeritav: tihti tuleb j\u00e4reldada v\u00f5i tuletada, v\u00f5ttes aluseks elemendid, [&hellip;]<\/p>\n","protected":false},"author":9,"featured_media":167420,"comment_status":"closed","ping_status":"closed","sticky":false,"template":"","format":"standard","meta":{"_acf_changed":false,"footnotes":""},"categories":[202],"tags":[260],"class_list":["post-167419","post","type-post","status-publish","format-standard","has-post-thumbnail","hentry","category-uudis","tag-naitus"],"acf":[],"_links":{"self":[{"href":"https:\/\/visittartu.com\/et\/wp-json\/wp\/v2\/posts\/167419","targetHints":{"allow":["GET"]}}],"collection":[{"href":"https:\/\/visittartu.com\/et\/wp-json\/wp\/v2\/posts"}],"about":[{"href":"https:\/\/visittartu.com\/et\/wp-json\/wp\/v2\/types\/post"}],"author":[{"embeddable":true,"href":"https:\/\/visittartu.com\/et\/wp-json\/wp\/v2\/users\/9"}],"replies":[{"embeddable":true,"href":"https:\/\/visittartu.com\/et\/wp-json\/wp\/v2\/comments?post=167419"}],"version-history":[{"count":1,"href":"https:\/\/visittartu.com\/et\/wp-json\/wp\/v2\/posts\/167419\/revisions"}],"predecessor-version":[{"id":167424,"href":"https:\/\/visittartu.com\/et\/wp-json\/wp\/v2\/posts\/167419\/revisions\/167424"}],"wp:featuredmedia":[{"embeddable":true,"href":"https:\/\/visittartu.com\/et\/wp-json\/wp\/v2\/media\/167420"}],"wp:attachment":[{"href":"https:\/\/visittartu.com\/et\/wp-json\/wp\/v2\/media?parent=167419"}],"wp:term":[{"taxonomy":"category","embeddable":true,"href":"https:\/\/visittartu.com\/et\/wp-json\/wp\/v2\/categories?post=167419"},{"taxonomy":"post_tag","embeddable":true,"href":"https:\/\/visittartu.com\/et\/wp-json\/wp\/v2\/tags?post=167419"}],"curies":[{"name":"wp","href":"https:\/\/api.w.org\/{rel}","templated":true}]}}