 {"id":165636,"date":"2025-03-17T07:52:15","date_gmt":"2025-03-17T07:52:15","guid":{"rendered":"https:\/\/visittartu.com\/?p=165636"},"modified":"2025-03-17T08:31:23","modified_gmt":"2025-03-17T08:31:23","slug":"korgema-kunstikooli-pallas-nahadisaini-osakonna-uhisnaitus","status":"publish","type":"post","link":"https:\/\/visittartu.com\/et\/korgema-kunstikooli-pallas-nahadisaini-osakonna-uhisnaitus\/","title":{"rendered":"K\u00f5rgema Kunstikooli Pallas nahadisaini osakonna \u00fchisn\u00e4itus"},"content":{"rendered":"<p><strong>Neljap\u00e4eval, 20. m\u00e4rtsil kell 17 avaneb galeriis Pallas K\u00f5rgema Kunstikooli Pallas nahadisaini osakonna n\u00e4itus \u201cHoia oma nahk\/a\u201d, mis t\u00f5stab keskmesse naha kui materjali v\u00e4\u00e4rtuse<\/strong>.<\/p>\n<p>Nahk on eriline materjal: unikaalne, mitmek\u00fclgne, ehe. See on olnud kellegi p\u00e4ris nahk, kellelegi k\u00f5ige l\u00e4hem ja armsam. Misp\u00e4rast tuleb sellega \u00fcmber k\u00e4ia vastutustundlikult: teha midagi, mida ka uus omanik peab armsaks ja hoiab h\u00e4sti \u2013 nagu oma nahka.<\/p>\n<p>N\u00e4itusesaali tuuakse esemed, mis p\u00fc\u00fcavad anda materjalile v\u00f5imalikult pika ja m\u00f5testatud elu. Siinsed objektid pole pelgalt esteetiliselt nauditavad, vaid ka funktsionaalsed ja t\u00e4henduslikud. Autorid on v\u00f5tnud eesm\u00e4rgiks mitte \u00fcksnes visuaalselt k\u00f6itva disaini, vaid annavad materjalile ka uue t\u00e4henduse, arvestades loomevaldkonna sotsiaalset, kultuurilist ja majanduslikku m\u00f5ju.<\/p>\n<p>\u201eEt minna edasi, tuleb vaadata ka tagasi, seep\u00e4rast teeme ka t\u00e4nap\u00e4eval endiselt avastusretki minevikup\u00e4randisse, et \u00f5ppida esivanematelt praktilisust ja hoida elus vanu t\u00f6\u00f6v\u00f5tteid, s\u00fcmboleid ja t\u00e4hendusi. Ajal, mil kogu globaalne teave on s\u00f5rmeotste kaugusel, on avardumisretk sissepoole v\u00f5i inimp\u00f5lvi pidi tagasi endiselt aegumatu alternatiiv,\u201c k\u00f5nelevad n\u00e4itusel osalejad.<\/p>\n<p><strong>K\u00f5igile huvilistele toimub n\u00e4ituse publikuprogrammi raames 12. aprillil kell 13\u201315 t\u00f6\u00f6tuba ja kuraatorituur. \u00a0<\/strong><\/p>\n<p>N\u00e4itusel esinevad: Helene Triin \u00d5unapuu, Angeelica Kokla, Emily Turro, Merrit Helistve, Christopher Mururand, Eliise Sallaste, Merilin Kask, Katerina Kaplan, Anni Vallsalu, Eliise-Anette Muuga, Tuule Tensing, Aita Ambos, Mare Rahkema, Kadri Eliise Eensaar, Lisete J\u00f5epera, Lennart Andreas Paluteder, Helen Grosn\u00f5i, Carolin Reedi, Regita Lepla, Iris J\u00e4rg, Kristi M\u00e4nnik, Anett Holter, Heli Saar, Helen Vetik, Janika Autor, Merilin Kask, Birgit Peerna, Moolen Veering, Kerli J\u00f5gi, Taaniel Tambet, Juta M\u00f6lder, Maila K\u00e4os, Rutt Maantoa, Gerda Retter, Tiina Karu, Kristel Suigussaar, T\u00f5nu Ojaperv; helikujundus Kertu Katriin Kotkas.<\/p>\n<p><em>Lisainfo: Kristel Suigussaar, kristel.suigussaar@pallasart.ee, +372 5816 8231<\/em><\/p>\n<p><em>Galerii Pallas, galerii@pallasart.ee, +372 734 9954, T\u2013L 11\u201318, Riia 11, Tartu,\u00a0 <a href=\"https:\/\/www.facebook.com\/GaleriiPallas\" target=\"_blank\" rel=\"noopener\">www.facebook.com\/GaleriiPallas<\/a><\/em><\/p>\n","protected":false},"excerpt":{"rendered":"<p>Neljap\u00e4eval, 20. m\u00e4rtsil kell 17 avaneb galeriis Pallas K\u00f5rgema Kunstikooli Pallas nahadisaini osakonna n\u00e4itus \u201cHoia oma nahk\/a\u201d, mis t\u00f5stab keskmesse naha kui materjali v\u00e4\u00e4rtuse. Nahk on eriline materjal: unikaalne, mitmek\u00fclgne, ehe. See on olnud kellegi p\u00e4ris nahk, kellelegi k\u00f5ige l\u00e4hem ja armsam. Misp\u00e4rast tuleb sellega \u00fcmber k\u00e4ia vastutustundlikult: teha midagi, mida ka uus omanik peab [&hellip;]<\/p>\n","protected":false},"author":17,"featured_media":165631,"comment_status":"closed","ping_status":"closed","sticky":false,"template":"","format":"standard","meta":{"_acf_changed":false,"footnotes":""},"categories":[202],"tags":[260],"class_list":["post-165636","post","type-post","status-publish","format-standard","has-post-thumbnail","hentry","category-uudis","tag-naitus"],"acf":[],"_links":{"self":[{"href":"https:\/\/visittartu.com\/et\/wp-json\/wp\/v2\/posts\/165636","targetHints":{"allow":["GET"]}}],"collection":[{"href":"https:\/\/visittartu.com\/et\/wp-json\/wp\/v2\/posts"}],"about":[{"href":"https:\/\/visittartu.com\/et\/wp-json\/wp\/v2\/types\/post"}],"author":[{"embeddable":true,"href":"https:\/\/visittartu.com\/et\/wp-json\/wp\/v2\/users\/17"}],"replies":[{"embeddable":true,"href":"https:\/\/visittartu.com\/et\/wp-json\/wp\/v2\/comments?post=165636"}],"version-history":[{"count":4,"href":"https:\/\/visittartu.com\/et\/wp-json\/wp\/v2\/posts\/165636\/revisions"}],"predecessor-version":[{"id":165646,"href":"https:\/\/visittartu.com\/et\/wp-json\/wp\/v2\/posts\/165636\/revisions\/165646"}],"wp:featuredmedia":[{"embeddable":true,"href":"https:\/\/visittartu.com\/et\/wp-json\/wp\/v2\/media\/165631"}],"wp:attachment":[{"href":"https:\/\/visittartu.com\/et\/wp-json\/wp\/v2\/media?parent=165636"}],"wp:term":[{"taxonomy":"category","embeddable":true,"href":"https:\/\/visittartu.com\/et\/wp-json\/wp\/v2\/categories?post=165636"},{"taxonomy":"post_tag","embeddable":true,"href":"https:\/\/visittartu.com\/et\/wp-json\/wp\/v2\/tags?post=165636"}],"curies":[{"name":"wp","href":"https:\/\/api.w.org\/{rel}","templated":true}]}}