 {"id":164395,"date":"2025-03-03T10:12:40","date_gmt":"2025-03-03T10:12:40","guid":{"rendered":"https:\/\/visittartu.com\/?p=164395"},"modified":"2025-03-03T10:13:27","modified_gmt":"2025-03-03T10:13:27","slug":"ollemuuseumis-avatakse-peeter-undi-taaskasutusnaitus","status":"publish","type":"post","link":"https:\/\/visittartu.com\/et\/ollemuuseumis-avatakse-peeter-undi-taaskasutusnaitus\/","title":{"rendered":"\u00d5llemuuseumis avatakse Peeter Undi taaskasutusn\u00e4itus"},"content":{"rendered":"<p><strong>11. m\u00e4rtsil kell 16 avatakse \u00f5llemuuseumi kunstitunnelis Peeter Undi n\u00e4itus \u201eM\u00f6\u00f6bel peegeldab maailma\u201c. Kunstniku k\u00e4e all on vana \u00e4ravisatud m\u00f6\u00f6bel saanud uue elu ja muutunud v\u00e4rvik\u00fcllaseks geomeetriliseks kunstiks.<\/strong><\/p>\n<p>Peeter Undi s\u00f5nul v\u00f5itleb ta v\u00e4rvide ja lugudega elu halluse vastu. \u201cUue elu andjana meeldib mulle n\u00e4ha, kuidas erisugused klotsid hakkavad aina valjemalt oma lugu r\u00e4\u00e4kima. Eriti jutukaks muutuvad nad v\u00e4rvidega kohtudes. Ei j\u00e4\u00e4gi muud \u00fcle, kui neid kuulata ja vaadata ning k\u00f5rva tagant pintsliga s\u00fcgada,\u201d r\u00e4\u00e4gib kunstnik.<\/p>\n<p>Unt kasutab oma t\u00f6\u00f6des assamblaa\u017ei tehnikat, saagides vanast n\u00f5ukaaegsest m\u00f6\u00f6blist v\u00e4lja erikujulised klotsid, mille ta v\u00e4rvib ja kinnitab liimides v\u00f5i naelte abil m\u00f6\u00f6blit\u00fckile<\/p>\n<p>K\u00f5ik n\u00e4ituse t\u00f6\u00f6d on uued, valminud 2025. aasta alguses. V\u00f5rreldes varasemaga, on Undi piltide teemad liikunud looma- ja linnuriigist natuke rohkem inimeste maailma poole.<\/p>\n<p>Peeter Unt (s. 1978) on taaskasutusettev\u00f5tte Funkpunk omanik ja Tartu Teaduspargi projektijuht. Tegemist on tema kolmanda isikun\u00e4itusega. Lisainfot ja rohkem Peeter Undi t\u00f6id leiate tema kodulehelt:\u00a0<a title=\"https:\/\/l.facebook.com\/l.php?u=http%3A%2F%2Fwww.funkpunk.ee%2F%3Ffbclid%3DIwZXh0bgNhZW0CMTAAAR3DTBmzpfp0WQtC0Q6irwbcgdTt0sdMDJlTui3yltH0cyx2rpTpcgD5GAQ_aem_hrkJVD4EaiPYEyGUi2gpZw&amp;h=AT0thY_an_anpgkxyFAk8Glg0B_zm98zdhtsyUHd2VWeoLhmAQ_HPD2ft-_z7jXFQDkq57WFHbibocnoOf-0iTTQE9sRmlmBgt-L9ofnW2ZzaYqC3z-c69zMq2C6wbqFvQ&amp;__tn__=q&amp;c%5b0%5d=AT138SFEyeCFQETg8Uzy_YnMhbQFbGHwNuwS0eVGcpXhB6VhTiTSz1N3-kd_zA6U-8r7vrUjZlkJwv6ciThxUtjQ6jhGIFHHb4T8BMKrqalObdvZMlzvzgMcH2N3tueVQbyQTDCHoOe9zrggq6OEELwodoi30t5ZINNQgw\" href=\"https:\/\/www.funkpunk.ee\/\" target=\"_blank\" rel=\"noopener\" data-auth=\"NotApplicable\" data-linkindex=\"0\">www.funkpunk.ee<\/a>.<\/p>\n<p>N\u00e4ituse kuraator on Sille Talvet-Unt.\u00a0N\u00e4itus j\u00e4\u00e4b avatuks 7. juunini ja seda saab k\u00fclastada T-R 11-18 ja L 11-17. N\u00e4ituse k\u00fclastamine on tasuta.<\/p>\n<p><em>Lisainfo: <a href=\"https:\/\/ollemaailm.alecoq.ee\/kunstinaitused\/\" target=\"_blank\" rel=\"noopener\">A. Le Coqi \u00f5llemuuseumi kunstin\u00e4itused<\/a><\/em><\/p>\n","protected":false},"excerpt":{"rendered":"<p>11. m\u00e4rtsil kell 16 avatakse \u00f5llemuuseumi kunstitunnelis Peeter Undi n\u00e4itus \u201eM\u00f6\u00f6bel peegeldab maailma\u201c. Kunstniku k\u00e4e all on vana \u00e4ravisatud m\u00f6\u00f6bel saanud uue elu ja muutunud v\u00e4rvik\u00fcllaseks geomeetriliseks kunstiks. Peeter Undi s\u00f5nul v\u00f5itleb ta v\u00e4rvide ja lugudega elu halluse vastu. \u201cUue elu andjana meeldib mulle n\u00e4ha, kuidas erisugused klotsid hakkavad aina valjemalt oma lugu r\u00e4\u00e4kima. Eriti [&hellip;]<\/p>\n","protected":false},"author":3,"featured_media":164397,"comment_status":"open","ping_status":"open","sticky":false,"template":"","format":"standard","meta":{"_acf_changed":false,"footnotes":""},"categories":[202],"tags":[260],"class_list":["post-164395","post","type-post","status-publish","format-standard","has-post-thumbnail","hentry","category-uudis","tag-naitus"],"acf":[],"_links":{"self":[{"href":"https:\/\/visittartu.com\/et\/wp-json\/wp\/v2\/posts\/164395","targetHints":{"allow":["GET"]}}],"collection":[{"href":"https:\/\/visittartu.com\/et\/wp-json\/wp\/v2\/posts"}],"about":[{"href":"https:\/\/visittartu.com\/et\/wp-json\/wp\/v2\/types\/post"}],"author":[{"embeddable":true,"href":"https:\/\/visittartu.com\/et\/wp-json\/wp\/v2\/users\/3"}],"replies":[{"embeddable":true,"href":"https:\/\/visittartu.com\/et\/wp-json\/wp\/v2\/comments?post=164395"}],"version-history":[{"count":3,"href":"https:\/\/visittartu.com\/et\/wp-json\/wp\/v2\/posts\/164395\/revisions"}],"predecessor-version":[{"id":164405,"href":"https:\/\/visittartu.com\/et\/wp-json\/wp\/v2\/posts\/164395\/revisions\/164405"}],"wp:featuredmedia":[{"embeddable":true,"href":"https:\/\/visittartu.com\/et\/wp-json\/wp\/v2\/media\/164397"}],"wp:attachment":[{"href":"https:\/\/visittartu.com\/et\/wp-json\/wp\/v2\/media?parent=164395"}],"wp:term":[{"taxonomy":"category","embeddable":true,"href":"https:\/\/visittartu.com\/et\/wp-json\/wp\/v2\/categories?post=164395"},{"taxonomy":"post_tag","embeddable":true,"href":"https:\/\/visittartu.com\/et\/wp-json\/wp\/v2\/tags?post=164395"}],"curies":[{"name":"wp","href":"https:\/\/api.w.org\/{rel}","templated":true}]}}