 {"id":163269,"date":"2025-02-18T10:51:37","date_gmt":"2025-02-18T10:51:37","guid":{"rendered":"https:\/\/visittartu.com\/?p=163269"},"modified":"2025-02-18T10:51:37","modified_gmt":"2025-02-18T10:51:37","slug":"tartu-tahistab-eesti-vabariigi-107-aastapaeva","status":"publish","type":"post","link":"https:\/\/visittartu.com\/et\/tartu-tahistab-eesti-vabariigi-107-aastapaeva\/","title":{"rendered":"Tartu t\u00e4histab Eesti Vabariigi 107. aastap\u00e4eva"},"content":{"rendered":"<p><strong>Eesti Vabariigi aastap\u00e4eva t\u00e4histamine algab juba reedel, 21. veebruaril Tartu \u00fclikooli auhindade k\u00e4ttejagamise ja kontsertaktusega. 22. veebruaril toimub ERMis pidulik kontsertaktus, kus antakse \u00fcle Tartu aukodaniku ja Tartu T\u00e4he aunimetused. 24. veebruaril oodatakse tartlasi traditsioonilistele vabariigi aastap\u00e4eva \u00fcritustele kesklinnas ja Toomem\u00e4el.<\/strong><\/p>\n<p><strong>Reedel, 21. veebruaril kell 14<\/strong>\u00a0toimub Tartu \u00fclikooli aulas Eesti Vabariigi 107. aastap\u00e4eva kontsertaktus. Aktusel antakse \u00fcle Tartu \u00fclikooli 2024. aasta \u00fchiskonna-, teadus- ja keeleteo ning aasta \u00f5ppej\u00f5u auhinnad, Ernst Jaaksoni m\u00e4lestusfondi stipendium, Lennart Meri teadust\u00f6\u00f6 auhind ja magistrit\u00f6\u00f6 auhind ning Peeter Tulviste m\u00e4lestusfondi preemia. Lisaks peab poliitika- ja sotsiosemiootika professor Andreas Ventsel ettekande \u201cS\u00f5nade heidutav j\u00f5ud\u201d. Aktusel laulab Tartu Akadeemiline Meeskoor, kontsertosas esineb Vaiko Eplik. \u00dcritus on kutsetega, otse\u00fclekannet saab vaadata\u00a0<a href=\"https:\/\/tartupress.sendsmaily.net\/r?oid=30484&amp;mid=iluJ2N5rb&amp;lid=nzbcYb0p&amp;url=https%3A%2F%2Futtv.ee%2F&amp;s=64fbadec124c240fe6b96c37ba5fa1d09e181a8dff1b23c2ef04933ac93a958c\" target=\"_blank\" rel=\"noopener\">UTTV-s<\/a>.<\/p>\n<p><strong>Laup\u00e4eval, 22. veebruaril kell 18<\/strong>\u00a0toimub Eesti Rahva Muuseumis Tartu linna\u00a0kontsertaktus, kus antakse \u00fcle Tartu linna aukodaniku ja Tartu T\u00e4he aunimetused. Tartu aukodaniku tiitli v\u00f5tavad vastu statistik ja rahvastikuteadlane Ene-Margit Tiit, ajakirjandusloolane Krista Aru ning endine Tartu linnapea ja Eesti Vabariigi peaminister Andrus Ansip. Teenetem\u00e4rgi Tartu T\u00e4ht saavad folklorist Mare K\u00f5iva, etnoloog Reet Piiri ja n\u00e4itleja Aivar Tommingas. Aktuse kontsertkavas esineb ansambel Lonitseera. \u00dcritus on kutsetega. Tseremooniat saab otse\u00fclekande vahendusel j\u00e4lgida Tartu linna kodulehel, Facebookis v\u00f5i Tartu Postimehe veebilehel.<\/p>\n<p>Tartu turg ootab reedest p\u00fchap\u00e4evani k\u00f5iki turuhoonesse ja -halli, et tutvustada uusi ning juba armsaks saanud Eesti maitseid.<\/p>\n<p><strong>24. veebruaril linnas<\/strong><\/p>\n<p><strong>Kell 7.30<\/strong>\u00a0toimub Rahinge K\u00fclakatla juures Eesti Vabariigi aastap\u00e4evale p\u00fchendatud lipuheiskamise tseremoonia.<br \/>\n<strong>Kell 8.15<\/strong>\u00a0alustatakse p\u00e4rgade viimisega\u00a0Vabaduss\u00f5jas langenute m\u00e4lestusm\u00e4rkidele Pauluse ja Raadi kalmistul.<br \/>\n<strong>Kell 9.15<\/strong>\u00a0algab Tartu vabadussamba Kalevipoeg juures pidulik rivistus. \u00dcritusel osalevad Tartu linna, Kaitseliidu Tartu maleva, Naiskodukaitse, Kodut\u00fctarde, Noorte Kotkaste, 2. jalav\u00e4ebrigaadi, Kaitsev\u00e4e Akadeemia, Politsei- ja Piirivalveameti, P\u00e4\u00e4steameti, Vanglateenistuse ja akadeemiliste organisatsioonide esindused.<br \/>\n<strong>Kell 10.00<\/strong>\u00a0toimub Tartu t\u00e4hetorni juures Eesti lipu austamise tseremoonia.<br \/>\nK\u00f5nelevad\u00a0Tartu linnapea Urmas Klaas, Tartu Omavalitsuste Liidu juhatuse esimees Jarno Laur, Tartu praost Kristjan Luhamets ja Eesti \u00dcli\u00f5pilaste Seltsi abiesimees Sander Kallip. Laulavad Tartu Akadeemiline Meeskoor, Eesti Maa\u00fclikooli meeskoor Gaudeamus, Tartu meeskoor Akadeemiline Emaj\u00f5gi, Haaslava meeskoor ja Eesti Metsat\u00f6\u00f6tajate Meeskoor Forestalia ning muusikat m\u00e4ngib Puhkpilliorkester Tartu.<br \/>\nP\u00e4rast tseremooniat on Tartu t\u00e4hetorn huvilistele avatud kuni kella 13ni sooduspiletiga 3\u20ac. Muuseumikaardi omanikele ja kuni 8-aastastele (k.a.) on\u00a0sissep\u00e4\u00e4s tasuta.<br \/>\n<strong>Kell 11.00<\/strong>\u00a0algab raekoja platsil\u00a0Kaitseliidu Tartu maleva pidulik rivistus ja kaitseliitlaste ergutamine.\u00a0K\u00f5igile huvilistele on avatud Kaitseliidu tehnika- ja relvan\u00e4itus ja tutvuda saab ka Politsei- ja Piirivalveameti, P\u00e4\u00e4steameti ning Vanglateenistuse tehnika ja t\u00f6\u00f6ga.<br \/>\n<strong>Kell 12-13<\/strong>\u00a0kutsub folklooriklubi Maatasa uisurahvapeole raekoja platsi uisuv\u00e4ljakul. Pidup\u00e4eval k\u00f5lavad uisuv\u00e4ljakul vaid Eesti hitid.<\/p>\n<p><strong>24. veebruaril ERMis\u00a0<\/strong><\/p>\n<p>Muuseum on avatud tavap\u00e4raselt kell 10-18. Eesti p\u00fcsin\u00e4itusele \u201cKohtumised\u201d p\u00e4\u00e4seb pidup\u00e4eva puhul tasuta.<br \/>\n<strong>Kell 12 ja 13<\/strong>\u00a0toimuvad tuurid p\u00fcsin\u00e4itusele \u201cKohtumised\u201d. Tuuridel osalemine on tasuta, vajalik on ka eelnev registreerimine.<br \/>\n<strong>Kell 12-15<\/strong>\u00a0oodatakse lapsi lipum\u00e4ngule p\u00fcsin\u00e4itusel \u201cKohtumised\u201d.<br \/>\n<strong>Kell 14<\/strong>\u00a0algab Eesti Vabariigi 107. aastap\u00e4evale p\u00fchendatud tasuta kontsert silla-alal.\u00a0Lavale astuvad ansambel KRUUV, Rahvusooper Estonia poistekoori noormeeste kvintett ja Riivo J\u00f5gi, E STuudio t\u00fctarlastekoor ning E STuudio kammerkoor.<br \/>\n<strong>Kell 15.30<\/strong>\u00a0toimub tuur kuraator Karin Leivategijaga n\u00e4itusel \u201cKellele kuulub \u00f6\u00f6?\u201d. Tuuril osalemine n\u00e4itusepileti v\u00f5i muuseumikaardiga, vajalik on ka eelnev registreerimine.<\/p>\n<p><strong>26. veebruaril Pauluse kirikus<\/strong><\/p>\n<p><strong>26. veebruaril kell 13<\/strong>\u00a0oodatakse vanemaealisi tartlasi Pauluse kirikusse Eesti Vabariigi 107. aastap\u00e4eva kontsertaktusele. Muusikalist elamust pakuvad J\u00fcri Lumiste ja Liisi Koiksoni trio. \u00dcritus on tasuta.<\/p>\n","protected":false},"excerpt":{"rendered":"<p>Eesti Vabariigi aastap\u00e4eva t\u00e4histamine algab juba reedel, 21. veebruaril Tartu \u00fclikooli auhindade k\u00e4ttejagamise ja kontsertaktusega. 22. veebruaril toimub ERMis pidulik kontsertaktus, kus antakse \u00fcle Tartu aukodaniku ja Tartu T\u00e4he aunimetused. 24. veebruaril oodatakse tartlasi traditsioonilistele vabariigi aastap\u00e4eva \u00fcritustele kesklinnas ja Toomem\u00e4el. Reedel, 21. veebruaril kell 14\u00a0toimub Tartu \u00fclikooli aulas Eesti Vabariigi 107. aastap\u00e4eva kontsertaktus. Aktusel [&hellip;]<\/p>\n","protected":false},"author":9,"featured_media":163270,"comment_status":"open","ping_status":"open","sticky":false,"template":"","format":"standard","meta":{"_acf_changed":false,"footnotes":""},"categories":[202],"tags":[213,277],"class_list":["post-163269","post","type-post","status-publish","format-standard","has-post-thumbnail","hentry","category-uudis","tag-sundmused","tag-tartu-linn"],"acf":[],"_links":{"self":[{"href":"https:\/\/visittartu.com\/et\/wp-json\/wp\/v2\/posts\/163269","targetHints":{"allow":["GET"]}}],"collection":[{"href":"https:\/\/visittartu.com\/et\/wp-json\/wp\/v2\/posts"}],"about":[{"href":"https:\/\/visittartu.com\/et\/wp-json\/wp\/v2\/types\/post"}],"author":[{"embeddable":true,"href":"https:\/\/visittartu.com\/et\/wp-json\/wp\/v2\/users\/9"}],"replies":[{"embeddable":true,"href":"https:\/\/visittartu.com\/et\/wp-json\/wp\/v2\/comments?post=163269"}],"version-history":[{"count":1,"href":"https:\/\/visittartu.com\/et\/wp-json\/wp\/v2\/posts\/163269\/revisions"}],"predecessor-version":[{"id":163274,"href":"https:\/\/visittartu.com\/et\/wp-json\/wp\/v2\/posts\/163269\/revisions\/163274"}],"wp:featuredmedia":[{"embeddable":true,"href":"https:\/\/visittartu.com\/et\/wp-json\/wp\/v2\/media\/163270"}],"wp:attachment":[{"href":"https:\/\/visittartu.com\/et\/wp-json\/wp\/v2\/media?parent=163269"}],"wp:term":[{"taxonomy":"category","embeddable":true,"href":"https:\/\/visittartu.com\/et\/wp-json\/wp\/v2\/categories?post=163269"},{"taxonomy":"post_tag","embeddable":true,"href":"https:\/\/visittartu.com\/et\/wp-json\/wp\/v2\/tags?post=163269"}],"curies":[{"name":"wp","href":"https:\/\/api.w.org\/{rel}","templated":true}]}}