 {"id":162926,"date":"2025-02-14T13:04:37","date_gmt":"2025-02-14T13:04:37","guid":{"rendered":"https:\/\/visittartu.com\/?p=162926"},"modified":"2025-02-14T13:04:37","modified_gmt":"2025-02-14T13:04:37","slug":"puhapaevane-raekoja-kellamang-tahistab-leedu-iseseisvuspaeva","status":"publish","type":"post","link":"https:\/\/visittartu.com\/et\/puhapaevane-raekoja-kellamang-tahistab-leedu-iseseisvuspaeva\/","title":{"rendered":"P\u00fchap\u00e4evane raekoja kellam\u00e4ng t\u00e4histab Leedu iseseisvusp\u00e4eva"},"content":{"rendered":"<p style=\"line-height: 16.5pt;\"><strong><span style=\"font-size: 10.5pt; color: #333333;\">16. veebruaril,\u00a0Leedu Vabariigi iseseisvusp\u00e4eval k\u00f5lab\u00a0Tartu raekoja kelladel\u00a0tuntud Leedu pala &#8220;Kur giria \u017ealiuoja&#8221;.<\/span><\/strong><\/p>\n<p style=\"line-height: 16.5pt;\"><span style=\"font-size: 10.5pt; color: #333333;\">Uus seade Juozas Gudavi\u010diuse loodud laulust Kur giria \u017ealiuoja&#8221; (&#8220;Seal, kus kasvavad rohelised metsad&#8221;) k\u00f5lab Tartu s\u00fcdalinnas kahel korral \u2013 kell 12.00 ja 18.00.<\/span><\/p>\n<p style=\"line-height: 16.5pt;\"><span style=\"font-size: 10.5pt; color: #333333;\">Leedu kuulutas end vabariigiks 16. veebruaril 1918, mil avaldati iseseisvusdeklaratsioon p\u00e4rast pikka Vene impeeriumi v\u00f5imu all olemist. Kuigi deklaratsiooni originaali peeti kadunuks, leiti see ligi sajand hiljem Saksamaa arhiividest.<\/span><\/p>\n<p style=\"line-height: 16.5pt;\"><em><span style=\"font-size: 10.5pt; color: #333333;\">\u00a0<\/span><span style=\"font-size: 10.5pt; color: #333333;\">Lisainfo: Merle Kollom, tel 5216996<\/span><\/em><\/p>\n","protected":false},"excerpt":{"rendered":"<p>16. veebruaril,\u00a0Leedu Vabariigi iseseisvusp\u00e4eval k\u00f5lab\u00a0Tartu raekoja kelladel\u00a0tuntud Leedu pala &#8220;Kur giria \u017ealiuoja&#8221;. Uus seade Juozas Gudavi\u010diuse loodud laulust Kur giria \u017ealiuoja&#8221; (&#8220;Seal, kus kasvavad rohelised metsad&#8221;) k\u00f5lab Tartu s\u00fcdalinnas kahel korral \u2013 kell 12.00 ja 18.00. Leedu kuulutas end vabariigiks 16. veebruaril 1918, mil avaldati iseseisvusdeklaratsioon p\u00e4rast pikka Vene impeeriumi v\u00f5imu all olemist. Kuigi deklaratsiooni [&hellip;]<\/p>\n","protected":false},"author":9,"featured_media":162927,"comment_status":"open","ping_status":"open","sticky":false,"template":"","format":"standard","meta":{"_acf_changed":false,"footnotes":""},"categories":[202],"tags":[213],"class_list":["post-162926","post","type-post","status-publish","format-standard","has-post-thumbnail","hentry","category-uudis","tag-sundmused"],"acf":[],"_links":{"self":[{"href":"https:\/\/visittartu.com\/et\/wp-json\/wp\/v2\/posts\/162926","targetHints":{"allow":["GET"]}}],"collection":[{"href":"https:\/\/visittartu.com\/et\/wp-json\/wp\/v2\/posts"}],"about":[{"href":"https:\/\/visittartu.com\/et\/wp-json\/wp\/v2\/types\/post"}],"author":[{"embeddable":true,"href":"https:\/\/visittartu.com\/et\/wp-json\/wp\/v2\/users\/9"}],"replies":[{"embeddable":true,"href":"https:\/\/visittartu.com\/et\/wp-json\/wp\/v2\/comments?post=162926"}],"version-history":[{"count":1,"href":"https:\/\/visittartu.com\/et\/wp-json\/wp\/v2\/posts\/162926\/revisions"}],"predecessor-version":[{"id":162931,"href":"https:\/\/visittartu.com\/et\/wp-json\/wp\/v2\/posts\/162926\/revisions\/162931"}],"wp:featuredmedia":[{"embeddable":true,"href":"https:\/\/visittartu.com\/et\/wp-json\/wp\/v2\/media\/162927"}],"wp:attachment":[{"href":"https:\/\/visittartu.com\/et\/wp-json\/wp\/v2\/media?parent=162926"}],"wp:term":[{"taxonomy":"category","embeddable":true,"href":"https:\/\/visittartu.com\/et\/wp-json\/wp\/v2\/categories?post=162926"},{"taxonomy":"post_tag","embeddable":true,"href":"https:\/\/visittartu.com\/et\/wp-json\/wp\/v2\/tags?post=162926"}],"curies":[{"name":"wp","href":"https:\/\/api.w.org\/{rel}","templated":true}]}}