 {"id":162076,"date":"2025-02-07T09:56:57","date_gmt":"2025-02-07T09:56:57","guid":{"rendered":"https:\/\/visittartu.com\/?p=162076"},"modified":"2026-01-26T12:25:19","modified_gmt":"2026-01-26T12:25:19","slug":"tartu-tanas-konverentsikorraldajaid-2","status":"publish","type":"post","link":"https:\/\/visittartu.com\/et\/tartu-tanas-konverentsikorraldajaid-2\/","title":{"rendered":"Tartu t\u00e4nas konverentsikorraldajaid"},"content":{"rendered":"<p><strong>Neljap\u00e4eval, 6. veebruaril toimus Eesti Rahva Muuseumis pidulik t\u00e4nu\u00fcritus, kus tunnustati 2024. aasta silmapaistvaid konverentsikorraldajaid ja anti \u00fcle tunnistused Tartu uutele konverentsisaadikutele.\u00a0<\/strong><\/p>\n<p>&#8220;Tartu j\u00e4tkab eduka konverentsisihtkohana, meelitades siia mainekaid rahvusvahelisi s\u00fcndmusi, tunnustatud teadlasi, m\u00f5jukaid ettev\u00f5tjaid ning loovaid m\u00f5tlejaid. Kultuuripealinna aasta t\u00f5estas, et Tartu on v\u00f5imeline korraldama \u00fcha rohkem rahvusvahelisi konverentse. Mullu kasvas nende arv tervelt kolmandiku v\u00f5rra. See areng loob tugeva vundamendi tulevikuks, aidates kasvatada Tartu rolli teadmiste ja innovatsiooni keskusena,&#8221;\u00a0\u00fctles linnapea Urmas Klaas.<\/p>\n<p>Tartus toimus m\u00f6\u00f6dunud aastal 60 suuremat rahvusvahelist eriala- ja teaduskonverentsi, lisaks palju v\u00e4iksemaid kohtumisi ja koosolekuid. K\u00f5ige rohkem rahvusvahelisi konverentse t\u00f5i linna Tartu \u00dclikool, enim osalejaid meelitas kohale \u00e4rifestival sTARTUp Day.<\/p>\n<p>Tartu konverentsisaadikute t\u00e4nus\u00fcndmus toimus t\u00e4navu juba 12. korda. T\u00e4nu\u00f5htust on saanud tore traditsioon, et vaadata tagasi m\u00f6\u00f6dunud aastale konverentside vaatevinklist ning tunnustada erinevate valdkondade silmapaistvaid s\u00fcndmusi ja t\u00e4nada nende korraldajaid.<\/p>\n<p>Eesti Konverentsib\u00fcroo Aasta Konverentsitegu 2024 auhinna Tartus p\u00e4lvis \u00d6koloogilise Taastamise \u00dchingu Euroopa konverents (SERE2024), mis t\u00f5i Tartusse augusti l\u00f5pul 673 delegaati 47 riigist ning t\u00f5usis teiste seas esile \u00fcrituse pikkuse, suure v\u00e4lisosalejate ja esindatud riikide arvu, mitmekesise programmi ning uudsete korralduslahenduste poolest.<\/p>\n<p>Eesti Konverentsib\u00fcroo tegevjuhi Kadri Karu s\u00f5nul paistab Tartu silma just teadus- ja erialakonverentside toimumiskohana, mis aitab Tartut tutvustada paljude erialade tippkeskusena ning tugevdada siinsete teadlaste ja spetsialistide rahvusvahelisi koost\u00f6\u00f6v\u00f5imalusi. &#8220;Loodame, et Tartu tublide konverentsikorraldajatee eeskuju ja pealehakkamine on innustuseks paljudele teistele,&#8221;\u00a0\u00fctles Karu.<\/p>\n<p>T\u00e4nu\u00fcritusel tunnustati veel 15 rahvusvahelist Tartus 2024. aastal\u00a0toimunud konverentsi:<\/p>\n<ul>\n<li>The 8th Baltic Electrochemistry Conference: Finding New Inspiration 2 (BEChem 2024), korraldaja Tartu \u00dclikool<\/li>\n<li>Ariel Consortium Meeting, korraldajad Tartu \u00dclikool, Tartu Observatoorium<\/li>\n<li>Annual Conference of the Science Fiction Research Association &#8220;Transitions&#8221;,\u00a0korraldaja Tartu \u00dclikool<\/li>\n<li>The 17th Baltic Conference on Food Science and Technology FOODBALT 2024, korraldaja Eesti Maa\u00fclikool<\/li>\n<li>The 10th E-Governance Conference, korraldaja E-riigi Akadeemia<\/li>\n<li>TEH 97 Conference Arts of Survival, korraldaja Trans Europe Halles Network<\/li>\n<li>FOSS4G Europe 2024 Conference, korraldaja Tartu \u00dclikool<\/li>\n<li>International Conference of Innovative Technologies and Learning (ICITL 2024), korraldaja Tartu \u00dclikool, ATEEM<\/li>\n<li>The 14th European Conference on Ecological Restoration, korraldaja SER Europe<\/li>\n<li>The 10th BBBB conference on Pharmaceutical Sciences, korraldaja Eesti Akadeemiline Farmaatsia Selts<\/li>\n<li>Arts of Survival in Borderless Business, korraldaja JCI Estonia<\/li>\n<li>LCR 2024 &#8211; Learner Corpus Research Conference, korraldaja Tartu \u00dclikool<\/li>\n<li>FM&amp;NT-NIBS 2024, korraldajad Eesti F\u00fc\u00fcsika Selts ja Tartu \u00dclikool<\/li>\n<li>ENLIGHT Teaching &amp; Learning Conference 2024, korraldaja Tartu \u00dclikool<\/li>\n<li>ICOM ICEE Annual Conference 2024 &#8220;Momentum: Exhibitions and Memory&#8221;, korraldaja ICOM Estonia<\/li>\n<\/ul>\n<p>Lisaks leidsid erilist \u00e4ram\u00e4rkimist iga-aastased Tartus aset leidvad lipulaeva konverentsid: sTARTUp Day (sTARTUp Day), Annual Conference on Russia (Balti Kaitsekolled\u017e), International Conference Biosystems Engineering (Eesti Maa\u00fclikool), Mobile Tartu Conference (T\u00dc Liikumislabor), Annual Tartu Conference on East European and Eurasian Studies (T\u00dc Johan Skytte poliitikauuringute instituut), International Gene Forum (T\u00dc genoomika instituut, Eesti Geenikeskus), Annual Baltic Military History Conference (Balti Kaitsekolled\u017e).<\/p>\n<p>Olulist rolli s\u00fcndmuste toomisel Tartusse m\u00e4ngivad Tartu konverentsisaadikud \u2013 rahvusvahelistesse v\u00f5rgustikesse kuuluvad inimesed, kes toovad oma valdkonna s\u00fcndmusi Tartusse, panustades nii Tartu kui konverentsisihtkoha arengusse.<\/p>\n<p>T\u00e4nu\u00fcritusel anti \u00fcle neli uut Tartu konverentsisaadiku tiitlit, mille p\u00e4lvisid:<\/p>\n<ul>\n<li>Moonika Teppo \u2013 Tartu \u00dclikool<\/li>\n<li>Meelis K\u00e4\u00e4rik \u2013 Tartu \u00dclikool<\/li>\n<li>Aveliina Helm \u2013 Tartu \u00dclikool<\/li>\n<li>Timo Kikas \u2013 Eesti Maa\u00fclikool<\/li>\n<\/ul>\n<p>Tartus on t\u00e4naseks kokku 141 tunnustatud konverentsisaadikut. Tutvu saadikuprogrammiga\u00a0<a href=\"https:\/\/visittartu.com\/et\/konverentsilinn-tartu\/\" target=\"_blank\" rel=\"noopener\">SIIN<\/a>.<\/p>\n<p><em>Lisainfo: Merje Laimets, Visit Tartu \u00e4ri- ja konverentsiturismi spetsialist, \u00a05564 9706, merje.laimets@visittartu.com<\/em><\/p>\n","protected":false},"excerpt":{"rendered":"<p>Neljap\u00e4eval, 6. veebruaril toimus Eesti Rahva Muuseumis pidulik t\u00e4nu\u00fcritus, kus tunnustati 2024. aasta silmapaistvaid konverentsikorraldajaid ja anti \u00fcle tunnistused Tartu uutele konverentsisaadikutele.\u00a0 &#8220;Tartu j\u00e4tkab eduka konverentsisihtkohana, meelitades siia mainekaid rahvusvahelisi s\u00fcndmusi, tunnustatud teadlasi, m\u00f5jukaid ettev\u00f5tjaid ning loovaid m\u00f5tlejaid. Kultuuripealinna aasta t\u00f5estas, et Tartu on v\u00f5imeline korraldama \u00fcha rohkem rahvusvahelisi konverentse. Mullu kasvas nende arv tervelt [&hellip;]<\/p>\n","protected":false},"author":9,"featured_media":162077,"comment_status":"closed","ping_status":"closed","sticky":false,"template":"","format":"standard","meta":{"_acf_changed":false,"footnotes":""},"categories":[202],"tags":[251,1012,1581,277],"class_list":["post-162076","post","type-post","status-publish","format-standard","has-post-thumbnail","hentry","category-uudis","tag-konverents","tag-konverentsisaadikud","tag-professionaal","tag-tartu-linn"],"acf":[],"_links":{"self":[{"href":"https:\/\/visittartu.com\/et\/wp-json\/wp\/v2\/posts\/162076","targetHints":{"allow":["GET"]}}],"collection":[{"href":"https:\/\/visittartu.com\/et\/wp-json\/wp\/v2\/posts"}],"about":[{"href":"https:\/\/visittartu.com\/et\/wp-json\/wp\/v2\/types\/post"}],"author":[{"embeddable":true,"href":"https:\/\/visittartu.com\/et\/wp-json\/wp\/v2\/users\/9"}],"replies":[{"embeddable":true,"href":"https:\/\/visittartu.com\/et\/wp-json\/wp\/v2\/comments?post=162076"}],"version-history":[{"count":2,"href":"https:\/\/visittartu.com\/et\/wp-json\/wp\/v2\/posts\/162076\/revisions"}],"predecessor-version":[{"id":162489,"href":"https:\/\/visittartu.com\/et\/wp-json\/wp\/v2\/posts\/162076\/revisions\/162489"}],"wp:featuredmedia":[{"embeddable":true,"href":"https:\/\/visittartu.com\/et\/wp-json\/wp\/v2\/media\/162077"}],"wp:attachment":[{"href":"https:\/\/visittartu.com\/et\/wp-json\/wp\/v2\/media?parent=162076"}],"wp:term":[{"taxonomy":"category","embeddable":true,"href":"https:\/\/visittartu.com\/et\/wp-json\/wp\/v2\/categories?post=162076"},{"taxonomy":"post_tag","embeddable":true,"href":"https:\/\/visittartu.com\/et\/wp-json\/wp\/v2\/tags?post=162076"}],"curies":[{"name":"wp","href":"https:\/\/api.w.org\/{rel}","templated":true}]}}