 {"id":159742,"date":"2025-01-08T10:06:35","date_gmt":"2025-01-08T10:06:35","guid":{"rendered":"https:\/\/visittartu.com\/?p=159742"},"modified":"2025-01-08T10:07:06","modified_gmt":"2025-01-08T10:07:06","slug":"2025-aasta-esimene-tartu-kunstinadal-on-kohal","status":"publish","type":"post","link":"https:\/\/visittartu.com\/et\/2025-aasta-esimene-tartu-kunstinadal-on-kohal\/","title":{"rendered":"2025. aasta esimene Tartu Kunstin\u00e4dal on kohal"},"content":{"rendered":"<p><strong>2025. aasta esimene Tartu Kunstin\u00e4dal on kohal!<\/strong><\/p>\n<p>K\u00f5iki Tartu kunstiasutusi \u00fchendav \u00fcritustesari Tartu Kunstin\u00e4dal alustab oma teist hooaega. Sel aastal on igal kuul fookuses erinev Tartu kunstiasutus, kes tutvustab oma asutuse tagatubasid, t\u00f6\u00f6tajaid ning ajalugu.<br \/>\n2025. aasta esimene Tartu Kunstin\u00e4dal toimub 6.\u201312. jaanuaril ning esimesena on fookuses <a href=\"https:\/\/kunstimaja.ee\/\" target=\"_blank\" rel=\"noopener\">Tartu Kunstimaja<\/a>. Tartu Kunstimaja on Vanemuise ja Akadeemia t\u00e4nava nurgal aadressil Vanemuise 26 asuv hoone, milles paiknevad Tartu Kunstnike Liit, n\u00e4ituseruumid ning kunstitarbeid m\u00fc\u00fcv salong. N\u00e4itused toimuvad majas juba alates 1959. aastast.<br \/>\nTartu Kunstimajas on hetkel avatud <a href=\"https:\/\/www.facebook.com\/events\/1307640617324208\/1307640683990868\/?acontext=%7B%22event_action_history%22%3A[%7B%22mechanism%22%3A%22attachment%22%2C%22surface%22%3A%22newsfeed%22%7D]%2C%22ref_notif_type%22%3Anull%7D\" target=\"_blank\" rel=\"noopener\">Tartu kunsti aastan\u00e4itus<\/a>, mis on iga aasta oodatuim ja k\u00fclastajaterohkeim n\u00e4itus. Lisaks Kunstimaja n\u00e4itusele ja seal toimuvatele \u00fcritustele, on v\u00f5imalik osa v\u00f5tta ka n\u00e4iteks Jakobi Galerii ja Galerii Pallas n\u00e4ituste avamistest, Tartu Kunstimuuseumi n\u00e4itusetuurist ning k\u00fclastada arvukalt n\u00e4ituseid teistes kunstigaleriides.<br \/>\nN\u00e4dala jooksul ilmub Tartu Kunstimaja ja <a href=\"https:\/\/www.facebook.com\/tartuartweek\/\" target=\"_blank\" rel=\"noopener\">Tartu Kunstin\u00e4dala<\/a> sotsiaalmeedia kanalites erinevat sisuloomet, mille eesm\u00e4rgiks on vaatajale tutvustada, millega Tartu Kunstimaja tegeleb ning mis lisaks n\u00e4itustele veel majas igap\u00e4evaselt toimub.<br \/>\nTartu Kunstin\u00e4dal toimub iga kuu teisel n\u00e4dalal. K\u00f5ik kunstin\u00e4dala \u00fcritused on tasuta v\u00f5i muuseumipiletiga. Kunstin\u00e4dalaga k\u00e4ib kaasas uus Tartu kunstikaart, mis on saadaval igas Tartu kunstiasutuses.<br \/>\nT\u00e4psem programm on leitav <a href=\"https:\/\/www.facebook.com\/events\/553603284341090\/?acontext=%7B%22ref%22%3A%2252%22%2C%22action_history%22%3A%22%5B%7B%5C%22surface%5C%22%3A%5C%22share_link%5C%22%2C%5C%22mechanism%5C%22%3A%5C%22share_link%5C%22%2C%5C%22extra_data%5C%22%3A%7B%5C%22invite_link_id%5C%22%3A1843162906455900%7D%7D%5D%22%7D\" target=\"_blank\" rel=\"noopener\">siit<\/a>.<\/p>\n<p><em>Lisainfo: <\/em><em>Stella M\u00f5ttus, <\/em><em>+372 55999609, <\/em><em>tartuartweek@gmail.com<\/em><\/p>\n","protected":false},"excerpt":{"rendered":"<p>2025. aasta esimene Tartu Kunstin\u00e4dal on kohal! K\u00f5iki Tartu kunstiasutusi \u00fchendav \u00fcritustesari Tartu Kunstin\u00e4dal alustab oma teist hooaega. Sel aastal on igal kuul fookuses erinev Tartu kunstiasutus, kes tutvustab oma asutuse tagatubasid, t\u00f6\u00f6tajaid ning ajalugu. 2025. aasta esimene Tartu Kunstin\u00e4dal toimub 6.\u201312. jaanuaril ning esimesena on fookuses Tartu Kunstimaja. Tartu Kunstimaja on Vanemuise ja Akadeemia [&hellip;]<\/p>\n","protected":false},"author":22,"featured_media":154024,"comment_status":"open","ping_status":"open","sticky":false,"template":"","format":"standard","meta":{"_acf_changed":false,"footnotes":""},"categories":[202],"tags":[260],"class_list":["post-159742","post","type-post","status-publish","format-standard","has-post-thumbnail","hentry","category-uudis","tag-naitus"],"acf":[],"_links":{"self":[{"href":"https:\/\/visittartu.com\/et\/wp-json\/wp\/v2\/posts\/159742","targetHints":{"allow":["GET"]}}],"collection":[{"href":"https:\/\/visittartu.com\/et\/wp-json\/wp\/v2\/posts"}],"about":[{"href":"https:\/\/visittartu.com\/et\/wp-json\/wp\/v2\/types\/post"}],"author":[{"embeddable":true,"href":"https:\/\/visittartu.com\/et\/wp-json\/wp\/v2\/users\/22"}],"replies":[{"embeddable":true,"href":"https:\/\/visittartu.com\/et\/wp-json\/wp\/v2\/comments?post=159742"}],"version-history":[{"count":4,"href":"https:\/\/visittartu.com\/et\/wp-json\/wp\/v2\/posts\/159742\/revisions"}],"predecessor-version":[{"id":159820,"href":"https:\/\/visittartu.com\/et\/wp-json\/wp\/v2\/posts\/159742\/revisions\/159820"}],"wp:featuredmedia":[{"embeddable":true,"href":"https:\/\/visittartu.com\/et\/wp-json\/wp\/v2\/media\/154024"}],"wp:attachment":[{"href":"https:\/\/visittartu.com\/et\/wp-json\/wp\/v2\/media?parent=159742"}],"wp:term":[{"taxonomy":"category","embeddable":true,"href":"https:\/\/visittartu.com\/et\/wp-json\/wp\/v2\/categories?post=159742"},{"taxonomy":"post_tag","embeddable":true,"href":"https:\/\/visittartu.com\/et\/wp-json\/wp\/v2\/tags?post=159742"}],"curies":[{"name":"wp","href":"https:\/\/api.w.org\/{rel}","templated":true}]}}