 {"id":159299,"date":"2024-12-17T11:12:37","date_gmt":"2024-12-17T11:12:37","guid":{"rendered":"https:\/\/visittartu.com\/?p=159299"},"modified":"2025-03-03T09:21:16","modified_gmt":"2025-03-03T09:21:16","slug":"puhade-eel-kuuleb-joululinnas-kontserte-ja-toimuvad-jouluvanade-talimangud","status":"publish","type":"post","link":"https:\/\/visittartu.com\/et\/puhade-eel-kuuleb-joululinnas-kontserte-ja-toimuvad-jouluvanade-talimangud\/","title":{"rendered":"P\u00fchade eel kuuleb j\u00f5ululinnas kontserte ja toimuvad j\u00f5uluvanade talim\u00e4ngud"},"content":{"rendered":"<p><strong>Detsembri kolmas n\u00e4dal toob Tartu\u00a0j\u00f5ululinna rohkelt muusikaelamusi, sest lavale astuvad Sebastian Jasinski ja Voldemar Kuslap. Neljanda advendi eel toimuvad j\u00f5uluvanade talim\u00e4ngud, millele j\u00e4rgneb pidulik advendik\u00fc\u00fcnla s\u00fc\u00fctamine ja viimased valguslavastused.\u00a0<\/strong><\/p>\n<p>Homme, 18. detsembril kutsub Tartu Noorsoot\u00f6\u00f6 Keskus k\u00f5iki noori raeplatsile p\u00fchadeaega t\u00e4histama. Kell 17 tuleb k\u00fclla L\u00f5una-Eesti koertekeskus koos neljajalgsete s\u00f5pradega, r\u00e4\u00e4gitakse t\u00f5ukoerte aretamisest ja kasvatamisest. Kell 18 kuuleb lavapaviljonis Eesti otsib superstaari \u00fcheksanda hooaja osalise Sebastian Jasinski soolokontserti. Kell 18 toimub uisuv\u00e4ljakul tasuta uisutund.<\/p>\n<p>Neljap\u00e4eval, 19. detsembril kell 10 toimub hooaja viimane p\u00e4kapikukool koos Lottega. Poole tunni jooksul jagab Lotte vahvaid nippe ja koolitab j\u00f5ululaup\u00e4evaks v\u00e4lja t\u00f5elised p\u00e4kapikud. <u><a href=\"https:\/\/tartukorraldab.ee\/syndmused\/pakapikukool-koos-lottega-2\/\" data-auth=\"NotApplicable\" target=\"_blank\" rel=\"noopener\">Registreerumine<\/a><\/u>\u00a0kestab kuni kohti jagub.<\/p>\n<p>Samal \u00f5htul kell 18 saab j\u00f5ululinnast t\u00f5eline estraadiklubi, kus astub lavale legendaarne Voldemar Kuslap koos akordionisti Martin Trudnikoviga. Kontsert on k\u00f5igile tasuta ja kiirematele jagub ka istekohti.<\/p>\n<p>Laup\u00e4eval, 21. detsembril kell 10-12\u00a0jagavad\u00a0p\u00fchadetervitusi ja komme Tartu motoklubi S\u00f5ltumatud p\u00e4kapikud. Kell 16-18 tervitab lavapaviljonis lapsi j\u00f5uluvana.<\/p>\n<p>Neljanda advendi hommik algab kell 11 tasuta uisutunniga. K\u00fc\u00fcni t\u00e4naval tasub valmis olla kell 14.45, mil stardib j\u00f5uluvanade rongk\u00e4ik Tartu kaubamaja juurest raeplatsile. J\u00e4rgnevad armastatud j\u00f5uluvanade talim\u00e4ngud, mida saadab tants, trall ja loomulikult tuntud j\u00f5uluviisid.<\/p>\n<p>Kell 18 s\u00fc\u00fcdatakse j\u00f5ululinnas neljas advendik\u00fc\u00fcnal ning tartlasi tervitavad abilinnapea Raimond Tamm ja Tartu Peetri koguduse \u00f5petaja Ants Tooming. Tseremoonia algab valguslavastusega \u201cT\u00e4htede poole\u201d, kus segunevad astronoomia ehk t\u00e4heteaduse seisukohad eestlaste m\u00fctoloogiliste t\u00f5ekspidamistega t\u00e4htedest. J\u00f5uluajaks loodud vaatem\u00e4ngu korratakse ka kell 19 ja 20.<\/p>\n<p>J\u00f5ululinna kohvikud d\u00e4p, P\u00e4kapiku puhvet ja Humala j\u00f5ulukohvik on avatud E-N kell 16-21, R kell 16-22 ja L-P kell 10-22.<\/p>\n<p>Kogu j\u00f5uluaja programmi leiab kodulehelt <u><a href=\"https:\/\/tartukorraldab.ee\/\" data-auth=\"NotApplicable\" target=\"_blank\" rel=\"noopener\">tartukorraldab.ee<\/a><\/u><\/p>\n<p><em>Lisainfo: Ragnar Konson, Tartu j\u00f5ululinna produtsent, +372 5824 0301, <\/em><em><u><a href=\"mailto:ragnar.konson@tartu.ee\">ragnar.konson@tartu.ee<\/a><\/u><\/em><em> \u00a0 \u00a0\u00a0<\/em><\/p>\n","protected":false},"excerpt":{"rendered":"<p>Detsembri kolmas n\u00e4dal toob Tartu\u00a0j\u00f5ululinna rohkelt muusikaelamusi, sest lavale astuvad Sebastian Jasinski ja Voldemar Kuslap. Neljanda advendi eel toimuvad j\u00f5uluvanade talim\u00e4ngud, millele j\u00e4rgneb pidulik advendik\u00fc\u00fcnla s\u00fc\u00fctamine ja viimased valguslavastused.\u00a0 Homme, 18. detsembril kutsub Tartu Noorsoot\u00f6\u00f6 Keskus k\u00f5iki noori raeplatsile p\u00fchadeaega t\u00e4histama. Kell 17 tuleb k\u00fclla L\u00f5una-Eesti koertekeskus koos neljajalgsete s\u00f5pradega, r\u00e4\u00e4gitakse t\u00f5ukoerte aretamisest ja kasvatamisest. [&hellip;]<\/p>\n","protected":false},"author":9,"featured_media":159300,"comment_status":"open","ping_status":"open","sticky":false,"template":"","format":"standard","meta":{"_acf_changed":false,"footnotes":""},"categories":[202],"tags":[213],"class_list":["post-159299","post","type-post","status-publish","format-standard","has-post-thumbnail","hentry","category-uudis","tag-sundmused"],"acf":[],"_links":{"self":[{"href":"https:\/\/visittartu.com\/et\/wp-json\/wp\/v2\/posts\/159299","targetHints":{"allow":["GET"]}}],"collection":[{"href":"https:\/\/visittartu.com\/et\/wp-json\/wp\/v2\/posts"}],"about":[{"href":"https:\/\/visittartu.com\/et\/wp-json\/wp\/v2\/types\/post"}],"author":[{"embeddable":true,"href":"https:\/\/visittartu.com\/et\/wp-json\/wp\/v2\/users\/9"}],"replies":[{"embeddable":true,"href":"https:\/\/visittartu.com\/et\/wp-json\/wp\/v2\/comments?post=159299"}],"version-history":[{"count":1,"href":"https:\/\/visittartu.com\/et\/wp-json\/wp\/v2\/posts\/159299\/revisions"}],"predecessor-version":[{"id":159304,"href":"https:\/\/visittartu.com\/et\/wp-json\/wp\/v2\/posts\/159299\/revisions\/159304"}],"wp:featuredmedia":[{"embeddable":true,"href":"https:\/\/visittartu.com\/et\/wp-json\/wp\/v2\/media\/159300"}],"wp:attachment":[{"href":"https:\/\/visittartu.com\/et\/wp-json\/wp\/v2\/media?parent=159299"}],"wp:term":[{"taxonomy":"category","embeddable":true,"href":"https:\/\/visittartu.com\/et\/wp-json\/wp\/v2\/categories?post=159299"},{"taxonomy":"post_tag","embeddable":true,"href":"https:\/\/visittartu.com\/et\/wp-json\/wp\/v2\/tags?post=159299"}],"curies":[{"name":"wp","href":"https:\/\/api.w.org\/{rel}","templated":true}]}}